{"id":57074,"date":"2025-04-13T00:01:00","date_gmt":"2025-04-13T06:01:00","guid":{"rendered":"https:\/\/www.opinionpublica.tv\/portada\/?p=57074"},"modified":"2025-04-12T17:46:52","modified_gmt":"2025-04-12T23:46:52","slug":"onu-enviara-recomendaciones-a-mexico-sobre-migracion-sobre-violencia-a-refugiados","status":"publish","type":"post","link":"https:\/\/www.opinionpublica.tv\/portada\/onu-enviara-recomendaciones-a-mexico-sobre-migracion-sobre-violencia-a-refugiados\/","title":{"rendered":"ONU enviar\u00e1 recomendaci\u00f3n a M\u00e9xico sobre migraci\u00f3n por violencia contra refugiados"},"content":{"rendered":"\n<figure class=\"wp-block-image size-full\"><img fetchpriority=\"high\" decoding=\"async\" width=\"1100\" height=\"666\" src=\"https:\/\/www.opinionpublica.tv\/portada\/wp-content\/uploads\/2025\/04\/ONU-enviara-recomendacion-a-Mexico-sobre-migracion-por-violencia-contra-refugiados.avif\" alt=\"Onu enviara\u0301 recomendacio\u0301n a me\u0301xico sobre migracio\u0301n por violencia contra refugiados\" class=\"wp-image-57077\"\/><\/figure>\n\n\n\n<p class=\"wp-block-paragraph\">El Comit\u00e9 de Naciones Unidas sobre Trabajadores Migratorios evalu\u00f3 en Ginebra al Estado mexicano, donde mostr\u00f3 escasos avances en verdad, justicia y reparaci\u00f3n para familiares de migrantes v\u00edctimas de desapariciones y masacres.<\/p>\n\n\n\n<p class=\"wp-block-paragraph\">Solicit\u00f3 a M\u00e9xico informaci\u00f3n sobre las acciones realizadas para: investigar los delitos y las violaciones a derechos humanos contra migrantes, fortalecer la b\u00fasqueda de migrantes desaparecidos y para instalar la Mesa de b\u00fasqueda de migrantes pendiente desde hace tres a\u00f1os, pero no tuvo respuesta del Estado a dichos cuestionamientos.<\/p>\n\n\n\n<p class=\"wp-block-paragraph\">Adem\u00e1s, se destac\u00f3 la ausencia de la Fiscal\u00eda General de la Rep\u00fablica (FGR) y del Instituto Nacional de Migraci\u00f3n (INM), instituciones necesarias para atender las problem\u00e1ticas. As\u00ed, el pr\u00f3ximo martes 15 de abril, el Comit\u00e9 publicar\u00e1 su informe y recomendaciones para M\u00e9xico, de acuerdo con la Fundaci\u00f3n para la Justicia y el Estado Democr\u00e1tico de Derecho (FJEDD).<\/p>\n\n\n\n<p class=\"wp-block-paragraph\">Misma que, acompa\u00f1ada por otras organizaciones, enviaron informes al Comit\u00e9 respecto a desaparici\u00f3n, masacres y trata de migrantes, detenciones y expulsiones, revisiones migratorias inconstitucionales, militarizaci\u00f3n, discriminaci\u00f3n, racismo y xenofobia, regularizaci\u00f3n migratoria, derechos de ni\u00f1ez migrante y falta de acceso a derechos.<\/p>\n\n\n\n<p class=\"wp-block-paragraph\">Sobre la falta de verdad y justicia para los familiares de las v\u00edctimas de las masacres de 72 migrantes (2010), fosas clandestinas de San Fernando (2011) y Cadereyta (2012), la delegaci\u00f3n del Estado Mexicano s\u00f3lo mencion\u00f3 los largos juicios iniciados por las v\u00edctimas, sin informar resultados de las investigaciones de la FGR, ni avances en la identificaci\u00f3n y sanci\u00f3n de responsables.<\/p>\n\n\n\n<p class=\"wp-block-paragraph\">\u201cTampoco mencionaron que en relaci\u00f3n a la masacre de 72 migrantes y el caso de las fosas clandestinas de San Fernando, se han dictado dos sentencias contra 38 presuntos integrantes de los zetas, por delitos de delincuencia organizada o portaci\u00f3n de arma de fuego, m\u00e1s no por los secuestros, tortura y homicidios de los migrantes\u201d, se\u00f1al\u00f3 la FJEDD.<\/p>\n\n\n\n<p class=\"wp-block-paragraph\">El Estado mexicano reconoci\u00f3 el bajo \u00edndice de judicializaci\u00f3n de casos de delitos contra migrantes, y se\u00f1al\u00f3 que durante el per\u00edodo de 2019 a 2025 se emitieron 53 sentencias, 10 absolutorias y 43 condenatorias. Asimismo, refiri\u00f3 que del 2018 al 2023, tan solo se han obtenido 15 sentencias condenatorias por desaparici\u00f3n forzada, sin especificar que las v\u00edctimas fueran migrantes.<\/p>\n\n\n\n<p class=\"wp-block-paragraph\">El Comit\u00e9 destac\u00f3 su preocupaci\u00f3n por los efectos de la militarizaci\u00f3n del control migratorio y los casos donde personas migrantes han sido asesinadas a manos de fuerzas militares como la Guardia Nacional (GN). Pablo Ceriani, el Relator del Comit\u00e9 para M\u00e9xico, destac\u00f3 que el enfoque securitista afecta todos los \u00e1mbitos de derechos de los migrantes.<\/p>\n\n\n\n<p class=\"wp-block-paragraph\">Otros casos sobre los que fue cuestionado el Estado mexicano fueron: la masacre de 17 migrantes en Camargo, Tamaulipas (2021), el caso del cubano Cristobal Cobreiro, asesinado por la Guardia Nacional en Chiapas (2021), el caso de la migrante salvadore\u00f1a Victoria Salazar asesinada por polic\u00edas municipales en Quintana Roo (2021), y el caso del incendio de la estaci\u00f3n migratoria en Ciudad Ju\u00e1rez donde fallecieron 40 migrantes (2023).<\/p>\n\n\n\n<p class=\"wp-block-paragraph\">Casos que, asegur\u00f3 la ONG, permanecen en la impunidad, salvo el de la masacre de Camargo, en el cual se dict\u00f3 sentencia condenatoria en contra de 12 polic\u00edas estatales de Tamaulipas.<\/p>\n\n\n\n<p class=\"wp-block-paragraph\">\u201cEs enorme la deuda en la atenci\u00f3n b\u00e1sica a las familias de v\u00edctimas migrantes, con ausencia de pol\u00edticas de atenci\u00f3n diferenciada, con enfoques de g\u00e9nero, ni\u00f1ez, interseccionalidad y transnacionalidad\u201d, se\u00f1al\u00f3 la organizaci\u00f3n.<\/p>\n\n\n\n<p class=\"wp-block-paragraph\">Mientras que la discriminaci\u00f3n institucional sigue imperando cargando a las v\u00edctimas con responsabilidades que no les corresponden, y sin desarrollar coordinaciones bilaterales o regionales con los gobiernos de los pa\u00edses de origen, mencionaron.<\/p>\n\n\n\n<p class=\"wp-block-paragraph\">Tampoco se ha adoptado una pol\u00edtica p\u00fablica para evitar la repetici\u00f3n de graves violaciones a derechos humanos contra migrantes, a pesar de la situaci\u00f3n generalizada de extorsi\u00f3n, secuestro y trata de personas migrantes y la permanencia de situaciones de homicidio y desaparici\u00f3n de migrantes en M\u00e9xico, que calificaron como \u201cel mayor corredor migratorio del mundo\u201d. (El Universal)<\/p>\n","protected":false},"excerpt":{"rendered":"<p>El Comit\u00e9 de Naciones Unidas sobre Trabajadores Migratorios evalu\u00f3 en Ginebra al Estado mexicano, donde mostr\u00f3 escasos avances en verdad, justicia y reparaci\u00f3n para familiares de migrantes v\u00edctimas de desapariciones y masacres. Solicit\u00f3 a M\u00e9xico informaci\u00f3n sobre las acciones realizadas para: investigar los delitos y las violaciones a derechos humanos contra migrantes, fortalecer la b\u00fasqueda [&hellip;]<\/p>\n","protected":false},"author":6,"featured_media":57077,"comment_status":"closed","ping_status":"closed","sticky":false,"template":"","format":"standard","meta":{"_acf_changed":false,"_monsterinsights_skip_tracking":false,"slim_seo":{"title":"ONU enviar\u00e1 recomendaci\u00f3n a M\u00e9xico sobre migraci\u00f3n por violencia contra refugiados - Opini\u00f3n P\u00fablica","description":"El Comit\u00e9 de Naciones Unidas sobre Trabajadores Migratorios evalu\u00f3 en Ginebra al Estado mexicano, donde mostr\u00f3 escasos avances en verdad, justicia y reparaci\u00f3n"},"footnotes":""},"categories":[4],"tags":[],"class_list":["post-57074","post","type-post","status-publish","format-standard","has-post-thumbnail","hentry","category-pulsopolitico"],"acf":[],"_links":{"self":[{"href":"https:\/\/www.opinionpublica.tv\/portada\/wp-json\/wp\/v2\/posts\/57074","targetHints":{"allow":["GET"]}}],"collection":[{"href":"https:\/\/www.opinionpublica.tv\/portada\/wp-json\/wp\/v2\/posts"}],"about":[{"href":"https:\/\/www.opinionpublica.tv\/portada\/wp-json\/wp\/v2\/types\/post"}],"author":[{"embeddable":true,"href":"https:\/\/www.opinionpublica.tv\/portada\/wp-json\/wp\/v2\/users\/6"}],"replies":[{"embeddable":true,"href":"https:\/\/www.opinionpublica.tv\/portada\/wp-json\/wp\/v2\/comments?post=57074"}],"version-history":[{"count":3,"href":"https:\/\/www.opinionpublica.tv\/portada\/wp-json\/wp\/v2\/posts\/57074\/revisions"}],"predecessor-version":[{"id":57079,"href":"https:\/\/www.opinionpublica.tv\/portada\/wp-json\/wp\/v2\/posts\/57074\/revisions\/57079"}],"wp:featuredmedia":[{"embeddable":true,"href":"https:\/\/www.opinionpublica.tv\/portada\/wp-json\/wp\/v2\/media\/57077"}],"wp:attachment":[{"href":"https:\/\/www.opinionpublica.tv\/portada\/wp-json\/wp\/v2\/media?parent=57074"}],"wp:term":[{"taxonomy":"category","embeddable":true,"href":"https:\/\/www.opinionpublica.tv\/portada\/wp-json\/wp\/v2\/categories?post=57074"},{"taxonomy":"post_tag","embeddable":true,"href":"https:\/\/www.opinionpublica.tv\/portada\/wp-json\/wp\/v2\/tags?post=57074"}],"curies":[{"name":"wp","href":"https:\/\/api.w.org\/{rel}","templated":true}]}}