{"id":56976,"date":"2025-04-11T00:01:00","date_gmt":"2025-04-11T06:01:00","guid":{"rendered":"https:\/\/www.opinionpublica.tv\/portada\/?p=56976"},"modified":"2025-04-10T20:19:18","modified_gmt":"2025-04-11T02:19:18","slug":"abogados-en-campana","status":"publish","type":"post","link":"https:\/\/www.opinionpublica.tv\/portada\/abogados-en-campana\/","title":{"rendered":"Abogados en campa\u00f1a"},"content":{"rendered":"\n<h4 class=\"wp-block-heading\">Ra\u00fal Ruiz<\/h4>\n\n\n\n<p class=\"wp-block-paragraph\">___________________________<\/p>\n\n\n\n<p class=\"wp-block-paragraph\">Las extra\u00f1as elecciones para elegir jueces, ministros y magistrados&#8230; \u00bfQu\u00e9 dice la gente?<\/p>\n\n\n\n<p class=\"wp-block-paragraph\">Las opiniones est\u00e1n divididas. Algunos ven estas elecciones como un paso hacia una democracia m\u00e1s participativa, argumentando que permite a los ciudadanos tener voz en la selecci\u00f3n de quienes imparten justicia. Esta es la postura del Gobierno de M\u00e9xico.<\/p>\n\n\n\n<p class=\"wp-block-paragraph\">Un capricho presidencial muy forzado.<\/p>\n\n\n\n<p class=\"wp-block-paragraph\">Si bien es cierto que hac\u00eda falta darles una lecci\u00f3n a los jueces y ministros corruptos, la decisi\u00f3n fue muy apresurada&#8230; y el dise\u00f1o del proceso electoral, \u00a1m\u00e1s todav\u00eda!<\/p>\n\n\n\n<p class=\"wp-block-paragraph\">Otros, como yo, criticamos el proceso, se\u00f1alando que es confuso, mal organizado y que podr\u00eda abrir la puerta a influencias indebidas, como intereses pol\u00edticos o incluso criminales.<\/p>\n\n\n\n<p class=\"wp-block-paragraph\">Tambi\u00e9n hay quienes consideran que elegir jueces y magistrados por voto popular podr\u00eda comprometer la independencia del Poder Judicial.<\/p>\n\n\n\n<p class=\"wp-block-paragraph\">\u00bfT\u00fa qu\u00e9 opinas? \u00bfCrees que este modelo puede funcionar o es demasiado arriesgado?<\/p>\n\n\n\n<p class=\"wp-block-paragraph\">Yo pienso que ya no hay vuelta atr\u00e1s. El batidero est\u00e1 hecho y habr\u00e1 muchas inconformidades al final de la jornada.<\/p>\n\n\n\n<p class=\"wp-block-paragraph\">La gente no va a salir a votar. Es un vaticinio de este cachet\u00f3n. Si acaso un 10 a un 12 por ciento, \u00a1cuando mucho!<\/p>\n\n\n\n<p class=\"wp-block-paragraph\">Pocos saben c\u00f3mo ser\u00e1 el voto en las urnas, y el Instituto electoral no ha podido implementar una capacitaci\u00f3n ciudadana elemental que nos provoque acercarnos a emitir el voto, aunque sea por curiosidad.<\/p>\n\n\n\n<p class=\"wp-block-paragraph\">Sin embargo, nuestro deber ciudadano exige participaci\u00f3n.<\/p>\n\n\n\n<p class=\"wp-block-paragraph\">Aqu\u00ed hay algunas sugerencias.<\/p>\n\n\n\n<p class=\"wp-block-paragraph\">1. Fortalezcamos la vigilancia ciudadana.<\/p>\n\n\n\n<p class=\"wp-block-paragraph\">Antes de las votaciones, asegur\u00e9monos que los candidatos sean analizados p\u00fablicamente y fomentemos la discusi\u00f3n abierta sobre sus antecedentes.<\/p>\n\n\n\n<p class=\"wp-block-paragraph\">Y el d\u00eda D, organic\u00e9monos en grupos comunitarios a monitorear el proceso.<\/p>\n\n\n\n<p class=\"wp-block-paragraph\">2. Aprovechar las redes sociales:<\/p>\n\n\n\n<p class=\"wp-block-paragraph\">Informa a otros ciudadanos sobre los peligros y mant\u00e9n visibles los posibles problemas para generar presi\u00f3n p\u00fablica.<\/p>\n\n\n\n<p class=\"wp-block-paragraph\">3. Buscar apoyo de expertos:<\/p>\n\n\n\n<p class=\"wp-block-paragraph\">Consultar con organizaciones o personas que conozcan el tema judicial para identificar posibles soluciones o estrategias de incidencia.<\/p>\n\n\n\n<p class=\"wp-block-paragraph\">4. Promover la rendici\u00f3n de cuentas: Exigir que las instituciones involucradas expliquen claramente c\u00f3mo fueron seleccionados los candidatos y qu\u00e9 criterios utilizaron para incluirlos en las listas.<\/p>\n\n\n\n<p class=\"wp-block-paragraph\">5. Fomentar la transparencia: Debemos insistir en que los antecedentes y el historial profesional de los candidatos sean accesibles al p\u00fablico de manera comprensible.<\/p>\n\n\n\n<p class=\"wp-block-paragraph\">6. Contacto con periodistas y activistas: Trabajar con ellos para exponer cualquier irregularidad o preocupaci\u00f3n en el proceso.<\/p>\n\n\n\n<p class=\"wp-block-paragraph\">Esto podr\u00eda ser posible si pudi\u00e9semos tener voluntad para organizarnos.<\/p>\n\n\n\n<p class=\"wp-block-paragraph\">Las organizaciones ciudadanas por ac\u00e1 por la frontera, son pocas y fam\u00e9licas, no pasan de 10 elementos.<\/p>\n\n\n\n<p class=\"wp-block-paragraph\">Sus l\u00edderes solo buscan beneficio personal.<\/p>\n\n\n\n<p class=\"wp-block-paragraph\">Se crean peque\u00f1os grupos para golpear, no para buscar el mejoramiento de la aldea.<\/p>\n\n\n\n<p class=\"wp-block-paragraph\">Por lo pronto, disfrutemos de las jocosas campa\u00f1as de los aspirantes.<\/p>\n\n\n\n<p class=\"wp-block-paragraph\">Que a palo de ciego buscan gestionar su imagen de profesionistas probos, tratando de convencernos que garantizar\u00e1n justicia.<\/p>\n","protected":false},"excerpt":{"rendered":"<p>Ra\u00fal Ruiz ___________________________ Las extra\u00f1as elecciones para elegir jueces, ministros y magistrados&#8230; \u00bfQu\u00e9 dice la gente? Las opiniones est\u00e1n divididas. Algunos ven estas elecciones como un paso hacia una democracia m\u00e1s participativa, argumentando que permite a los ciudadanos tener voz en la selecci\u00f3n de quienes imparten justicia. Esta es la postura del Gobierno de M\u00e9xico. [&hellip;]<\/p>\n","protected":false},"author":6,"featured_media":43347,"comment_status":"closed","ping_status":"closed","sticky":false,"template":"","format":"standard","meta":{"_acf_changed":false,"_monsterinsights_skip_tracking":false,"slim_seo":{"title":"Abogados en campa\u00f1a - Opini\u00f3n P\u00fablica","description":"Ra\u00fal Ruiz ___________________________ Las extra\u00f1as elecciones para elegir jueces, ministros y magistrados... \u00bfQu\u00e9 dice la gente? Las opiniones est\u00e1n divididas."},"footnotes":""},"categories":[21],"tags":[593],"class_list":["post-56976","post","type-post","status-publish","format-standard","has-post-thumbnail","hentry","category-cartapacio","tag-cartapacio"],"acf":[],"_links":{"self":[{"href":"https:\/\/www.opinionpublica.tv\/portada\/wp-json\/wp\/v2\/posts\/56976","targetHints":{"allow":["GET"]}}],"collection":[{"href":"https:\/\/www.opinionpublica.tv\/portada\/wp-json\/wp\/v2\/posts"}],"about":[{"href":"https:\/\/www.opinionpublica.tv\/portada\/wp-json\/wp\/v2\/types\/post"}],"author":[{"embeddable":true,"href":"https:\/\/www.opinionpublica.tv\/portada\/wp-json\/wp\/v2\/users\/6"}],"replies":[{"embeddable":true,"href":"https:\/\/www.opinionpublica.tv\/portada\/wp-json\/wp\/v2\/comments?post=56976"}],"version-history":[{"count":3,"href":"https:\/\/www.opinionpublica.tv\/portada\/wp-json\/wp\/v2\/posts\/56976\/revisions"}],"predecessor-version":[{"id":56979,"href":"https:\/\/www.opinionpublica.tv\/portada\/wp-json\/wp\/v2\/posts\/56976\/revisions\/56979"}],"wp:featuredmedia":[{"embeddable":true,"href":"https:\/\/www.opinionpublica.tv\/portada\/wp-json\/wp\/v2\/media\/43347"}],"wp:attachment":[{"href":"https:\/\/www.opinionpublica.tv\/portada\/wp-json\/wp\/v2\/media?parent=56976"}],"wp:term":[{"taxonomy":"category","embeddable":true,"href":"https:\/\/www.opinionpublica.tv\/portada\/wp-json\/wp\/v2\/categories?post=56976"},{"taxonomy":"post_tag","embeddable":true,"href":"https:\/\/www.opinionpublica.tv\/portada\/wp-json\/wp\/v2\/tags?post=56976"}],"curies":[{"name":"wp","href":"https:\/\/api.w.org\/{rel}","templated":true}]}}