{"id":56781,"date":"2025-04-08T00:01:00","date_gmt":"2025-04-08T06:01:00","guid":{"rendered":"https:\/\/www.opinionpublica.tv\/portada\/?p=56781"},"modified":"2025-04-07T21:52:46","modified_gmt":"2025-04-08T03:52:46","slug":"establecen-segunda-mesa-de-trabajo-del-programa-de-restauracion-de-el-chamizal","status":"publish","type":"post","link":"https:\/\/www.opinionpublica.tv\/portada\/establecen-segunda-mesa-de-trabajo-del-programa-de-restauracion-de-el-chamizal\/","title":{"rendered":"Establecen segunda mesa de trabajo del programa de Restauraci\u00f3n de El Chamizal"},"content":{"rendered":"\n<figure class=\"wp-block-image size-large\"><img fetchpriority=\"high\" decoding=\"async\" width=\"1024\" height=\"682\" src=\"https:\/\/www.opinionpublica.tv\/portada\/wp-content\/uploads\/2025\/04\/Establecen-segunda-mesa-de-trabajo-del-programa-de-Restauracion-de-El-Chamizal-1024x682.jpeg\" alt=\"Establecen segunda mesa de trabajo del programa de restauracio\u0301n de el chamizal\" class=\"wp-image-56784\" srcset=\"https:\/\/www.opinionpublica.tv\/portada\/wp-content\/uploads\/2025\/04\/Establecen-segunda-mesa-de-trabajo-del-programa-de-Restauracion-de-El-Chamizal-1024x682.jpeg 1024w, https:\/\/www.opinionpublica.tv\/portada\/wp-content\/uploads\/2025\/04\/Establecen-segunda-mesa-de-trabajo-del-programa-de-Restauracion-de-El-Chamizal-300x200.jpeg 300w, https:\/\/www.opinionpublica.tv\/portada\/wp-content\/uploads\/2025\/04\/Establecen-segunda-mesa-de-trabajo-del-programa-de-Restauracion-de-El-Chamizal-768x512.jpeg 768w, https:\/\/www.opinionpublica.tv\/portada\/wp-content\/uploads\/2025\/04\/Establecen-segunda-mesa-de-trabajo-del-programa-de-Restauracion-de-El-Chamizal-1536x1023.jpeg 1536w, https:\/\/www.opinionpublica.tv\/portada\/wp-content\/uploads\/2025\/04\/Establecen-segunda-mesa-de-trabajo-del-programa-de-Restauracion-de-El-Chamizal.jpeg 1600w\" sizes=\"(max-width: 1024px) 100vw, 1024px\" \/><\/figure>\n\n\n\n<p class=\"wp-block-paragraph\"><em>Ciudad Ju\u00e1rez, Chih<\/em>.- Con el fin de identificar acciones prioritarias para la restauraci\u00f3n del parque El Chamizal, este d\u00eda se reunieron representantes de diversas instituciones gubernamentales, as\u00ed como de la sociedad civil en una mesa t\u00e9cnica de trabajo.<\/p>\n\n\n\n<p class=\"wp-block-paragraph\">El titular de la Coordinaci\u00f3n de Directores del Municipio, Enrique Lic\u00f3n Ch\u00e1vez, se\u00f1al\u00f3 que la apertura de esta mesa es de suma importancia para atender a El Chamizal; \u00abel Gobierno Municipal ha estado listo para intervenir, sobre todo en el tema de la reforestaci\u00f3n del espacio, as\u00ed como en el cuidado de lo que ya se tiene\u00bb.<\/p>\n\n\n\n<p class=\"wp-block-paragraph\">Dijo que en la actual administraci\u00f3n encabezada por el Presidente Cruz P\u00e9rez Cu\u00e9llar, adem\u00e1s de trabajar este punto de manera permanente, se contemplan varios detalles para avanzar en dicho asunto, debido a la prioridad que merece.<\/p>\n\n\n\n<p class=\"wp-block-paragraph\">\u00abPor parte del Municipio presentamos una propuesta en la cual se ha trabajado por poco m\u00e1s de tres a\u00f1os con especialistas en el tema, por lo que est\u00e1 bien sustentada\u00bb, indic\u00f3.<\/p>\n\n\n\n<p class=\"wp-block-paragraph\">Asegur\u00f3 que es importante tener como base un plan sectorial en donde se pueda ir impactando de manera positiva distintas \u00e1reas de forma integral.<\/p>\n\n\n\n<p class=\"wp-block-paragraph\">Lic\u00f3n Ch\u00e1vez coment\u00f3 que los acuerdos que se deriven de la mesa de trabajo ser\u00e1 relevante compartirlos con la poblaci\u00f3n mediante una campa\u00f1a social ambiental, ya que de esta manera se generar\u00e1 conciencia acerca del programa, misma que es esencial para realizar el proyecto.<\/p>\n\n\n\n<p class=\"wp-block-paragraph\">\u00abEs muy importante la participaci\u00f3n de la ciudadan\u00eda activa, pues hay que recordar que es el \u00e1rea de esparcimiento n\u00famero uno de las y los juarenses, por lo que deben y merecen estar al tanto de lo que se har\u00e1 y de c\u00f3mo se llevar\u00e1 a cabo\u00bb, puntualiz\u00f3.<\/p>\n\n\n\n<p class=\"wp-block-paragraph\">Daniel Iv\u00e1n Zamarr\u00f3n Salda\u00f1a, director de Parques y Jardines, dio a conocer que el vivero municipal estaba en total abandono, \u00abentramos a una etapa de inversi\u00f3n, incluso por parte de la ciudadan\u00eda, por lo que ha sido un trabajo en conjunto para el beneficio de todas y todos\u00bb.<\/p>\n\n\n\n<p class=\"wp-block-paragraph\">Dijo que es importante cuidar y trabajar lo que ya se tiene, porque en el tema del agua, Ju\u00e1rez enfrenta un problema recurrente debido a la complejidad en cuanto a poder regar las \u00e1reas verdes.<\/p>\n\n\n\n<p class=\"wp-block-paragraph\">\u00abAhora que existen 12 mil \u00e1rboles es complicado, es decir, si se va a poner m\u00e1s vegetaci\u00f3n hay que tomar en cuenta el sustento, as\u00ed como una inversi\u00f3n fuerte del agua para mantener las buenas condiciones de la zona\u00bb, destac\u00f3.<\/p>\n\n\n\n<p class=\"wp-block-paragraph\">Por su parte, C\u00e9sar Antonio Dom\u00ednguez Lucero, administrador de la Casa del Agr\u00f3nomo, indic\u00f3 que se tiene que pensar en \u00e1rboles que no causen problemas de plagas ni de mantenimiento; \u00abno tenemos el tiempo suficiente para dar vigilancia masiva, los escarabajos es una plaga enorme por ejemplo\u00bb.<\/p>\n\n\n\n<p class=\"wp-block-paragraph\">Explic\u00f3 que es trascendental mantener lo que existe y darle fuerza, por lo que no debe pasar m\u00e1s tiempo y a su vez, brindar apoyo al Municipio para que pueda sostenerse a\u00fan m\u00e1s el buen trabajo que se ha venido realizando para conservar, proteger y restaurar El Chamizal.<\/p>\n\n\n\n<p class=\"wp-block-paragraph\">En la reuni\u00f3n estuvieron representantes de la Secretar\u00eda de Medio Ambiente y Recursos Naturales (Semarnat), la Comisi\u00f3n Nacional Forestal (CONAFOR), autoridades del Gobierno Municipal y Organizaciones de la Sociedad Civil.<\/p>\n","protected":false},"excerpt":{"rendered":"<p>Ciudad Ju\u00e1rez, Chih.- Con el fin de identificar acciones prioritarias para la restauraci\u00f3n del parque El Chamizal, este d\u00eda se reunieron representantes de diversas instituciones gubernamentales, as\u00ed como de la sociedad civil en una mesa t\u00e9cnica de trabajo. El titular de la Coordinaci\u00f3n de Directores del Municipio, Enrique Lic\u00f3n Ch\u00e1vez, se\u00f1al\u00f3 que la apertura de [&hellip;]<\/p>\n","protected":false},"author":6,"featured_media":56784,"comment_status":"closed","ping_status":"closed","sticky":false,"template":"","format":"standard","meta":{"_acf_changed":false,"_monsterinsights_skip_tracking":false,"slim_seo":{"title":"Establecen segunda mesa de trabajo del programa de Restauraci\u00f3n de El Chamizal - Opini\u00f3n P\u00fablica","description":"Ciudad Ju\u00e1rez, Chih .- Con el fin de identificar acciones prioritarias para la restauraci\u00f3n del parque El Chamizal, este d\u00eda se reunieron representantes de dive"},"footnotes":""},"categories":[41],"tags":[],"class_list":["post-56781","post","type-post","status-publish","format-standard","has-post-thumbnail","hentry","category-juarez"],"acf":[],"_links":{"self":[{"href":"https:\/\/www.opinionpublica.tv\/portada\/wp-json\/wp\/v2\/posts\/56781","targetHints":{"allow":["GET"]}}],"collection":[{"href":"https:\/\/www.opinionpublica.tv\/portada\/wp-json\/wp\/v2\/posts"}],"about":[{"href":"https:\/\/www.opinionpublica.tv\/portada\/wp-json\/wp\/v2\/types\/post"}],"author":[{"embeddable":true,"href":"https:\/\/www.opinionpublica.tv\/portada\/wp-json\/wp\/v2\/users\/6"}],"replies":[{"embeddable":true,"href":"https:\/\/www.opinionpublica.tv\/portada\/wp-json\/wp\/v2\/comments?post=56781"}],"version-history":[{"count":2,"href":"https:\/\/www.opinionpublica.tv\/portada\/wp-json\/wp\/v2\/posts\/56781\/revisions"}],"predecessor-version":[{"id":56785,"href":"https:\/\/www.opinionpublica.tv\/portada\/wp-json\/wp\/v2\/posts\/56781\/revisions\/56785"}],"wp:featuredmedia":[{"embeddable":true,"href":"https:\/\/www.opinionpublica.tv\/portada\/wp-json\/wp\/v2\/media\/56784"}],"wp:attachment":[{"href":"https:\/\/www.opinionpublica.tv\/portada\/wp-json\/wp\/v2\/media?parent=56781"}],"wp:term":[{"taxonomy":"category","embeddable":true,"href":"https:\/\/www.opinionpublica.tv\/portada\/wp-json\/wp\/v2\/categories?post=56781"},{"taxonomy":"post_tag","embeddable":true,"href":"https:\/\/www.opinionpublica.tv\/portada\/wp-json\/wp\/v2\/tags?post=56781"}],"curies":[{"name":"wp","href":"https:\/\/api.w.org\/{rel}","templated":true}]}}