{"id":56749,"date":"2025-04-08T00:01:00","date_gmt":"2025-04-08T06:01:00","guid":{"rendered":"https:\/\/www.opinionpublica.tv\/portada\/?p=56749"},"modified":"2025-04-07T21:04:14","modified_gmt":"2025-04-08T03:04:14","slug":"declaracion-anual-2025-sat-ya-recibio-3-8-millones-de-tramites-de-los-contribuyentes-en-lo-que-va-de-abril","status":"publish","type":"post","link":"https:\/\/www.opinionpublica.tv\/portada\/declaracion-anual-2025-sat-ya-recibio-3-8-millones-de-tramites-de-los-contribuyentes-en-lo-que-va-de-abril\/","title":{"rendered":"Declaraci\u00f3n Anual 2025: SAT ya recibi\u00f3 3.8 millones de tr\u00e1mites de los contribuyentes en lo que va de abril"},"content":{"rendered":"\n<figure class=\"wp-block-image size-full\"><img fetchpriority=\"high\" decoding=\"async\" width=\"1100\" height=\"666\" src=\"https:\/\/www.opinionpublica.tv\/portada\/wp-content\/uploads\/2025\/04\/Declaracion-Anual-2025-SAT-ya-recibio-3.8-millones-de-tramites-de-los-contribuyentes-en-lo-que-va-de-abril.avif\" alt=\"Declaracio\u0301n anual 2025 sat ya recibio\u0301 3.8 millones de tra\u0301mites de los contribuyentes en lo que va de abril\" class=\"wp-image-56751\"\/><\/figure>\n\n\n\n<p class=\"wp-block-paragraph\">En lo que va del mes de abril, el Servicio de Administraci\u00f3n Tributaria (SAT) recibi\u00f3 tres millones 815 mil 577 declaraciones anuales de impuestos correspondientes al ejercicio 2024.<\/p>\n\n\n\n<p class=\"wp-block-paragraph\">Lo anterior significa que se presentaron un mill\u00f3n 639 mil 607 m\u00e1s declaraciones respecto a las 2.1 millones que se reportaron en los dos primeros d\u00edas del inicio de la temporada de declaraciones.<\/p>\n\n\n\n<p class=\"wp-block-paragraph\">El SAT record\u00f3 que el plazo para cumplir con esta obligaci\u00f3n termina el 30 de abril pr\u00f3ximo para el caso de las personas f\u00edsicas.<\/p>\n\n\n\n<p class=\"wp-block-paragraph\">En esta temporada, todos los mexicanos tienen que declarar los ingresos que obtuvieron el a\u00f1o pasado, y en su caso pagar el impuesto sobre la renta (ISR) causado, ya sea por salarios, actividades empresariales, servicios profesionales, ganancias por intereses y dividendos y por arrendamiento.<\/p>\n\n\n\n<p class=\"wp-block-paragraph\">Para ello, el \u00f3rgano recaudador de impuestos pone a disposici\u00f3n de los contribuyentes aplicativos digitales para facilitar el cumplimiento en tiempo y forma.<\/p>\n\n\n\n<p class=\"wp-block-paragraph\">Trabaja para mantener la m\u00e1xima capacidad que caracteriza a los servicios digitales que brinda, en beneficio de las y los contribuyentes.<\/p>\n\n\n\n<p class=\"wp-block-paragraph\">Las herramientas se pueden encontrar en el sitio web oficial, tambi\u00e9n en el mini sitio para personas f\u00edsicas y declaraci\u00f3n Anual personas 2024.<em>Con informaci\u00f3n de El Universal<\/em>.<\/p>\n","protected":false},"excerpt":{"rendered":"<p>En lo que va del mes de abril, el Servicio de Administraci\u00f3n Tributaria (SAT) recibi\u00f3 tres millones 815 mil 577 declaraciones anuales de impuestos correspondientes al ejercicio 2024. Lo anterior significa que se presentaron un mill\u00f3n 639 mil 607 m\u00e1s declaraciones respecto a las 2.1 millones que se reportaron en los dos primeros d\u00edas del [&hellip;]<\/p>\n","protected":false},"author":6,"featured_media":56751,"comment_status":"closed","ping_status":"closed","sticky":false,"template":"","format":"standard","meta":{"_acf_changed":false,"_monsterinsights_skip_tracking":false,"slim_seo":{"title":"Declaraci\u00f3n Anual 2025: SAT ya recibi\u00f3 3.8 millones de tr\u00e1mites de los contribuyentes en lo que va de abril - Opini\u00f3n P\u00fablica","description":"En lo que va del mes de abril, el Servicio de Administraci\u00f3n Tributaria (SAT) recibi\u00f3 tres millones 815 mil 577 declaraciones anuales de impuestos correspondien"},"footnotes":""},"categories":[3],"tags":[],"class_list":["post-56749","post","type-post","status-publish","format-standard","has-post-thumbnail","hentry","category-principal"],"acf":[],"_links":{"self":[{"href":"https:\/\/www.opinionpublica.tv\/portada\/wp-json\/wp\/v2\/posts\/56749","targetHints":{"allow":["GET"]}}],"collection":[{"href":"https:\/\/www.opinionpublica.tv\/portada\/wp-json\/wp\/v2\/posts"}],"about":[{"href":"https:\/\/www.opinionpublica.tv\/portada\/wp-json\/wp\/v2\/types\/post"}],"author":[{"embeddable":true,"href":"https:\/\/www.opinionpublica.tv\/portada\/wp-json\/wp\/v2\/users\/6"}],"replies":[{"embeddable":true,"href":"https:\/\/www.opinionpublica.tv\/portada\/wp-json\/wp\/v2\/comments?post=56749"}],"version-history":[{"count":2,"href":"https:\/\/www.opinionpublica.tv\/portada\/wp-json\/wp\/v2\/posts\/56749\/revisions"}],"predecessor-version":[{"id":56752,"href":"https:\/\/www.opinionpublica.tv\/portada\/wp-json\/wp\/v2\/posts\/56749\/revisions\/56752"}],"wp:featuredmedia":[{"embeddable":true,"href":"https:\/\/www.opinionpublica.tv\/portada\/wp-json\/wp\/v2\/media\/56751"}],"wp:attachment":[{"href":"https:\/\/www.opinionpublica.tv\/portada\/wp-json\/wp\/v2\/media?parent=56749"}],"wp:term":[{"taxonomy":"category","embeddable":true,"href":"https:\/\/www.opinionpublica.tv\/portada\/wp-json\/wp\/v2\/categories?post=56749"},{"taxonomy":"post_tag","embeddable":true,"href":"https:\/\/www.opinionpublica.tv\/portada\/wp-json\/wp\/v2\/tags?post=56749"}],"curies":[{"name":"wp","href":"https:\/\/api.w.org\/{rel}","templated":true}]}}