{"id":56725,"date":"2025-04-08T00:01:00","date_gmt":"2025-04-08T06:01:00","guid":{"rendered":"https:\/\/www.opinionpublica.tv\/portada\/?p=56725"},"modified":"2025-04-07T20:37:22","modified_gmt":"2025-04-08T02:37:22","slug":"desinformacion-en-redes-aumenta-temor-de-migrantes-en-eu-dw","status":"publish","type":"post","link":"https:\/\/www.opinionpublica.tv\/portada\/desinformacion-en-redes-aumenta-temor-de-migrantes-en-eu-dw\/","title":{"rendered":"Videos: Desinformaci\u00f3n en redes aumenta temor de migrantes en EU | DW"},"content":{"rendered":"\n<figure class=\"wp-block-embed is-type-video is-provider-youtube wp-block-embed-youtube wp-embed-aspect-16-9 wp-has-aspect-ratio\"><div class=\"wp-block-embed__wrapper\">\n<iframe title=\"La desinformaci\u00f3n en redes aumenta el temor de los migrantes en Estados Unidos\" width=\"800\" height=\"450\" src=\"https:\/\/www.youtube.com\/embed\/Cxli2kRltcs?feature=oembed\" frameborder=\"0\" allow=\"accelerometer; autoplay; clipboard-write; encrypted-media; gyroscope; picture-in-picture; web-share\" referrerpolicy=\"strict-origin-when-cross-origin\" allowfullscreen><\/iframe>\n<\/div><\/figure>\n\n\n\n<p class=\"wp-block-paragraph\">En Estados Unidos viven aproximadamente 14 millones de inmigrantes indocumentados, que viven con temor a ser deportados.<\/p>\n\n\n\n<p class=\"wp-block-paragraph\">Ante la falta de informaci\u00f3n confiable, muchas personas se confinan en sus casas y buscan datos en redes sociales o en aplicaciones de mensajer\u00eda, donde en ocasiones se exponen tambi\u00e9n a bulos y noticias falsas.<\/p>\n\n\n\n<p class=\"wp-block-paragraph\"><em>Cr\u00e9ditos: DW en espa\u00f1ol<\/em>.<a href=\"https:\/\/www.youtube.com\/@dwespanol\"><\/a><\/p>\n","protected":false},"excerpt":{"rendered":"<p>En Estados Unidos viven aproximadamente 14 millones de inmigrantes indocumentados, que viven con temor a ser deportados. Ante la falta de informaci\u00f3n confiable, muchas personas se confinan en sus casas y buscan datos en redes sociales o en aplicaciones de mensajer\u00eda, donde en ocasiones se exponen tambi\u00e9n a bulos y noticias falsas. Cr\u00e9ditos: DW en [&hellip;]<\/p>\n","protected":false},"author":6,"featured_media":56729,"comment_status":"closed","ping_status":"closed","sticky":false,"template":"","format":"standard","meta":{"_acf_changed":false,"_monsterinsights_skip_tracking":false,"slim_seo":{"title":"Videos: Desinformaci\u00f3n en redes aumenta temor de migrantes en EU | DW - Opini\u00f3n P\u00fablica","description":"https:\/\/youtu.be\/Cxli2kRltcs?si=4S0qGIZCPMi2w77a En Estados Unidos viven aproximadamente 14 millones de inmigrantes indocumentados, que viven con temor a ser de"},"footnotes":""},"categories":[13,2,8],"tags":[],"class_list":["post-56725","post","type-post","status-publish","format-standard","has-post-thumbnail","hentry","category-videos-destacados-contenido","category-videos-destacados","category-videos"],"acf":[],"_links":{"self":[{"href":"https:\/\/www.opinionpublica.tv\/portada\/wp-json\/wp\/v2\/posts\/56725","targetHints":{"allow":["GET"]}}],"collection":[{"href":"https:\/\/www.opinionpublica.tv\/portada\/wp-json\/wp\/v2\/posts"}],"about":[{"href":"https:\/\/www.opinionpublica.tv\/portada\/wp-json\/wp\/v2\/types\/post"}],"author":[{"embeddable":true,"href":"https:\/\/www.opinionpublica.tv\/portada\/wp-json\/wp\/v2\/users\/6"}],"replies":[{"embeddable":true,"href":"https:\/\/www.opinionpublica.tv\/portada\/wp-json\/wp\/v2\/comments?post=56725"}],"version-history":[{"count":4,"href":"https:\/\/www.opinionpublica.tv\/portada\/wp-json\/wp\/v2\/posts\/56725\/revisions"}],"predecessor-version":[{"id":56731,"href":"https:\/\/www.opinionpublica.tv\/portada\/wp-json\/wp\/v2\/posts\/56725\/revisions\/56731"}],"wp:featuredmedia":[{"embeddable":true,"href":"https:\/\/www.opinionpublica.tv\/portada\/wp-json\/wp\/v2\/media\/56729"}],"wp:attachment":[{"href":"https:\/\/www.opinionpublica.tv\/portada\/wp-json\/wp\/v2\/media?parent=56725"}],"wp:term":[{"taxonomy":"category","embeddable":true,"href":"https:\/\/www.opinionpublica.tv\/portada\/wp-json\/wp\/v2\/categories?post=56725"},{"taxonomy":"post_tag","embeddable":true,"href":"https:\/\/www.opinionpublica.tv\/portada\/wp-json\/wp\/v2\/tags?post=56725"}],"curies":[{"name":"wp","href":"https:\/\/api.w.org\/{rel}","templated":true}]}}