{"id":56720,"date":"2025-04-07T00:01:00","date_gmt":"2025-04-07T06:01:00","guid":{"rendered":"https:\/\/www.opinionpublica.tv\/portada\/?p=56720"},"modified":"2025-04-06T21:32:10","modified_gmt":"2025-04-07T03:32:10","slug":"audacia-y-temeridad","status":"publish","type":"post","link":"https:\/\/www.opinionpublica.tv\/portada\/audacia-y-temeridad\/","title":{"rendered":"Audacia y temeridad"},"content":{"rendered":"\n<h4 class=\"wp-block-heading\">Ra\u00fal Ruiz<\/h4>\n\n\n\n<p class=\"wp-block-paragraph\">____________________________<\/p>\n\n\n\n<p class=\"wp-block-paragraph\">La controversial senadora, Andrea Ch\u00e1vez, est\u00e1 decidida a buscar la candidatura al gobierno de Chihuahua, por el partido, Morena.<\/p>\n\n\n\n<p class=\"wp-block-paragraph\">Pretende provocar, casi exigir, que su partido decida, sin importar nada, que para el 27, sea una mujer la candidata a la gubernatura.<\/p>\n\n\n\n<p class=\"wp-block-paragraph\">No s\u00f3lo eso, sino que obligadamente sea ella y no cualquier otra.<\/p>\n\n\n\n<p class=\"wp-block-paragraph\">Para eso, ha montado con suma anticipaci\u00f3n una temeraria estrategia bajo esta campa\u00f1a medi\u00e1tica que hemos seguido.<\/p>\n\n\n\n<p class=\"wp-block-paragraph\">No es la supuesta campa\u00f1a electoral, es la campa\u00f1a para gestionar y fijar su imagen p\u00fablica, en el reino de las percepciones.<\/p>\n\n\n\n<p class=\"wp-block-paragraph\">Lo tiene que hacer con suma rapidez para llegar con un activo popular, m\u00e1s grande que sus negativos pol\u00edticos al momento de las decisiones.<\/p>\n\n\n\n<p class=\"wp-block-paragraph\">La velocidad es determinante. El manejo del tiempo es vital.<\/p>\n\n\n\n<p class=\"wp-block-paragraph\">Estamos frente al &#8216;expresionismo abstracto&#8217; de la pol\u00edtica.<\/p>\n\n\n\n<p class=\"wp-block-paragraph\">La velocidad en la construcci\u00f3n de imagen p\u00fablica puede ser un instrumento poderoso, pero tambi\u00e9n plantea preguntas interesantes sobre la calidad y la profundidad de las jugadas.<\/p>\n\n\n\n<p class=\"wp-block-paragraph\">Yo lo percibo como en su momento lo fue, el expresionismo abstracto en el arte.<\/p>\n\n\n\n<p class=\"wp-block-paragraph\">El arte r\u00e1pido sol\u00edan llamarle.<\/p>\n\n\n\n<p class=\"wp-block-paragraph\">En t\u00e9rminos hist\u00f3ricos, el arte r\u00e1pido ha tenido aportaciones significativas en movimientos donde artistas como Jackson Pollock exploraban t\u00e9cnicas de pintura gestual y espont\u00e1nea.<\/p>\n\n\n\n<p class=\"wp-block-paragraph\">Adem\u00e1s, la m\u00fasica y la poes\u00eda improvisada, como el freestyle, rap o la poes\u00eda en vivo, son ejemplos donde la rapidez genera creatividad instant\u00e1nea y autenticidad.<\/p>\n\n\n\n<p class=\"wp-block-paragraph\">En el contexto actual, con herramientas como la inteligencia artificial que crean im\u00e1genes, m\u00fasica o poes\u00eda r\u00e1pidamente, el impacto es multifac\u00e9tico.<\/p>\n\n\n\n<p class=\"wp-block-paragraph\">Estas tecnolog\u00edas democratizan el acceso al arte al permitir que m\u00e1s personas participen en el proceso creativo.<\/p>\n\n\n\n<p class=\"wp-block-paragraph\">Pero tambi\u00e9n nos obligan a reflexionar: \u00bfLa rapidez en la creaci\u00f3n disminuye el valor art\u00edstico o simplemente redefine lo que entendemos como arte?<\/p>\n\n\n\n<p class=\"wp-block-paragraph\">No me quiero desviar del an\u00e1lisis pol\u00edtico.<\/p>\n\n\n\n<p class=\"wp-block-paragraph\">Sin embargo es necesario hacerlo un poco, si deseo acercar a mis lectores hacia la interpretaci\u00f3n que le doy a la aparente inepcia que la joven senadora exhibe en su \u00abcampa\u00f1a de la salud\u00bb.<\/p>\n\n\n\n<p class=\"wp-block-paragraph\">Hay dos categor\u00edas m\u00e1s que debemos deshebrar antes de ir al fondo del tema.<\/p>\n\n\n\n<p class=\"wp-block-paragraph\">AUDACIA Y TEMERIDAD<\/p>\n\n\n\n<p class=\"wp-block-paragraph\">AUDACIA<\/p>\n\n\n\n<p class=\"wp-block-paragraph\">La audacia se refiere a la cualidad de ser valiente, atrevido o intr\u00e9pido, especialmente en situaciones donde se requiere asumir riesgos o desafiar l\u00edmites establecidos.<\/p>\n\n\n\n<p class=\"wp-block-paragraph\">Puede manifestarse en acciones decididas, creatividad innovadora o en una confianza firme para enfrentarse a lo desconocido.<\/p>\n\n\n\n<p class=\"wp-block-paragraph\">En ocasiones, la audacia tambi\u00e9n puede implicar un grado de temeridad, dependiendo del contexto.<\/p>\n\n\n\n<p class=\"wp-block-paragraph\">Por ejemplo, en la literatura y la filosof\u00eda, personajes como Don Quijote representan audacia al perseguir ideales elevados pese a las adversidades.<\/p>\n\n\n\n<p class=\"wp-block-paragraph\">En t\u00e9rminos personales y sociales, la audacia suele ser admirada como motor de cambio, resiliencia e inspiraci\u00f3n.<\/p>\n\n\n\n<p class=\"wp-block-paragraph\">TEMERIDAD<\/p>\n\n\n\n<p class=\"wp-block-paragraph\">La temeridad se define como una actitud o acci\u00f3n imprudente, caracterizada por la falta de consideraci\u00f3n ante los riesgos o consecuencias que podr\u00eda conllevar.<\/p>\n\n\n\n<p class=\"wp-block-paragraph\">A menudo, se asocia con una audacia excesiva que raya en el descuido, donde la b\u00fasqueda de un objetivo o el deseo de actuar se priorizan por encima de la seguridad o la l\u00f3gica.<\/p>\n\n\n\n<p class=\"wp-block-paragraph\">Por ejemplo, en el contexto hist\u00f3rico, ciertos l\u00edderes han tomado decisiones temerarias que, aunque audaces, han tenido repercusiones negativas debido a la falta de previsi\u00f3n.<\/p>\n\n\n\n<p class=\"wp-block-paragraph\">Y viene al caso, porque luego de estar observando el agarr\u00f3n entre los panistas y la senadora chihuahuense, Andrea Ch\u00e1vez, todo parece indicar que ella no s\u00f3lo se mantendr\u00e1 arriba del macho, sino que persistir\u00e1 en su papel de v\u00edctima.<\/p>\n\n\n\n<p class=\"wp-block-paragraph\">Aqu\u00ed ya no importa la judicializaci\u00f3n del caso.<\/p>\n\n\n\n<p class=\"wp-block-paragraph\">Sino la sensaci\u00f3n que filtra en el subconsciente de la gente.<\/p>\n\n\n\n<p class=\"wp-block-paragraph\">Todos sabemos de su inteligencia y habilidades para escalar en la pol\u00edtica.<\/p>\n\n\n\n<p class=\"wp-block-paragraph\">Y sabemos que se juega todo en un acto de audacia y temeridad.<\/p>\n\n\n\n<p class=\"wp-block-paragraph\">Ella acepta que el equipo de &#8216;ayuda m\u00e9dica&#8217;, no es de su propiedad.<\/p>\n\n\n\n<p class=\"wp-block-paragraph\">Admite que quiz\u00e1s no sea correcto aceptar el patrocinio de LA CLASE EMPRESARIAL, o de su protector, aunque el costo sea de 10 millones de pesos mensuales, por unidad (son 4) pero en aras de la salud de &#8216;su gente&#8217;, no importa si la quieren encarcelar, pues dar\u00e1 la sensaci\u00f3n de que vale la pena ese sacrificio.<\/p>\n\n\n\n<p class=\"wp-block-paragraph\">Con ese discurso, hace roncha y crece a nivel territorio, porque sabe que al interior de Morena el piso es muy resbaloso y ella trae muy enjabonado el calzado.<\/p>\n\n\n\n<p class=\"wp-block-paragraph\">En un par de semanas cruz\u00f3 la delgada cortina de seguridad que la proteg\u00eda por su condici\u00f3n de g\u00e9nero; y sin control, comenz\u00f3 a pisar callos que le provocaron una reacci\u00f3n negativa frente a la \u00fanica que podr\u00eda colocarla como candidata.<\/p>\n\n\n\n<p class=\"wp-block-paragraph\">La presidenta Claudia Sheinbaum.<\/p>\n\n\n\n<p class=\"wp-block-paragraph\">De hecho, desde antes de la unci\u00f3n presidencial, eran pocos los activos que tra\u00eda en las alforjas.<\/p>\n\n\n\n<p class=\"wp-block-paragraph\">Es cosa de recordar un poco de historia.<\/p>\n\n\n\n<p class=\"wp-block-paragraph\">1. En la carrera de corcholatas, su gallo fue, Ad\u00e1n Augusto y no Claudia.<\/p>\n\n\n\n<p class=\"wp-block-paragraph\">2. Su candidatura a la Senadur\u00eda, fue impulsada por Ad\u00e1n Augusto como parte de la concertacesi\u00f3n entre las corcholatas.<\/p>\n\n\n\n<p class=\"wp-block-paragraph\">3. Asumir muy anticipadamente que ella ser\u00e1 la que despoje del poder a los pitufos de la aldea; auto proclamarse, sin cubrir mesura, irrita a quienes manejan el mazo de cartas y eso es otro negativo en contra.<\/p>\n\n\n\n<p class=\"wp-block-paragraph\">Andrea no se va a detener.<\/p>\n\n\n\n<p class=\"wp-block-paragraph\">Cruz\u00f3 tambi\u00e9n la l\u00ednea en el desierto donde le sale m\u00e1s barato seguir hasta donde tope, que regresar a reabastecerse.<\/p>\n\n\n\n<p class=\"wp-block-paragraph\">As\u00ed que provocar\u00e1 la reacci\u00f3n popular a tal grado, que antes de que estalle una bomba, y para evitar mayor desaseo interno, habr\u00e1 de intervenir su consejero y protector, el senador, Ad\u00e1n Augusto L\u00f3pez Hern\u00e1ndez, a calmar las aguas.<\/p>\n\n\n\n<p class=\"wp-block-paragraph\">Pero esta gesti\u00f3n no es gratis&#8230; \u00bfQu\u00e9 recibir\u00eda a cambio don Ad\u00e1n Augusto, por controlar a su pantera?<\/p>\n\n\n\n<p class=\"wp-block-paragraph\">\u00bfY qu\u00e9 ofrecimiento habr\u00eda para Andrea?<\/p>\n\n\n\n<p class=\"wp-block-paragraph\">\u00a1Qu\u00e9 angustias, Dios M\u00edo!<\/p>\n\n\n\n<p class=\"wp-block-paragraph\">La telenovela sigue.<\/p>\n","protected":false},"excerpt":{"rendered":"<p>Ra\u00fal Ruiz ____________________________ La controversial senadora, Andrea Ch\u00e1vez, est\u00e1 decidida a buscar la candidatura al gobierno de Chihuahua, por el partido, Morena. Pretende provocar, casi exigir, que su partido decida, sin importar nada, que para el 27, sea una mujer la candidata a la gubernatura. No s\u00f3lo eso, sino que obligadamente sea ella y no [&hellip;]<\/p>\n","protected":false},"author":6,"featured_media":43347,"comment_status":"closed","ping_status":"closed","sticky":false,"template":"","format":"standard","meta":{"_acf_changed":false,"_monsterinsights_skip_tracking":false,"slim_seo":{"title":"Audacia y temeridad - Opini\u00f3n P\u00fablica","description":"Ra\u00fal Ruiz ____________________________ La controversial senadora, Andrea Ch\u00e1vez, est\u00e1 decidida a buscar la candidatura al gobierno de Chihuahua, por el partido,"},"footnotes":""},"categories":[21],"tags":[593],"class_list":["post-56720","post","type-post","status-publish","format-standard","has-post-thumbnail","hentry","category-cartapacio","tag-cartapacio"],"acf":[],"_links":{"self":[{"href":"https:\/\/www.opinionpublica.tv\/portada\/wp-json\/wp\/v2\/posts\/56720","targetHints":{"allow":["GET"]}}],"collection":[{"href":"https:\/\/www.opinionpublica.tv\/portada\/wp-json\/wp\/v2\/posts"}],"about":[{"href":"https:\/\/www.opinionpublica.tv\/portada\/wp-json\/wp\/v2\/types\/post"}],"author":[{"embeddable":true,"href":"https:\/\/www.opinionpublica.tv\/portada\/wp-json\/wp\/v2\/users\/6"}],"replies":[{"embeddable":true,"href":"https:\/\/www.opinionpublica.tv\/portada\/wp-json\/wp\/v2\/comments?post=56720"}],"version-history":[{"count":1,"href":"https:\/\/www.opinionpublica.tv\/portada\/wp-json\/wp\/v2\/posts\/56720\/revisions"}],"predecessor-version":[{"id":56721,"href":"https:\/\/www.opinionpublica.tv\/portada\/wp-json\/wp\/v2\/posts\/56720\/revisions\/56721"}],"wp:featuredmedia":[{"embeddable":true,"href":"https:\/\/www.opinionpublica.tv\/portada\/wp-json\/wp\/v2\/media\/43347"}],"wp:attachment":[{"href":"https:\/\/www.opinionpublica.tv\/portada\/wp-json\/wp\/v2\/media?parent=56720"}],"wp:term":[{"taxonomy":"category","embeddable":true,"href":"https:\/\/www.opinionpublica.tv\/portada\/wp-json\/wp\/v2\/categories?post=56720"},{"taxonomy":"post_tag","embeddable":true,"href":"https:\/\/www.opinionpublica.tv\/portada\/wp-json\/wp\/v2\/tags?post=56720"}],"curies":[{"name":"wp","href":"https:\/\/api.w.org\/{rel}","templated":true}]}}