{"id":56266,"date":"2025-03-31T00:01:00","date_gmt":"2025-03-31T06:01:00","guid":{"rendered":"https:\/\/www.opinionpublica.tv\/portada\/?p=56266"},"modified":"2025-03-30T20:03:53","modified_gmt":"2025-03-31T02:03:53","slug":"sin-cuartel","status":"publish","type":"post","link":"https:\/\/www.opinionpublica.tv\/portada\/sin-cuartel\/","title":{"rendered":"Sin cuartel"},"content":{"rendered":"\n<h4 class=\"wp-block-heading\">Ra\u00fal Ruiz<\/h4>\n\n\n\n<p class=\"wp-block-paragraph\">___________________________<\/p>\n\n\n\n<p class=\"wp-block-paragraph\">Una lucha sin cuartel o sin prisioneros ocurre cuando el vencedor no muestra clemencia ni piedad y se niega a perdonarle la vida al vencido a cambio de una rendici\u00f3n incondicional.<\/p>\n\n\n\n<p class=\"wp-block-paragraph\">As\u00ed lo despliega el partido Acci\u00f3n Nacional, contra su ac\u00e9rrima rival, Andrea Ch\u00e1vez Trevi\u00f1o.<\/p>\n\n\n\n<p class=\"wp-block-paragraph\">El tiro est\u00e1 dado.<\/p>\n\n\n\n<p class=\"wp-block-paragraph\">Se ha ordenado una estrategia de fuego a discreci\u00f3n en su contra, pero, si alcanza a cubrirse la senadora, o logra resistir la metralla, les puede voltear la tortilla.<\/p>\n\n\n\n<p class=\"wp-block-paragraph\">En la pol\u00edtica dom\u00e9stica de Chihuahua, hay varios ejemplos recientes que nos muestran lo peligroso que es echarle candela a un adversario y no poder acabarlo por completo.<\/p>\n\n\n\n<p class=\"wp-block-paragraph\">Al final, se revierte el chingadazo.<\/p>\n\n\n\n<p class=\"wp-block-paragraph\">La persecuci\u00f3n pol\u00edtica y jur\u00eddica que sufri\u00f3 la propia gobernadora, Mar\u00eda Eugenia Campos Galv\u00e1n, por parte del gobernador de su propio partido, Javier Corral Jurado, en complicidad con los candidatos, Juan Carlos Loera&nbsp; y Alfredo, el Caballo Lozoya, deber\u00eda de ser un punto de referencia para medir la circunstancia y moderar el ataque.<\/p>\n\n\n\n<p class=\"wp-block-paragraph\">El segundo caso, fue el de intentar descarrilar el proyecto de Cruz P\u00e9rez Cu\u00e9llar, rumbo a la reelecci\u00f3n por la alcald\u00eda.<\/p>\n\n\n\n<p class=\"wp-block-paragraph\">Le fincaron m\u00e1s de una docena de denuncias penales y desplegaron una monoid\u00e9ica campa\u00f1a en su contra, donde la repetici\u00f3n de corrupto, corrupto, corrupto, era su \u00fanico argumento, y les peg\u00f3 una revolcada hist\u00f3rica de 3 a 1 en las urnas electorales.<\/p>\n\n\n\n<p class=\"wp-block-paragraph\">Nunca avanzaron las denuncias.<\/p>\n\n\n\n<p class=\"wp-block-paragraph\">Los panuchos, llevan tres semanas de metralla, con proyectiles de diversos calibres.<\/p>\n\n\n\n<p class=\"wp-block-paragraph\">Andanadas sin cuartel.<\/p>\n\n\n\n<p class=\"wp-block-paragraph\">Los panistas la acusan de peculado, cohecho, tr\u00e1fico de influencias, enriquecimiento il\u00edcito, lavado de dinero, ejercicio ilegal del servicio p\u00fablico y abuso de autoridad, entre otras cosas.<\/p>\n\n\n\n<p class=\"wp-block-paragraph\">El punto es, que los panistas son muy malos en la judicializaci\u00f3n de sus temas.<\/p>\n\n\n\n<p class=\"wp-block-paragraph\">Meten denuncias, querellas, acusaciones a lo bestia. Pero no saben litigarlas.<\/p>\n\n\n\n<p class=\"wp-block-paragraph\">Dan por hecho que al momento de ser recibida su documentaci\u00f3n se dar\u00e1 sentencia a favor, sin aportar las pruebas necesarias para configurar los delitos que denuncian.<\/p>\n\n\n\n<p class=\"wp-block-paragraph\">Dejan que la fiscal\u00eda haga las investigaciones por su cuenta y haga la chamba por ellos para conseguir sentencia condenatoria.<\/p>\n\n\n\n<p class=\"wp-block-paragraph\">Les da hueva el litigio.<\/p>\n\n\n\n<p class=\"wp-block-paragraph\">Suponen que lo que se publica en los medios es prueba plena, y se enfurecen contra la autoridad, si les dan palo, y el asunto se archiva por falta de oficio judicial.<\/p>\n\n\n\n<p class=\"wp-block-paragraph\">Me parece que la etapa de exhibici\u00f3n p\u00fablica, se cumpli\u00f3.<\/p>\n\n\n\n<p class=\"wp-block-paragraph\">Y que incidir en su narrativa de desprestigio personal, les puede resultar contraproducente.<\/p>\n\n\n\n<p class=\"wp-block-paragraph\">Exhibirla como una Mesalina, por su cercan\u00eda con el poderoso senador Ad\u00e1n Augusto L\u00f3pez Hern\u00e1ndez, o como una mezcla de Lolita con La Malinche, la engrandece.<\/p>\n\n\n\n<p class=\"wp-block-paragraph\">Deteriorar su imagen a base de suposiciones refuerza su fama de mujer poderosa.<\/p>\n\n\n\n<p class=\"wp-block-paragraph\">En una de esas, le crean figura de Cleopatra.<\/p>\n\n\n\n<p class=\"wp-block-paragraph\">La historia est\u00e1 llena de mujeres que han usado su inteligencia y carisma para influir en el poder.<\/p>\n\n\n\n<p class=\"wp-block-paragraph\">Cleopatra, por ejemplo, es conocida por su astucia pol\u00edtica y su habilidad para seducir a figuras como Julio C\u00e9sar y Marco Antonio.<\/p>\n\n\n\n<p class=\"wp-block-paragraph\">Belleza, inteligencia, astucia y carisma lo tiene Andrea.<\/p>\n\n\n\n<p class=\"wp-block-paragraph\">Habilidad para manipular a los hombres del poder, tambi\u00e9n.<\/p>\n\n\n\n<p class=\"wp-block-paragraph\">Falta ver que tanto influye en el \u00e1nimo de la presidenta Sheinbaum, y la nomenklatura morena para coronar su proyecto.<\/p>\n\n\n\n<p class=\"wp-block-paragraph\">Es muy trucha, en la rendija se les cuela hasta 2030 y les anda descomponiendo el proyecto del tercer piso a Ebrard, a Monreal, a Noro\u00f1a, y al mism\u00edsimo Ad\u00e1n Augusto.<\/p>\n\n\n\n<p class=\"wp-block-paragraph\">Si la siguen cocoreando se les escapa por la rendija y la convierten en una, Catalina la Grande de Rusia, quien tambi\u00e9n destac\u00f3 por su capacidad de manipulaci\u00f3n y estrategia para consolidar su reinado.<\/p>\n\n\n\n<p class=\"wp-block-paragraph\">Y que decir de, Wu Zetian, la \u00fanica emperatriz de China, quien utiliz\u00f3 su ingenio para superar las barreras de g\u00e9nero y gobernar en solitario.<\/p>\n\n\n\n<p class=\"wp-block-paragraph\">Wu Zetian, tambi\u00e9n conocida como Wu Zhao, fue la \u00fanica emperatriz reinante en la historia de China.<\/p>\n\n\n\n<p class=\"wp-block-paragraph\">Naci\u00f3 en el a\u00f1o 624 d.C. en una familia aristocr\u00e1tica de Shanxi.<\/p>\n\n\n\n<p class=\"wp-block-paragraph\">Desde joven, destac\u00f3 por su inteligencia y habilidades, algo poco com\u00fan para las mujeres de su \u00e9poca.<\/p>\n\n\n\n<p class=\"wp-block-paragraph\">Fue concubina del emperador Taizong y, tras su muerte, se cas\u00f3 con su hijo, el emperador Gaozong.<\/p>\n\n\n\n<p class=\"wp-block-paragraph\">Durante su reinado, Wu Zetian consolid\u00f3 su poder y, en el a\u00f1o 690, se proclam\u00f3 emperatriz, fundando la dinast\u00eda Zhou.<\/p>\n\n\n\n<p class=\"wp-block-paragraph\">Su gobierno fue tanto admirado como controvertido.<\/p>\n\n\n\n<p class=\"wp-block-paragraph\">Introdujo reformas administrativas, promovi\u00f3 el budismo para legitimar su reinado y expandi\u00f3 el territorio chino.<\/p>\n\n\n\n<p class=\"wp-block-paragraph\">Sin embargo, tambi\u00e9n fue criticada por su uso de t\u00e1cticas despiadadas para eliminar a sus oponentes pol\u00edticos.<\/p>\n\n\n\n<p class=\"wp-block-paragraph\">Por lo pronto, al igual que la g\u00fcera Rodr\u00edguez, Andrea Ch\u00e1vez, est\u00e1 siendo estigmatizada como una mujer fr\u00edvola y poli amorosa.<\/p>\n\n\n\n<p class=\"wp-block-paragraph\">Como la G\u00fcera, que al parecer, en aquellos tiempos sedujo a insurgentes, virreyes y otros personajes hist\u00f3ricos.<\/p>\n\n\n\n<p class=\"wp-block-paragraph\">Y fue considerada como un personaje emblem\u00e1tico de la Independencia, por mantener una relaci\u00f3n amorosa con Agust\u00edn de Iturbide futuro emperador de M\u00e9xico e impulsarlo a que llevara a cabo, y completara, la \u00ablibertad mexicana\u00bb.<\/p>\n\n\n\n<p class=\"wp-block-paragraph\">As\u00ed mismo, se dec\u00eda que, mantuvo una relaci\u00f3n con el libertador Sim\u00f3n Bol\u00edvar y con el explorador y naturalista alem\u00e1n Alexander Von Humboldt.<\/p>\n\n\n\n<p class=\"wp-block-paragraph\">\u00bfEn qu\u00e9 quieren convertir a Andrea?<\/p>\n\n\n\n<p class=\"wp-block-paragraph\">Tan adelantada anda en su inter\u00e9s por ser gobernadora de Chihuahua, que no guarda el decoro debido y se cubre bajo un endeble manto de impunidad, que le ofrecen, el fuero como senadora, y la protecci\u00f3n de Ad\u00e1n Augusto.<\/p>\n\n\n\n<p class=\"wp-block-paragraph\">Demostrar los delitos que el PAN le achaca no es cosa sencilla.<\/p>\n\n\n\n<p class=\"wp-block-paragraph\">Vamos a ver de qu\u00e9 est\u00e1n hechos los azules para esta espeluznante guerra que se echan a cuestas.<\/p>\n\n\n\n<p class=\"wp-block-paragraph\">Y vamos a ver como se defiende la joven senadora.<\/p>\n","protected":false},"excerpt":{"rendered":"<p>Ra\u00fal Ruiz ___________________________ Una lucha sin cuartel o sin prisioneros ocurre cuando el vencedor no muestra clemencia ni piedad y se niega a perdonarle la vida al vencido a cambio de una rendici\u00f3n incondicional. As\u00ed lo despliega el partido Acci\u00f3n Nacional, contra su ac\u00e9rrima rival, Andrea Ch\u00e1vez Trevi\u00f1o. El tiro est\u00e1 dado. Se ha ordenado [&hellip;]<\/p>\n","protected":false},"author":6,"featured_media":43347,"comment_status":"closed","ping_status":"closed","sticky":false,"template":"","format":"standard","meta":{"_acf_changed":false,"_monsterinsights_skip_tracking":false,"slim_seo":{"title":"Sin cuartel - Opini\u00f3n P\u00fablica","description":"Ra\u00fal Ruiz ___________________________ Una lucha sin cuartel o sin prisioneros ocurre cuando el vencedor no muestra clemencia ni piedad y se niega a perdonarle l"},"footnotes":""},"categories":[21],"tags":[593],"class_list":["post-56266","post","type-post","status-publish","format-standard","has-post-thumbnail","hentry","category-cartapacio","tag-cartapacio"],"acf":[],"_links":{"self":[{"href":"https:\/\/www.opinionpublica.tv\/portada\/wp-json\/wp\/v2\/posts\/56266","targetHints":{"allow":["GET"]}}],"collection":[{"href":"https:\/\/www.opinionpublica.tv\/portada\/wp-json\/wp\/v2\/posts"}],"about":[{"href":"https:\/\/www.opinionpublica.tv\/portada\/wp-json\/wp\/v2\/types\/post"}],"author":[{"embeddable":true,"href":"https:\/\/www.opinionpublica.tv\/portada\/wp-json\/wp\/v2\/users\/6"}],"replies":[{"embeddable":true,"href":"https:\/\/www.opinionpublica.tv\/portada\/wp-json\/wp\/v2\/comments?post=56266"}],"version-history":[{"count":2,"href":"https:\/\/www.opinionpublica.tv\/portada\/wp-json\/wp\/v2\/posts\/56266\/revisions"}],"predecessor-version":[{"id":56268,"href":"https:\/\/www.opinionpublica.tv\/portada\/wp-json\/wp\/v2\/posts\/56266\/revisions\/56268"}],"wp:featuredmedia":[{"embeddable":true,"href":"https:\/\/www.opinionpublica.tv\/portada\/wp-json\/wp\/v2\/media\/43347"}],"wp:attachment":[{"href":"https:\/\/www.opinionpublica.tv\/portada\/wp-json\/wp\/v2\/media?parent=56266"}],"wp:term":[{"taxonomy":"category","embeddable":true,"href":"https:\/\/www.opinionpublica.tv\/portada\/wp-json\/wp\/v2\/categories?post=56266"},{"taxonomy":"post_tag","embeddable":true,"href":"https:\/\/www.opinionpublica.tv\/portada\/wp-json\/wp\/v2\/tags?post=56266"}],"curies":[{"name":"wp","href":"https:\/\/api.w.org\/{rel}","templated":true}]}}