{"id":56256,"date":"2025-03-31T00:01:00","date_gmt":"2025-03-31T06:01:00","guid":{"rendered":"https:\/\/www.opinionpublica.tv\/portada\/?p=56256"},"modified":"2025-03-30T15:14:56","modified_gmt":"2025-03-30T21:14:56","slug":"piden-aprovechar-ultimo-mes-de-descuentos-en-el-pago-de-revalidacion-vehicular-2025","status":"publish","type":"post","link":"https:\/\/www.opinionpublica.tv\/portada\/piden-aprovechar-ultimo-mes-de-descuentos-en-el-pago-de-revalidacion-vehicular-2025\/","title":{"rendered":"Piden aprovechar \u00faltimo mes de descuentos en la revalidaci\u00f3n vehicular 2025"},"content":{"rendered":"\n<figure class=\"wp-block-image size-large\"><img fetchpriority=\"high\" decoding=\"async\" width=\"1024\" height=\"571\" src=\"https:\/\/www.opinionpublica.tv\/portada\/wp-content\/uploads\/2025\/03\/Piden-aprovechar-ultimo-mes-de-descuentos-en-la-revalidacion-vehicular-2025-1024x571.jpeg\" alt=\"Piden aprovechar u\u0301ltimo mes de descuentos en la revalidacio\u0301n vehicular 2025\" class=\"wp-image-56259\" srcset=\"https:\/\/www.opinionpublica.tv\/portada\/wp-content\/uploads\/2025\/03\/Piden-aprovechar-ultimo-mes-de-descuentos-en-la-revalidacion-vehicular-2025-1024x571.jpeg 1024w, https:\/\/www.opinionpublica.tv\/portada\/wp-content\/uploads\/2025\/03\/Piden-aprovechar-ultimo-mes-de-descuentos-en-la-revalidacion-vehicular-2025-300x167.jpeg 300w, https:\/\/www.opinionpublica.tv\/portada\/wp-content\/uploads\/2025\/03\/Piden-aprovechar-ultimo-mes-de-descuentos-en-la-revalidacion-vehicular-2025-768x428.jpeg 768w, https:\/\/www.opinionpublica.tv\/portada\/wp-content\/uploads\/2025\/03\/Piden-aprovechar-ultimo-mes-de-descuentos-en-la-revalidacion-vehicular-2025.jpeg 1242w\" sizes=\"(max-width: 1024px) 100vw, 1024px\" \/><\/figure>\n\n\n\n<p class=\"wp-block-paragraph\"><em>Chihuahua, Chih<\/em>.- La Secretar\u00eda de Hacienda de Gobierno del Estado anuncia que, a partir del martes 1 de abril, entra en vigor el descuento del 45 por ciento en el pago de la revalidaci\u00f3n vehicular 2025.<\/p>\n\n\n\n<p class=\"wp-block-paragraph\">En el caso de los veh\u00edculos modelos 2016 a 2026, pagar\u00e1n 2 mil 376 pesos; de 2011 a 2015, un total de 2 mil 172 pesos; para los de 2006 a 2010, el costo ser\u00e1 de 2 mil 020 pesos.<\/p>\n\n\n\n<p class=\"wp-block-paragraph\">De 2001 a 2005 la tarifa ser\u00e1 de 1,867 pesos; de 1996 a 2000 el monto ser\u00e1 de 1,765 pesos; mientras que, por los modelos 1995 y anteriores, la contribuci\u00f3n ser\u00e1 de 1,510 pesos.<\/p>\n\n\n\n<p class=\"wp-block-paragraph\">Estos costos est\u00e1n incluyen el derecho de control vehicular, la tarjeta de circulaci\u00f3n, la contribuci\u00f3n a la Cruz Roja y el impuesto universitario.<\/p>\n\n\n\n<p class=\"wp-block-paragraph\">El pago puede realizarse a trav\u00e9s de cualquier m\u00f3dulo de Recaudaci\u00f3n de Rentas, por los medios alternos de pago, ya sea v\u00eda mensaje en el perfil Facebook.com\/SHGobChih, por medio de WhatsApp al n\u00famero (614) 372- 17 -00 y en la p\u00e1gina ipagos.chihuahua.gob.mx, donde tambi\u00e9n se puede descargar la referencia para saldar en supermercados y bancos.<\/p>\n","protected":false},"excerpt":{"rendered":"<p>Chihuahua, Chih.- La Secretar\u00eda de Hacienda de Gobierno del Estado anuncia que, a partir del martes 1 de abril, entra en vigor el descuento del 45 por ciento en el pago de la revalidaci\u00f3n vehicular 2025. En el caso de los veh\u00edculos modelos 2016 a 2026, pagar\u00e1n 2 mil 376 pesos; de 2011 a 2015, [&hellip;]<\/p>\n","protected":false},"author":6,"featured_media":56259,"comment_status":"closed","ping_status":"closed","sticky":false,"template":"","format":"standard","meta":{"_acf_changed":false,"_monsterinsights_skip_tracking":false,"slim_seo":{"title":"Piden aprovechar \u00faltimo mes de descuentos en la revalidaci\u00f3n vehicular 2025 - Opini\u00f3n P\u00fablica","description":"Chihuahua, Chih .- La Secretar\u00eda de Hacienda de Gobierno del Estado anuncia que, a partir del martes 1 de abril, entra en vigor el descuento del 45 por ciento e"},"footnotes":""},"categories":[11],"tags":[],"class_list":["post-56256","post","type-post","status-publish","format-standard","has-post-thumbnail","hentry","category-tendencias"],"acf":[],"_links":{"self":[{"href":"https:\/\/www.opinionpublica.tv\/portada\/wp-json\/wp\/v2\/posts\/56256","targetHints":{"allow":["GET"]}}],"collection":[{"href":"https:\/\/www.opinionpublica.tv\/portada\/wp-json\/wp\/v2\/posts"}],"about":[{"href":"https:\/\/www.opinionpublica.tv\/portada\/wp-json\/wp\/v2\/types\/post"}],"author":[{"embeddable":true,"href":"https:\/\/www.opinionpublica.tv\/portada\/wp-json\/wp\/v2\/users\/6"}],"replies":[{"embeddable":true,"href":"https:\/\/www.opinionpublica.tv\/portada\/wp-json\/wp\/v2\/comments?post=56256"}],"version-history":[{"count":3,"href":"https:\/\/www.opinionpublica.tv\/portada\/wp-json\/wp\/v2\/posts\/56256\/revisions"}],"predecessor-version":[{"id":56260,"href":"https:\/\/www.opinionpublica.tv\/portada\/wp-json\/wp\/v2\/posts\/56256\/revisions\/56260"}],"wp:featuredmedia":[{"embeddable":true,"href":"https:\/\/www.opinionpublica.tv\/portada\/wp-json\/wp\/v2\/media\/56259"}],"wp:attachment":[{"href":"https:\/\/www.opinionpublica.tv\/portada\/wp-json\/wp\/v2\/media?parent=56256"}],"wp:term":[{"taxonomy":"category","embeddable":true,"href":"https:\/\/www.opinionpublica.tv\/portada\/wp-json\/wp\/v2\/categories?post=56256"},{"taxonomy":"post_tag","embeddable":true,"href":"https:\/\/www.opinionpublica.tv\/portada\/wp-json\/wp\/v2\/tags?post=56256"}],"curies":[{"name":"wp","href":"https:\/\/api.w.org\/{rel}","templated":true}]}}