{"id":56246,"date":"2025-03-31T00:01:00","date_gmt":"2025-03-31T06:01:00","guid":{"rendered":"https:\/\/www.opinionpublica.tv\/portada\/?p=56246"},"modified":"2025-03-30T15:06:02","modified_gmt":"2025-03-30T21:06:02","slug":"vigilara-comercio-municipal-que-no-se-venda-comida-chatarra-afuera-de-escuelas","status":"publish","type":"post","link":"https:\/\/www.opinionpublica.tv\/portada\/vigilara-comercio-municipal-que-no-se-venda-comida-chatarra-afuera-de-escuelas\/","title":{"rendered":"Vigilar\u00e1 Comercio Municipal que no se venda comida chatarra afuera de escuelas"},"content":{"rendered":"\n<figure class=\"wp-block-image size-full\"><img fetchpriority=\"high\" decoding=\"async\" width=\"800\" height=\"600\" src=\"https:\/\/www.opinionpublica.tv\/portada\/wp-content\/uploads\/2025\/03\/Vigilara-Comercio-Municipal-que-no-se-venda-comida-chatarra-afuera-de-escuelas.jpg\" alt=\"Vigilara\u0301 comercio municipal que no se venda comida chatarra afuera de escuelas\" class=\"wp-image-56248\" srcset=\"https:\/\/www.opinionpublica.tv\/portada\/wp-content\/uploads\/2025\/03\/Vigilara-Comercio-Municipal-que-no-se-venda-comida-chatarra-afuera-de-escuelas.jpg 800w, https:\/\/www.opinionpublica.tv\/portada\/wp-content\/uploads\/2025\/03\/Vigilara-Comercio-Municipal-que-no-se-venda-comida-chatarra-afuera-de-escuelas-300x225.jpg 300w, https:\/\/www.opinionpublica.tv\/portada\/wp-content\/uploads\/2025\/03\/Vigilara-Comercio-Municipal-que-no-se-venda-comida-chatarra-afuera-de-escuelas-768x576.jpg 768w\" sizes=\"(max-width: 800px) 100vw, 800px\" \/><\/figure>\n\n\n\n<p class=\"wp-block-paragraph\"><em>Ciudad Ju\u00e1rez, Chih<\/em>.- A partir de la prohibici\u00f3n de venta de comida \u201cchatarra\u201d en escuelas del pa\u00eds de todos los niveles educativos que entr\u00f3 en vigor el 29 de marzo, la Direcci\u00f3n de Regulaci\u00f3n Comercial del Municipio aplicar\u00e1 un operativo para evitar la venta de estos productos.<\/p>\n\n\n\n<p class=\"wp-block-paragraph\">El titular de la dependencia, Arturo Urquidi Astorga, inform\u00f3 que desde hace m\u00e1s de un mes inspectores de la Direcci\u00f3n est\u00e1n acudiendo a notificar a los vendedores que est\u00e1n alrededor de las escuelas que se tienen que retirar o cambiar su giro en sus productos.<\/p>\n\n\n\n<p class=\"wp-block-paragraph\">\u201cSe tiene prohibido vender alimentos ultra procesados y con alto contenido cal\u00f3rico, frituras de harina y chicharrones de cerdo, papas fritas, nachos con queso y botanas industrializadas, donas, pasteles y pizza, hamburguesas, hot dogs, alimentos y bebidas con sellos de advertencia o leyendas en el empaque\u201d, explic\u00f3.<\/p>\n\n\n\n<p class=\"wp-block-paragraph\">Adem\u00e1s, dijo que tampoco se puede vender dulces, golosinas, paletas y helados de crema, frutas en alm\u00edbar, crema entera o media crema; asimismo las bebidas prohibidas son jugos de caja, n\u00e9ctares y refrescos, bebidas gasificadas, aguas de sabor industrializadas y leches saborizadas.<\/p>\n\n\n\n<p class=\"wp-block-paragraph\">Indic\u00f3 que lo que se va a permitir vender es fruta fresca como fresa, sand\u00eda, mel\u00f3n, tunas, uvas, pi\u00f1a, sin az\u00facar a\u00f1adida, verduras y hortalizas como la zanahoria, pepino, jamaica sin az\u00facar; botanas como las semillas naturales, cacahuates, semillas de girasol, pepitas de calabaza y palomitas de ma\u00edz.<\/p>\n\n\n\n<p class=\"wp-block-paragraph\">Tambi\u00e9n podr\u00e1n vender l\u00e1cteos como yogurt natural, leche sin az\u00facar, queso panela y reques\u00f3n.<\/p>\n\n\n\n<p class=\"wp-block-paragraph\">Adem\u00e1s podr\u00e1n vender tortas y s\u00e1ndwiches de pan integral, tacos de tortilla de ma\u00edz, elotes preparados, burritos con tortilla de harina integral, quesadilla de ma\u00edz o de harina integral y avena con frutos, de bebidas solo agua, t\u00e9s naturales e infusiones de frutas y verduras.<\/p>\n\n\n\n<p class=\"wp-block-paragraph\">El funcionario expres\u00f3 que la multa para quien no acate los nuevos lineamientos ser\u00e1 de una UMA (Unidad de Medida y Actualizaci\u00f3n) 113 .50 pesos a 10 UMAS, mil 135 pesos.<\/p>\n\n\n\n<p class=\"wp-block-paragraph\">\u201cSe puede implementar esa multa, pero ya que la ley sea aplicada, veremos el tabulador que tendr\u00e1 el Gobierno Federal para ver si podemos igualar la infracci\u00f3n a esa ley\u201d, explic\u00f3.<\/p>\n\n\n\n<p class=\"wp-block-paragraph\">El director de Regulaci\u00f3n Comercial dijo que en un principio les va a afectar un poco a los vendedores, pero lo que se pretende es que se ofrezca comida saludable afuera de todas las escuelas primarias, secundarias, preparatorias y universidades.<\/p>\n","protected":false},"excerpt":{"rendered":"<p>Ciudad Ju\u00e1rez, Chih.- A partir de la prohibici\u00f3n de venta de comida \u201cchatarra\u201d en escuelas del pa\u00eds de todos los niveles educativos que entr\u00f3 en vigor el 29 de marzo, la Direcci\u00f3n de Regulaci\u00f3n Comercial del Municipio aplicar\u00e1 un operativo para evitar la venta de estos productos. El titular de la dependencia, Arturo Urquidi Astorga, [&hellip;]<\/p>\n","protected":false},"author":6,"featured_media":56248,"comment_status":"closed","ping_status":"closed","sticky":false,"template":"","format":"standard","meta":{"_acf_changed":false,"_monsterinsights_skip_tracking":false,"slim_seo":{"title":"Vigilar\u00e1 Comercio Municipal que no se venda comida chatarra afuera de escuelas - Opini\u00f3n P\u00fablica","description":"Ciudad Ju\u00e1rez, Chih .- A partir de la prohibici\u00f3n de venta de comida \u201cchatarra\u201d en escuelas del pa\u00eds de todos los niveles educativos que entr\u00f3 en vigor el 29 de"},"footnotes":""},"categories":[41],"tags":[],"class_list":["post-56246","post","type-post","status-publish","format-standard","has-post-thumbnail","hentry","category-juarez"],"acf":[],"_links":{"self":[{"href":"https:\/\/www.opinionpublica.tv\/portada\/wp-json\/wp\/v2\/posts\/56246","targetHints":{"allow":["GET"]}}],"collection":[{"href":"https:\/\/www.opinionpublica.tv\/portada\/wp-json\/wp\/v2\/posts"}],"about":[{"href":"https:\/\/www.opinionpublica.tv\/portada\/wp-json\/wp\/v2\/types\/post"}],"author":[{"embeddable":true,"href":"https:\/\/www.opinionpublica.tv\/portada\/wp-json\/wp\/v2\/users\/6"}],"replies":[{"embeddable":true,"href":"https:\/\/www.opinionpublica.tv\/portada\/wp-json\/wp\/v2\/comments?post=56246"}],"version-history":[{"count":2,"href":"https:\/\/www.opinionpublica.tv\/portada\/wp-json\/wp\/v2\/posts\/56246\/revisions"}],"predecessor-version":[{"id":56250,"href":"https:\/\/www.opinionpublica.tv\/portada\/wp-json\/wp\/v2\/posts\/56246\/revisions\/56250"}],"wp:featuredmedia":[{"embeddable":true,"href":"https:\/\/www.opinionpublica.tv\/portada\/wp-json\/wp\/v2\/media\/56248"}],"wp:attachment":[{"href":"https:\/\/www.opinionpublica.tv\/portada\/wp-json\/wp\/v2\/media?parent=56246"}],"wp:term":[{"taxonomy":"category","embeddable":true,"href":"https:\/\/www.opinionpublica.tv\/portada\/wp-json\/wp\/v2\/categories?post=56246"},{"taxonomy":"post_tag","embeddable":true,"href":"https:\/\/www.opinionpublica.tv\/portada\/wp-json\/wp\/v2\/tags?post=56246"}],"curies":[{"name":"wp","href":"https:\/\/api.w.org\/{rel}","templated":true}]}}