{"id":56154,"date":"2025-03-31T00:01:00","date_gmt":"2025-03-31T06:01:00","guid":{"rendered":"https:\/\/www.opinionpublica.tv\/portada\/?p=56154"},"modified":"2025-03-29T18:01:33","modified_gmt":"2025-03-30T00:01:33","slug":"llegaron-todas-a-proteger-a-cuauhtemoc-hector-de-mauleon","status":"publish","type":"post","link":"https:\/\/www.opinionpublica.tv\/portada\/llegaron-todas-a-proteger-a-cuauhtemoc-hector-de-mauleon\/","title":{"rendered":"Video: Llegaron todas a proteger a Cuauht\u00e9moc | H\u00e9ctor de Maule\u00f3n"},"content":{"rendered":"\n<figure class=\"wp-block-embed is-type-video is-provider-youtube wp-block-embed-youtube wp-embed-aspect-16-9 wp-has-aspect-ratio\"><div class=\"wp-block-embed__wrapper\">\n<iframe title=\"Llegaron todas... a proteger a Cuauht\u00e9moc: H\u00e9ctor de Maule\u00f3n\" width=\"800\" height=\"450\" src=\"https:\/\/www.youtube.com\/embed\/insrnzBo-yw?feature=oembed\" frameborder=\"0\" allow=\"accelerometer; autoplay; clipboard-write; encrypted-media; gyroscope; picture-in-picture; web-share\" referrerpolicy=\"strict-origin-when-cross-origin\" allowfullscreen><\/iframe>\n<\/div><\/figure>\n\n\n\n<p class=\"wp-block-paragraph\">El periodista e historiador, H\u00e9ctor de Maule\u00f3n, reprocha que tanto la presidenta Claudia Sheinbaum como 291 legisladoras hayan aplastado la voz de una v\u00edctima desde el poder, protegiendo a su agresor al mantenerlo con fuero.<\/p>\n\n\n\n<p class=\"wp-block-paragraph\"><em>Cr\u00e9ditos: Latinus<\/em>.<\/p>\n","protected":false},"excerpt":{"rendered":"<p>El periodista e historiador, H\u00e9ctor de Maule\u00f3n, reprocha que tanto la presidenta Claudia Sheinbaum como 291 legisladoras hayan aplastado la voz de una v\u00edctima desde el poder, protegiendo a su agresor al mantenerlo con fuero. Cr\u00e9ditos: Latinus.<\/p>\n","protected":false},"author":6,"featured_media":56159,"comment_status":"closed","ping_status":"closed","sticky":false,"template":"","format":"standard","meta":{"_acf_changed":false,"_monsterinsights_skip_tracking":false,"slim_seo":{"title":"Video: Llegaron todas a proteger a Cuauht\u00e9moc | H\u00e9ctor de Maule\u00f3n - Opini\u00f3n P\u00fablica","description":"https:\/\/youtu.be\/insrnzBo-yw?si=K9SGttJ1KNsSLiSg El periodista e historiador, H\u00e9ctor de Maule\u00f3n, reprocha que tanto la presidenta Claudia Sheinbaum como 291 leg"},"footnotes":""},"categories":[2,13,8],"tags":[],"class_list":["post-56154","post","type-post","status-publish","format-standard","has-post-thumbnail","hentry","category-videos-destacados","category-videos-destacados-contenido","category-videos"],"acf":[],"_links":{"self":[{"href":"https:\/\/www.opinionpublica.tv\/portada\/wp-json\/wp\/v2\/posts\/56154","targetHints":{"allow":["GET"]}}],"collection":[{"href":"https:\/\/www.opinionpublica.tv\/portada\/wp-json\/wp\/v2\/posts"}],"about":[{"href":"https:\/\/www.opinionpublica.tv\/portada\/wp-json\/wp\/v2\/types\/post"}],"author":[{"embeddable":true,"href":"https:\/\/www.opinionpublica.tv\/portada\/wp-json\/wp\/v2\/users\/6"}],"replies":[{"embeddable":true,"href":"https:\/\/www.opinionpublica.tv\/portada\/wp-json\/wp\/v2\/comments?post=56154"}],"version-history":[{"count":4,"href":"https:\/\/www.opinionpublica.tv\/portada\/wp-json\/wp\/v2\/posts\/56154\/revisions"}],"predecessor-version":[{"id":56160,"href":"https:\/\/www.opinionpublica.tv\/portada\/wp-json\/wp\/v2\/posts\/56154\/revisions\/56160"}],"wp:featuredmedia":[{"embeddable":true,"href":"https:\/\/www.opinionpublica.tv\/portada\/wp-json\/wp\/v2\/media\/56159"}],"wp:attachment":[{"href":"https:\/\/www.opinionpublica.tv\/portada\/wp-json\/wp\/v2\/media?parent=56154"}],"wp:term":[{"taxonomy":"category","embeddable":true,"href":"https:\/\/www.opinionpublica.tv\/portada\/wp-json\/wp\/v2\/categories?post=56154"},{"taxonomy":"post_tag","embeddable":true,"href":"https:\/\/www.opinionpublica.tv\/portada\/wp-json\/wp\/v2\/tags?post=56154"}],"curies":[{"name":"wp","href":"https:\/\/api.w.org\/{rel}","templated":true}]}}