{"id":56061,"date":"2025-03-28T00:01:00","date_gmt":"2025-03-28T06:01:00","guid":{"rendered":"https:\/\/www.opinionpublica.tv\/portada\/?p=56061"},"modified":"2025-03-27T21:55:18","modified_gmt":"2025-03-28T03:55:18","slug":"arrasa-ivan-perez-en-la-votacion-es-el-nuevo-presidente-de-canaco-en-juarez","status":"publish","type":"post","link":"https:\/\/www.opinionpublica.tv\/portada\/arrasa-ivan-perez-en-la-votacion-es-el-nuevo-presidente-de-canaco-en-juarez\/","title":{"rendered":"Arrasa Iv\u00e1n P\u00e9rez en votaci\u00f3n y es el nuevo presidente de la CANACO en Ciudad Ju\u00e1rez"},"content":{"rendered":"\n<figure class=\"wp-block-image size-large\"><img fetchpriority=\"high\" decoding=\"async\" width=\"1024\" height=\"764\" src=\"https:\/\/www.opinionpublica.tv\/portada\/wp-content\/uploads\/2025\/03\/Arrasa-Ivan-Perez-en-votacion-y-es-el-nuevo-presidente-de-la-CANACO-en-Ciudad-Juarez-1024x764.png\" alt=\"Arrasa iva\u0301n pe\u0301rez en votacio\u0301n y es el nuevo presidente de la canaco en ciudad jua\u0301rez\" class=\"wp-image-56065\" srcset=\"https:\/\/www.opinionpublica.tv\/portada\/wp-content\/uploads\/2025\/03\/Arrasa-Ivan-Perez-en-votacion-y-es-el-nuevo-presidente-de-la-CANACO-en-Ciudad-Juarez-1024x764.png 1024w, https:\/\/www.opinionpublica.tv\/portada\/wp-content\/uploads\/2025\/03\/Arrasa-Ivan-Perez-en-votacion-y-es-el-nuevo-presidente-de-la-CANACO-en-Ciudad-Juarez-300x224.png 300w, https:\/\/www.opinionpublica.tv\/portada\/wp-content\/uploads\/2025\/03\/Arrasa-Ivan-Perez-en-votacion-y-es-el-nuevo-presidente-de-la-CANACO-en-Ciudad-Juarez-768x573.png 768w, https:\/\/www.opinionpublica.tv\/portada\/wp-content\/uploads\/2025\/03\/Arrasa-Ivan-Perez-en-votacion-y-es-el-nuevo-presidente-de-la-CANACO-en-Ciudad-Juarez-1536x1146.png 1536w, https:\/\/www.opinionpublica.tv\/portada\/wp-content\/uploads\/2025\/03\/Arrasa-Ivan-Perez-en-votacion-y-es-el-nuevo-presidente-de-la-CANACO-en-Ciudad-Juarez.png 1686w\" sizes=\"(max-width: 1024px) 100vw, 1024px\" \/><\/figure>\n\n\n\n<p class=\"wp-block-paragraph\"><em>Ciudad Ju\u00e1rez, Chih<\/em>.- Con una diferencia de m\u00e1s de mil votos con el segundo lugar, el abogado y empresario, Iv\u00e1n Antonio P\u00e9rez Ruiz, gan\u00f3 este jueves las elecciones internas de la C\u00e1mara Nacional de Comercio (Canaco) en Ciudad Ju\u00e1rez.<\/p>\n\n\n\n<p class=\"wp-block-paragraph\">El candidato de la planilla Azul, result\u00f3 electo como nuevo presidente del gremio comercial para el periodo 2025-2026 con un total de 1 mil 204 votos.<\/p>\n\n\n\n<p class=\"wp-block-paragraph\">El segundo lugar fue para la planilla Platino de Raymundo Dominguez con 126 votos, 66 para la Morada de Jorge Mej\u00eda y 55 para la Blanca, de la ahora ex presidenta de Canaco, Elizabeth Villalobos.<\/p>\n\n\n\n<p class=\"wp-block-paragraph\">La notificaci\u00f3n del escrutinio y la planilla ganadora del organismo fue supervisada por la coordinadora de la Secretar\u00eda de Econom\u00eda, en Ciudad Ju\u00e1rez, Belinda D\u00edaz Ponce, al tiempo que el notario n\u00famero uno, H\u00e9ctor Arcelus, dio fe de la asamblea.<\/p>\n\n\n\n<p class=\"wp-block-paragraph\">P\u00e9rez Ruiz destac\u00f3 la importancia de la unidad dentro del sector comercial y de servicios de Ciudad Ju\u00e1rez y se\u00f1al\u00f3 que su administraci\u00f3n trabajar\u00e1 en proyectos que beneficien a los empresarios juarenses.<\/p>\n\n\n\n<p class=\"wp-block-paragraph\">Mencion\u00f3 que su equipo tiene un plan de acci\u00f3n enfocado en mejorar las condiciones para los comerciantes y fomentar la transparencia en la gesti\u00f3n del organismo.<\/p>\n","protected":false},"excerpt":{"rendered":"<p>Ciudad Ju\u00e1rez, Chih.- Con una diferencia de m\u00e1s de mil votos con el segundo lugar, el abogado y empresario, Iv\u00e1n Antonio P\u00e9rez Ruiz, gan\u00f3 este jueves las elecciones internas de la C\u00e1mara Nacional de Comercio (Canaco) en Ciudad Ju\u00e1rez. El candidato de la planilla Azul, result\u00f3 electo como nuevo presidente del gremio comercial para el [&hellip;]<\/p>\n","protected":false},"author":6,"featured_media":56065,"comment_status":"closed","ping_status":"closed","sticky":false,"template":"","format":"standard","meta":{"_acf_changed":false,"_monsterinsights_skip_tracking":false,"slim_seo":{"title":"Arrasa Iv\u00e1n P\u00e9rez en votaci\u00f3n y es el nuevo presidente de la CANACO en Ciudad Ju\u00e1rez - Opini\u00f3n P\u00fablica","description":"Ciudad Ju\u00e1rez, Chih .- Con una diferencia de m\u00e1s de mil votos con el segundo lugar, el abogado y empresario, Iv\u00e1n Antonio P\u00e9rez Ruiz, gan\u00f3 este jueves las elecc"},"footnotes":""},"categories":[41],"tags":[],"class_list":["post-56061","post","type-post","status-publish","format-standard","has-post-thumbnail","hentry","category-juarez"],"acf":[],"_links":{"self":[{"href":"https:\/\/www.opinionpublica.tv\/portada\/wp-json\/wp\/v2\/posts\/56061","targetHints":{"allow":["GET"]}}],"collection":[{"href":"https:\/\/www.opinionpublica.tv\/portada\/wp-json\/wp\/v2\/posts"}],"about":[{"href":"https:\/\/www.opinionpublica.tv\/portada\/wp-json\/wp\/v2\/types\/post"}],"author":[{"embeddable":true,"href":"https:\/\/www.opinionpublica.tv\/portada\/wp-json\/wp\/v2\/users\/6"}],"replies":[{"embeddable":true,"href":"https:\/\/www.opinionpublica.tv\/portada\/wp-json\/wp\/v2\/comments?post=56061"}],"version-history":[{"count":4,"href":"https:\/\/www.opinionpublica.tv\/portada\/wp-json\/wp\/v2\/posts\/56061\/revisions"}],"predecessor-version":[{"id":56066,"href":"https:\/\/www.opinionpublica.tv\/portada\/wp-json\/wp\/v2\/posts\/56061\/revisions\/56066"}],"wp:featuredmedia":[{"embeddable":true,"href":"https:\/\/www.opinionpublica.tv\/portada\/wp-json\/wp\/v2\/media\/56065"}],"wp:attachment":[{"href":"https:\/\/www.opinionpublica.tv\/portada\/wp-json\/wp\/v2\/media?parent=56061"}],"wp:term":[{"taxonomy":"category","embeddable":true,"href":"https:\/\/www.opinionpublica.tv\/portada\/wp-json\/wp\/v2\/categories?post=56061"},{"taxonomy":"post_tag","embeddable":true,"href":"https:\/\/www.opinionpublica.tv\/portada\/wp-json\/wp\/v2\/tags?post=56061"}],"curies":[{"name":"wp","href":"https:\/\/api.w.org\/{rel}","templated":true}]}}