{"id":56050,"date":"2025-03-28T00:01:00","date_gmt":"2025-03-28T06:01:00","guid":{"rendered":"https:\/\/www.opinionpublica.tv\/portada\/?p=56050"},"modified":"2025-03-27T21:28:21","modified_gmt":"2025-03-28T03:28:21","slug":"presenta-dif-estatal-chihuahua-campana-cuenta-conmigo-tu-familia-es-primero","status":"publish","type":"post","link":"https:\/\/www.opinionpublica.tv\/portada\/presenta-dif-estatal-chihuahua-campana-cuenta-conmigo-tu-familia-es-primero\/","title":{"rendered":"Lanza DIF Estatal campa\u00f1a \u00abCuenta Conmigo: Tu Familia es Primero\u00bb"},"content":{"rendered":"\n<figure class=\"wp-block-image size-large\"><img fetchpriority=\"high\" decoding=\"async\" width=\"1024\" height=\"682\" src=\"https:\/\/www.opinionpublica.tv\/portada\/wp-content\/uploads\/2025\/03\/Lanza-DIF-Estatal-campana-22Cuenta-Conmigo-Tu-Familia-es-Primero22-1024x682.jpeg\" alt=\"Lanza dif estatal campan\u0303a %22cuenta conmigo tu familia es primero%22\" class=\"wp-image-56053\" srcset=\"https:\/\/www.opinionpublica.tv\/portada\/wp-content\/uploads\/2025\/03\/Lanza-DIF-Estatal-campana-22Cuenta-Conmigo-Tu-Familia-es-Primero22-1024x682.jpeg 1024w, https:\/\/www.opinionpublica.tv\/portada\/wp-content\/uploads\/2025\/03\/Lanza-DIF-Estatal-campana-22Cuenta-Conmigo-Tu-Familia-es-Primero22-300x200.jpeg 300w, https:\/\/www.opinionpublica.tv\/portada\/wp-content\/uploads\/2025\/03\/Lanza-DIF-Estatal-campana-22Cuenta-Conmigo-Tu-Familia-es-Primero22-768x512.jpeg 768w, https:\/\/www.opinionpublica.tv\/portada\/wp-content\/uploads\/2025\/03\/Lanza-DIF-Estatal-campana-22Cuenta-Conmigo-Tu-Familia-es-Primero22-1536x1023.jpeg 1536w, https:\/\/www.opinionpublica.tv\/portada\/wp-content\/uploads\/2025\/03\/Lanza-DIF-Estatal-campana-22Cuenta-Conmigo-Tu-Familia-es-Primero22.jpeg 1600w\" sizes=\"(max-width: 1024px) 100vw, 1024px\" \/><\/figure>\n\n\n\n<p class=\"wp-block-paragraph\"><em>Chihuahua, Chih<\/em>.- En el marco del mes de la familia, el Gobierno del Estado present\u00f3 la campa\u00f1a \u201cCuenta Conmigo: Tu Familia es Primero\u201d, una estrategia del DIF Estatal que busca promover a los lazos familiares, como el eje que sostiene a la cohesi\u00f3n social, y prioridad de las acciones que impulsa la administraci\u00f3n.<\/p>\n\n\n\n<p class=\"wp-block-paragraph\">En rueda de prensa, Mar\u00eda Eugenia Galv\u00e1n Antill\u00f3n y Gabriel Eguiarte Fruns, presidenta y director del DIF Estatal, respectivamente, detallaron que la iniciativa contempla la difusi\u00f3n de contenidos que promuevan la crianza afectiva y los entornos seguros, para el desarrollo de ni\u00f1as, ni\u00f1os y adolescentes.<\/p>\n\n\n\n<p class=\"wp-block-paragraph\">Galv\u00e1n Antill\u00f3n se\u00f1al\u00f3 la importancia que tiene la familia como base de la sociedad, e indic\u00f3 que se pretende reforzar esta premisa, en seguimiento a los principales compromisos del organismo que encabeza.<\/p>\n\n\n\n<p class=\"wp-block-paragraph\">\u00abTodas y todos somos parte de una familia, y sabemos que nadie nace sabiendo ser padre o madre, por ello queremos darles las herramientas necesarias para tener una gu\u00eda en la crianza de sus hijas e hijos\u00bb, se\u00f1al\u00f3.<\/p>\n\n\n\n<p class=\"wp-block-paragraph\">La campa\u00f1a incluye acciones sencillas y toma como base la palabra \u201cACERCA\u201d, as\u00ed como seis conceptos que conforman su acr\u00f3nimo: Ama, Conecta, Escucha, Respecta, Con ejemplo y Agradece, a partir de lo cual, se brindar\u00e1 informaci\u00f3n, formaci\u00f3n y herramientas con las que cada familia pueda construir un ambiente seguro, amoroso y respetuoso.<\/p>\n\n\n\n<p class=\"wp-block-paragraph\">Eguiarte Fruns indic\u00f3 que como parte de las actividades y eventos, el jueves 27 de marzo a las 9 de la ma\u00f1ana, en el Parque Central de Ciudad Ju\u00e1rez, se llevar\u00e1 a cabo una clase de Matrogimnasia, con la participaci\u00f3n de 500 estudiantes del nivel B\u00e1sico de los subsistemas estatal y federal, acompa\u00f1ados por un padre o madre.<\/p>\n\n\n\n<p class=\"wp-block-paragraph\">El domingo 30 de marzo, de las 11 de la ma\u00f1ana a las 6 de la tarde, se realizar\u00e1 el festejo \u201cTu Familia es Primero\u00bb,&nbsp; en el parque \u201cEl Colibr\u00ed\u201d de la capital.<\/p>\n\n\n\n<p class=\"wp-block-paragraph\">El domingo 27 de abril, de 11 de la ma\u00f1ana a las 7 de la tarde, ser\u00e1 el Festejo del D\u00eda de la Ni\u00f1ez, un evento para toda la familia en el Museo Semilla, cuyo boleto de entrada ese d\u00eda tendr\u00e1 un costo de 30 pesos.<\/p>\n\n\n\n<p class=\"wp-block-paragraph\">Ese mismo d\u00eda, pero de 11 de la ma\u00f1ana a 8 de la noche, tambi\u00e9n se celebrar\u00e1 a las ni\u00f1as y los ni\u00f1os chihuahuenses en el parque \u201cEl Colibr\u00ed\u201d, con la entregada general a un precio de 15 pesos.<\/p>\n\n\n\n<p class=\"wp-block-paragraph\">La estrategia incluye tambi\u00e9n la difusi\u00f3n de contenidos tales como spots de radio y televisi\u00f3n con mensajes cortos sobre crianza afectiva; c\u00e1psulas informativas con consejos pr\u00e1cticos para madres, padres y cuidadores, as\u00ed como infograf\u00edas y carteles en espacios p\u00fablicos para reforzar las ideas positivas.<\/p>\n\n\n\n<p class=\"wp-block-paragraph\">Aunado a esto, se generar\u00e1n contenidos din\u00e1micos para redes sociales, con el objetivo de conectar con todos los integrantes de las familias de manera cercana y accesible.<\/p>\n\n\n\n<p class=\"wp-block-paragraph\">Asimismo, se llevar\u00e1n a cabo cursos y conferencias sobre crianza afectiva, y se establecer\u00e1n alianzas con organismos e instituciones interesadas en transmitir estos mensajes a trav\u00e9s de sus propios medios.<\/p>\n","protected":false},"excerpt":{"rendered":"<p>Chihuahua, Chih.- En el marco del mes de la familia, el Gobierno del Estado present\u00f3 la campa\u00f1a \u201cCuenta Conmigo: Tu Familia es Primero\u201d, una estrategia del DIF Estatal que busca promover a los lazos familiares, como el eje que sostiene a la cohesi\u00f3n social, y prioridad de las acciones que impulsa la administraci\u00f3n. En rueda [&hellip;]<\/p>\n","protected":false},"author":6,"featured_media":56053,"comment_status":"closed","ping_status":"closed","sticky":false,"template":"","format":"standard","meta":{"_acf_changed":false,"_monsterinsights_skip_tracking":false,"slim_seo":{"title":"Lanza DIF Estatal campa\u00f1a \"Cuenta Conmigo: Tu Familia es Primero\" - Opini\u00f3n P\u00fablica","description":"Chihuahua, Chih .- En el marco del mes de la familia, el Gobierno del Estado present\u00f3 la campa\u00f1a \u201cCuenta Conmigo: Tu Familia es Primero\u201d, una estrategia del DIF"},"footnotes":""},"categories":[11],"tags":[],"class_list":["post-56050","post","type-post","status-publish","format-standard","has-post-thumbnail","hentry","category-tendencias"],"acf":[],"_links":{"self":[{"href":"https:\/\/www.opinionpublica.tv\/portada\/wp-json\/wp\/v2\/posts\/56050","targetHints":{"allow":["GET"]}}],"collection":[{"href":"https:\/\/www.opinionpublica.tv\/portada\/wp-json\/wp\/v2\/posts"}],"about":[{"href":"https:\/\/www.opinionpublica.tv\/portada\/wp-json\/wp\/v2\/types\/post"}],"author":[{"embeddable":true,"href":"https:\/\/www.opinionpublica.tv\/portada\/wp-json\/wp\/v2\/users\/6"}],"replies":[{"embeddable":true,"href":"https:\/\/www.opinionpublica.tv\/portada\/wp-json\/wp\/v2\/comments?post=56050"}],"version-history":[{"count":3,"href":"https:\/\/www.opinionpublica.tv\/portada\/wp-json\/wp\/v2\/posts\/56050\/revisions"}],"predecessor-version":[{"id":56054,"href":"https:\/\/www.opinionpublica.tv\/portada\/wp-json\/wp\/v2\/posts\/56050\/revisions\/56054"}],"wp:featuredmedia":[{"embeddable":true,"href":"https:\/\/www.opinionpublica.tv\/portada\/wp-json\/wp\/v2\/media\/56053"}],"wp:attachment":[{"href":"https:\/\/www.opinionpublica.tv\/portada\/wp-json\/wp\/v2\/media?parent=56050"}],"wp:term":[{"taxonomy":"category","embeddable":true,"href":"https:\/\/www.opinionpublica.tv\/portada\/wp-json\/wp\/v2\/categories?post=56050"},{"taxonomy":"post_tag","embeddable":true,"href":"https:\/\/www.opinionpublica.tv\/portada\/wp-json\/wp\/v2\/tags?post=56050"}],"curies":[{"name":"wp","href":"https:\/\/api.w.org\/{rel}","templated":true}]}}