{"id":56032,"date":"2025-03-28T00:01:00","date_gmt":"2025-03-28T06:01:00","guid":{"rendered":"https:\/\/www.opinionpublica.tv\/portada\/?p=56032"},"modified":"2025-03-27T21:11:54","modified_gmt":"2025-03-28T03:11:54","slug":"ni-perdon-ni-olvido-realizan-vigilia-en-ciudad-juarez-para-recordar-a-40-victimas-de-incendio-en-estacion-migratoria","status":"publish","type":"post","link":"https:\/\/www.opinionpublica.tv\/portada\/ni-perdon-ni-olvido-realizan-vigilia-en-ciudad-juarez-para-recordar-a-40-victimas-de-incendio-en-estacion-migratoria\/","title":{"rendered":"\u00abNi perd\u00f3n ni olvido\u00bb: Vigilia en Ciudad Ju\u00e1rez para recordar a las 40 v\u00edctimas del incendio en estaci\u00f3n migratoria"},"content":{"rendered":"\n<figure class=\"wp-block-image size-full\"><img fetchpriority=\"high\" decoding=\"async\" width=\"1005\" height=\"620\" src=\"https:\/\/www.opinionpublica.tv\/portada\/wp-content\/uploads\/2025\/03\/22Ni-perdon-ni-olvido22-Vigilia-en-Ciudad-Juarez-para-recordar-a-las-40-victimas-de-incendio-en-estacion-migratoria.avif\" alt=\"%22ni perdo\u0301n ni olvido%22 vigilia en ciudad jua\u0301rez para recordar a las 40 vi\u0301ctimas de incendio en estacio\u0301n migratoria\" class=\"wp-image-56036\"\/><\/figure>\n\n\n\n<p class=\"wp-block-paragraph\"><em>Ciudad Ju\u00e1rez<\/em>, <em>Chih<\/em>.- Con cantos, velas y flores blancas, organizaciones civiles en Ciudad Ju\u00e1rez, Chihuahua, realizaron esta tarde una vigilia para recordar a los migrantes fallecidos en el incendio en la estancia migratoria del Instituto Nacional de Migraci\u00f3n (INM) ubicado en el Puente Lerdo.<\/p>\n\n\n\n<p class=\"wp-block-paragraph\">La acci\u00f3n se llev\u00f3 a cabo a las afueras de la estancia migratoria, donde sobre el pavimento se dibuj\u00f3 un c\u00edrculo y al centro se dej\u00f3 una cruz con las banderas de diversos pa\u00edses centroamericanos as\u00ed como unos zapatos y una mochila.<\/p>\n\n\n\n<p class=\"wp-block-paragraph\">Alrededor del c\u00edrculo se instalaron velas en color blanco, amarillo y rosa, as\u00ed como flores en color blanco, con la intenci\u00f3n de recordar a los 40 fallecidos y 27 heridos en el incendio de la estancia migratoria.<\/p>\n\n\n\n<p class=\"wp-block-paragraph\">Al inicio de la ceremonia se llev\u00f3 a cabo un pase de lista con el nombre de los fallecidos, adem\u00e1s de colocar una manta con la leyenda \u201cMigrar es un derecho, ni perd\u00f3n ni olvido. #27M memoria y justicia\u201d.<\/p>\n\n\n\n<p class=\"wp-block-paragraph\">A la actividad acudieron decenas de personas integrantes de colectivos locales y algunos migrantes que se encuentran actualmente en Ciudad Ju\u00e1rez.<\/p>\n\n\n\n<p class=\"wp-block-paragraph\">El incendio en la estancia migratoria ocurri\u00f3 la noche del 27 de marzo del 2023 en Ciudad Ju\u00e1rez, Chihuahua y de acuerdo con lo que se ha dado a conocer, inici\u00f3 como forma de protesta por parte de los migrantes que ped\u00edan agua, alimentos y que estaban en contra de estar recluidos en contra de su voluntad en la estancia.<\/p>\n\n\n\n<p class=\"wp-block-paragraph\"><em>Con informaci\u00f3n de El Universal<\/em>.<\/p>\n","protected":false},"excerpt":{"rendered":"<p>Ciudad Ju\u00e1rez, Chih.- Con cantos, velas y flores blancas, organizaciones civiles en Ciudad Ju\u00e1rez, Chihuahua, realizaron esta tarde una vigilia para recordar a los migrantes fallecidos en el incendio en la estancia migratoria del Instituto Nacional de Migraci\u00f3n (INM) ubicado en el Puente Lerdo. La acci\u00f3n se llev\u00f3 a cabo a las afueras de la [&hellip;]<\/p>\n","protected":false},"author":6,"featured_media":56036,"comment_status":"closed","ping_status":"closed","sticky":false,"template":"","format":"standard","meta":{"_acf_changed":false,"_monsterinsights_skip_tracking":false,"slim_seo":{"title":"\"Ni perd\u00f3n ni olvido\": Vigilia en Ciudad Ju\u00e1rez para recordar a las 40 v\u00edctimas del incendio en estaci\u00f3n migratoria - Opini\u00f3n P\u00fablica","description":"Ciudad Ju\u00e1rez , Chih .- Con cantos, velas y flores blancas, organizaciones civiles en Ciudad Ju\u00e1rez, Chihuahua, realizaron esta tarde una vigilia para recordar"},"footnotes":""},"categories":[3],"tags":[],"class_list":["post-56032","post","type-post","status-publish","format-standard","has-post-thumbnail","hentry","category-principal"],"acf":[],"_links":{"self":[{"href":"https:\/\/www.opinionpublica.tv\/portada\/wp-json\/wp\/v2\/posts\/56032","targetHints":{"allow":["GET"]}}],"collection":[{"href":"https:\/\/www.opinionpublica.tv\/portada\/wp-json\/wp\/v2\/posts"}],"about":[{"href":"https:\/\/www.opinionpublica.tv\/portada\/wp-json\/wp\/v2\/types\/post"}],"author":[{"embeddable":true,"href":"https:\/\/www.opinionpublica.tv\/portada\/wp-json\/wp\/v2\/users\/6"}],"replies":[{"embeddable":true,"href":"https:\/\/www.opinionpublica.tv\/portada\/wp-json\/wp\/v2\/comments?post=56032"}],"version-history":[{"count":4,"href":"https:\/\/www.opinionpublica.tv\/portada\/wp-json\/wp\/v2\/posts\/56032\/revisions"}],"predecessor-version":[{"id":56038,"href":"https:\/\/www.opinionpublica.tv\/portada\/wp-json\/wp\/v2\/posts\/56032\/revisions\/56038"}],"wp:featuredmedia":[{"embeddable":true,"href":"https:\/\/www.opinionpublica.tv\/portada\/wp-json\/wp\/v2\/media\/56036"}],"wp:attachment":[{"href":"https:\/\/www.opinionpublica.tv\/portada\/wp-json\/wp\/v2\/media?parent=56032"}],"wp:term":[{"taxonomy":"category","embeddable":true,"href":"https:\/\/www.opinionpublica.tv\/portada\/wp-json\/wp\/v2\/categories?post=56032"},{"taxonomy":"post_tag","embeddable":true,"href":"https:\/\/www.opinionpublica.tv\/portada\/wp-json\/wp\/v2\/tags?post=56032"}],"curies":[{"name":"wp","href":"https:\/\/api.w.org\/{rel}","templated":true}]}}