{"id":56029,"date":"2025-03-28T00:01:00","date_gmt":"2025-03-28T06:01:00","guid":{"rendered":"https:\/\/www.opinionpublica.tv\/portada\/?p=56029"},"modified":"2025-03-27T21:05:46","modified_gmt":"2025-03-28T03:05:46","slug":"insolita-votacion-en-canaco","status":"publish","type":"post","link":"https:\/\/www.opinionpublica.tv\/portada\/insolita-votacion-en-canaco\/","title":{"rendered":"Ins\u00f3lita votaci\u00f3n en CANACO"},"content":{"rendered":"\n<h4 class=\"wp-block-heading\">Ra\u00fal Ruiz<\/h4>\n\n\n\n<p class=\"wp-block-paragraph\">___________________________<\/p>\n\n\n\n<p class=\"wp-block-paragraph\">Un total de 1,451 socios de CANACO acudieron a votar, y decidieron que IV\u00c1N P\u00c9REZ RUIZ, de la planilla azul fuera su presidente por el per\u00edodo, 2025-2026.<\/p>\n\n\n\n<p class=\"wp-block-paragraph\">La coordinadora de la Secretar\u00eda de Econom\u00eda, en Ciudad Ju\u00e1rez, Belinda D\u00edaz Ponce, autentific\u00f3 el resultado de las votaciones, y el notario No.1, H\u00e9ctor Arcelus, dio fe de la asamblea.<\/p>\n\n\n\n<p class=\"wp-block-paragraph\">El regocijo no pudo contenerse en la mayor\u00eda de los asociados y se expres\u00f3 enmedio de gran algarab\u00eda.<\/p>\n\n\n\n<p class=\"wp-block-paragraph\">Aqu\u00ed las cifras oficiales:<\/p>\n\n\n\n<p class=\"wp-block-paragraph\">LAS PLANILLAS<\/p>\n\n\n\n<p class=\"wp-block-paragraph\">AZUL 1,204<\/p>\n\n\n\n<p class=\"wp-block-paragraph\">PLATINO 126<\/p>\n\n\n\n<p class=\"wp-block-paragraph\">MORADA 66<\/p>\n\n\n\n<p class=\"wp-block-paragraph\">BLANCA 55<\/p>\n\n\n\n<p class=\"wp-block-paragraph\">Nunca hubo una elecci\u00f3n tan copiosa en la historia de la CANACO en Ciudad Ju\u00e1rez.<\/p>\n\n\n\n<p class=\"wp-block-paragraph\">Y por lo tanto, nunca ning\u00fan presidente anterior hab\u00eda conseguido tantos votos.<\/p>\n\n\n\n<p class=\"wp-block-paragraph\">Seg\u00fan mi \u00f3ptica personal, el resultado fue conseguido por un minucioso plan de campa\u00f1a desplegado por el candidato IV\u00c1N P\u00c9REZ, y su equipo.<\/p>\n\n\n\n<p class=\"wp-block-paragraph\">De los cuatro participantes, fue el \u00fanico que hizo presencia en todos los medios de difusi\u00f3n.<\/p>\n\n\n\n<p class=\"wp-block-paragraph\">Radio, tv, podcast, carteleras electr\u00f3nicas, videos promocionales en redes sociales, mensajes directos, recorridos y sobre todo, entrevistas en corto, con la gran mayor\u00eda de los socios.<\/p>\n\n\n\n<p class=\"wp-block-paragraph\">Mucho tuvo que ver su propuesta de trabajo basada en 25 puntos de gran atracci\u00f3n para el comercio de esta ciudad fronteriza.<\/p>\n\n\n\n<p class=\"wp-block-paragraph\">Pero todo este esfuerzo habr\u00eda sido in\u00fatil sin su habilidad negociadora con los dos m\u00e1s importantes grupos dentro de la C\u00e1mara.<\/p>\n\n\n\n<p class=\"wp-block-paragraph\">Del R\u00edo y OXXO.<\/p>\n\n\n\n<p class=\"wp-block-paragraph\">Seg\u00fan los analistas internos de CANACO, todo parece indicar que habr\u00e1 jauja y tranquilidad.<\/p>\n\n\n\n<p class=\"wp-block-paragraph\">Al parecer, el ganador conoce bien los intr\u00edngulis de la C\u00e1mara y ofrecer\u00e1 buenos resultados.<\/p>\n","protected":false},"excerpt":{"rendered":"<p>Ra\u00fal Ruiz ___________________________ Un total de 1,451 socios de CANACO acudieron a votar, y decidieron que IV\u00c1N P\u00c9REZ RUIZ, de la planilla azul fuera su presidente por el per\u00edodo, 2025-2026. La coordinadora de la Secretar\u00eda de Econom\u00eda, en Ciudad Ju\u00e1rez, Belinda D\u00edaz Ponce, autentific\u00f3 el resultado de las votaciones, y el notario No.1, H\u00e9ctor Arcelus, [&hellip;]<\/p>\n","protected":false},"author":6,"featured_media":43347,"comment_status":"closed","ping_status":"closed","sticky":false,"template":"","format":"standard","meta":{"_acf_changed":false,"_monsterinsights_skip_tracking":false,"slim_seo":{"title":"Ins\u00f3lita votaci\u00f3n en CANACO - Opini\u00f3n P\u00fablica","description":"Ra\u00fal Ruiz ___________________________ Un total de 1,451 socios de CANACO acudieron a votar, y decidieron que IV\u00c1N P\u00c9REZ RUIZ, de la planilla azul fuera su presi"},"footnotes":""},"categories":[21],"tags":[593],"class_list":["post-56029","post","type-post","status-publish","format-standard","has-post-thumbnail","hentry","category-cartapacio","tag-cartapacio"],"acf":[],"_links":{"self":[{"href":"https:\/\/www.opinionpublica.tv\/portada\/wp-json\/wp\/v2\/posts\/56029","targetHints":{"allow":["GET"]}}],"collection":[{"href":"https:\/\/www.opinionpublica.tv\/portada\/wp-json\/wp\/v2\/posts"}],"about":[{"href":"https:\/\/www.opinionpublica.tv\/portada\/wp-json\/wp\/v2\/types\/post"}],"author":[{"embeddable":true,"href":"https:\/\/www.opinionpublica.tv\/portada\/wp-json\/wp\/v2\/users\/6"}],"replies":[{"embeddable":true,"href":"https:\/\/www.opinionpublica.tv\/portada\/wp-json\/wp\/v2\/comments?post=56029"}],"version-history":[{"count":2,"href":"https:\/\/www.opinionpublica.tv\/portada\/wp-json\/wp\/v2\/posts\/56029\/revisions"}],"predecessor-version":[{"id":56031,"href":"https:\/\/www.opinionpublica.tv\/portada\/wp-json\/wp\/v2\/posts\/56029\/revisions\/56031"}],"wp:featuredmedia":[{"embeddable":true,"href":"https:\/\/www.opinionpublica.tv\/portada\/wp-json\/wp\/v2\/media\/43347"}],"wp:attachment":[{"href":"https:\/\/www.opinionpublica.tv\/portada\/wp-json\/wp\/v2\/media?parent=56029"}],"wp:term":[{"taxonomy":"category","embeddable":true,"href":"https:\/\/www.opinionpublica.tv\/portada\/wp-json\/wp\/v2\/categories?post=56029"},{"taxonomy":"post_tag","embeddable":true,"href":"https:\/\/www.opinionpublica.tv\/portada\/wp-json\/wp\/v2\/tags?post=56029"}],"curies":[{"name":"wp","href":"https:\/\/api.w.org\/{rel}","templated":true}]}}