{"id":56018,"date":"2025-03-28T00:01:00","date_gmt":"2025-03-28T06:01:00","guid":{"rendered":"https:\/\/www.opinionpublica.tv\/portada\/?p=56018"},"modified":"2025-03-27T20:55:46","modified_gmt":"2025-03-28T02:55:46","slug":"como-europa-esta-aumentando-el-gasto-militar-por-el-giro-de-la-politica-estadounidense-con-trump","status":"publish","type":"post","link":"https:\/\/www.opinionpublica.tv\/portada\/como-europa-esta-aumentando-el-gasto-militar-por-el-giro-de-la-politica-estadounidense-con-trump\/","title":{"rendered":"Video: Europa aumenta su gasto militar por la pol\u00edtica de Trump | BBC"},"content":{"rendered":"\n<figure class=\"wp-block-embed is-type-video is-provider-youtube wp-block-embed-youtube wp-embed-aspect-16-9 wp-has-aspect-ratio\"><div class=\"wp-block-embed__wrapper\">\n<iframe title=\"C\u00f3mo Europa est\u00e1 aumentando el gasto militar por el giro de la pol\u00edtica estadounidense con Trump\" width=\"800\" height=\"450\" src=\"https:\/\/www.youtube.com\/embed\/aQeFNlX-W14?feature=oembed\" frameborder=\"0\" allow=\"accelerometer; autoplay; clipboard-write; encrypted-media; gyroscope; picture-in-picture; web-share\" referrerpolicy=\"strict-origin-when-cross-origin\" allowfullscreen><\/iframe>\n<\/div><\/figure>\n\n\n\n<p class=\"wp-block-paragraph\">Europa ha comenzado una nueva carrera armament\u00edstica. Se trata de un cambio estrat\u00e9gico hist\u00f3rico para un continente que durante los \u00faltimos 80 a\u00f1os ha dependido en buena parte de Estados Unidos para defenderse.<\/p>\n\n\n\n<p class=\"wp-block-paragraph\">Este giro de Europa es una reacci\u00f3n al nuevo rumbo que ha tomado la pol\u00edtica estadounidense con Donald Trump y la influencia que esto est\u00e1 teniendo en la guerra entre Rusia y Ucrania.<\/p>\n\n\n\n<p class=\"wp-block-paragraph\"><em>Cr\u00e9ditos: BBC Mundo<\/em>.<\/p>\n","protected":false},"excerpt":{"rendered":"<p>Europa ha comenzado una nueva carrera armament\u00edstica. Se trata de un cambio estrat\u00e9gico hist\u00f3rico para un continente que durante los \u00faltimos 80 a\u00f1os ha dependido en buena parte de Estados Unidos para defenderse. Este giro de Europa es una reacci\u00f3n al nuevo rumbo que ha tomado la pol\u00edtica estadounidense con Donald Trump y la influencia [&hellip;]<\/p>\n","protected":false},"author":6,"featured_media":56021,"comment_status":"closed","ping_status":"closed","sticky":false,"template":"","format":"standard","meta":{"_acf_changed":false,"_monsterinsights_skip_tracking":false,"slim_seo":{"title":"Video: Europa aumenta su gasto militar por la pol\u00edtica de Trump | BBC - Opini\u00f3n P\u00fablica","description":"https:\/\/youtu.be\/aQeFNlX-W14?si=acqu0AUQQzC5Nbwb Europa ha comenzado una nueva carrera armament\u00edstica. Se trata de un cambio estrat\u00e9gico hist\u00f3rico para un conti"},"footnotes":""},"categories":[13,2,8],"tags":[],"class_list":["post-56018","post","type-post","status-publish","format-standard","has-post-thumbnail","hentry","category-videos-destacados-contenido","category-videos-destacados","category-videos"],"acf":[],"_links":{"self":[{"href":"https:\/\/www.opinionpublica.tv\/portada\/wp-json\/wp\/v2\/posts\/56018","targetHints":{"allow":["GET"]}}],"collection":[{"href":"https:\/\/www.opinionpublica.tv\/portada\/wp-json\/wp\/v2\/posts"}],"about":[{"href":"https:\/\/www.opinionpublica.tv\/portada\/wp-json\/wp\/v2\/types\/post"}],"author":[{"embeddable":true,"href":"https:\/\/www.opinionpublica.tv\/portada\/wp-json\/wp\/v2\/users\/6"}],"replies":[{"embeddable":true,"href":"https:\/\/www.opinionpublica.tv\/portada\/wp-json\/wp\/v2\/comments?post=56018"}],"version-history":[{"count":3,"href":"https:\/\/www.opinionpublica.tv\/portada\/wp-json\/wp\/v2\/posts\/56018\/revisions"}],"predecessor-version":[{"id":56022,"href":"https:\/\/www.opinionpublica.tv\/portada\/wp-json\/wp\/v2\/posts\/56018\/revisions\/56022"}],"wp:featuredmedia":[{"embeddable":true,"href":"https:\/\/www.opinionpublica.tv\/portada\/wp-json\/wp\/v2\/media\/56021"}],"wp:attachment":[{"href":"https:\/\/www.opinionpublica.tv\/portada\/wp-json\/wp\/v2\/media?parent=56018"}],"wp:term":[{"taxonomy":"category","embeddable":true,"href":"https:\/\/www.opinionpublica.tv\/portada\/wp-json\/wp\/v2\/categories?post=56018"},{"taxonomy":"post_tag","embeddable":true,"href":"https:\/\/www.opinionpublica.tv\/portada\/wp-json\/wp\/v2\/tags?post=56018"}],"curies":[{"name":"wp","href":"https:\/\/api.w.org\/{rel}","templated":true}]}}