{"id":56013,"date":"2025-03-28T00:01:00","date_gmt":"2025-03-28T06:01:00","guid":{"rendered":"https:\/\/www.opinionpublica.tv\/portada\/?p=56013"},"modified":"2025-03-27T20:46:24","modified_gmt":"2025-03-28T02:46:24","slug":"mas-del-75-de-los-mexicanos-viven-con-niveles-altos-de-estres","status":"publish","type":"post","link":"https:\/\/www.opinionpublica.tv\/portada\/mas-del-75-de-los-mexicanos-viven-con-niveles-altos-de-estres\/","title":{"rendered":"M\u00e1s del 75 por ciento de los mexicanos viven con niveles altos de estr\u00e9s"},"content":{"rendered":"\n<figure class=\"wp-block-image size-full\"><img fetchpriority=\"high\" decoding=\"async\" width=\"800\" height=\"600\" src=\"https:\/\/www.opinionpublica.tv\/portada\/wp-content\/uploads\/2025\/03\/Mas-del-75-por-ciento-de-los-mexicanos-viven-con-niveles-altos-de-estres.webp\" alt=\"Ma\u0301s del 75 por ciento de los mexicanos viven con niveles altos de estre\u0301s\" class=\"wp-image-56016\" srcset=\"https:\/\/www.opinionpublica.tv\/portada\/wp-content\/uploads\/2025\/03\/Mas-del-75-por-ciento-de-los-mexicanos-viven-con-niveles-altos-de-estres.webp 800w, https:\/\/www.opinionpublica.tv\/portada\/wp-content\/uploads\/2025\/03\/Mas-del-75-por-ciento-de-los-mexicanos-viven-con-niveles-altos-de-estres-300x225.webp 300w, https:\/\/www.opinionpublica.tv\/portada\/wp-content\/uploads\/2025\/03\/Mas-del-75-por-ciento-de-los-mexicanos-viven-con-niveles-altos-de-estres-768x576.webp 768w\" sizes=\"(max-width: 800px) 100vw, 800px\" \/><\/figure>\n\n\n\n<p class=\"wp-block-paragraph\">En M\u00e9xico, los niveles de estr\u00e9s y ansiedad aumentaron significativamente en las \u00faltimas d\u00e9cadas.<\/p>\n\n\n\n<p class=\"wp-block-paragraph\">M\u00e1s del 75% de los mexicanos viven con niveles moderados o altos de estr\u00e9s y 19.3% mexicanos presentan ansiedad severa, de acuerdo a datos del Instituto Mexicano del Seguro Social (IMSS).<\/p>\n\n\n\n<p class=\"wp-block-paragraph\">Por lo anterior, el tratamiento del estr\u00e9s y la ansiedad requiere un enfoque integral y de un diagn\u00f3stico oportuno, ya que se trata de dos trastornos mentales que se pueden presentar en las personas por diversas causas.<\/p>\n\n\n\n<p class=\"wp-block-paragraph\">\u201cEn M\u00e9xico, los niveles de estr\u00e9s y ansiedad han aumentado significativamente en las \u00faltimas d\u00e9cadas. Factores como el tr\u00e1fico, la inseguridad, la presi\u00f3n laboral, las dificultades econ\u00f3micas y los eventos traum\u00e1ticos desempe\u00f1an un papel central en este fen\u00f3meno. Tambi\u00e9n influyen las celebraciones importantes o los cambios de vida, como mudanzas o p\u00e9rdidas personales\u201d, detall\u00f3 Cynthia Vega, directora de Relaciones M\u00e9dicas de PiSA Farmac\u00e9utica.<\/p>\n\n\n\n<p class=\"wp-block-paragraph\">Hablar con profesionales de la salud mental permite manejar las emociones de manera m\u00e1s efectiva.<\/p>\n\n\n\n<p class=\"wp-block-paragraph\">Adem\u00e1s, las estrategias de autocuidado, como realizar t\u00e9cnicas de relajaci\u00f3n, cuidar los horarios de sue\u00f1o, practicar ejercicio y sobre todo mantener una alimentaci\u00f3n saludable, son fundamentales.<\/p>\n\n\n\n<p class=\"wp-block-paragraph\">Sumado a lo anterior, en los \u00faltimos a\u00f1os, se han realizado investigaciones sobre el impacto del eje intestino-cerebro, para definir la manera en que el equilibrio de la microbiota intestinal puede influir significativamente en la salud mental.<\/p>\n\n\n\n<p class=\"wp-block-paragraph\">Por lo anterior, la ingesta de probi\u00f3ticos podr\u00eda contribuir al bienestar emocional, cognitivo y por supuesto del intestino.<\/p>\n\n\n\n<p class=\"wp-block-paragraph\">\u00abLos probi\u00f3ticos, algunas cepas, pueden ser aliados valiosos para disminuir s\u00edntomas de estr\u00e9s y ansiedad, ya que ayudan a mantener el equilibrio de la microbiota de nuestro intestino, donde es producida la serotonina, importante componente en nivelar el estr\u00e9s.<\/p>\n\n\n\n<p class=\"wp-block-paragraph\">\u201cTambi\u00e9n es indispensable que sean recomendados por un especialista que eval\u00fae las necesidades individuales de cada paciente\u00bb, indic\u00f3 Cynthia Vega.<\/p>\n\n\n\n<p class=\"wp-block-paragraph\">A\u00f1adi\u00f3 que el bienestar integral no se debe considerar un lujo, sino una necesidad primordial para llevar una vida plena y saludable. (Exc\u00e9lsior)<\/p>\n","protected":false},"excerpt":{"rendered":"<p>En M\u00e9xico, los niveles de estr\u00e9s y ansiedad aumentaron significativamente en las \u00faltimas d\u00e9cadas. M\u00e1s del 75% de los mexicanos viven con niveles moderados o altos de estr\u00e9s y 19.3% mexicanos presentan ansiedad severa, de acuerdo a datos del Instituto Mexicano del Seguro Social (IMSS). Por lo anterior, el tratamiento del estr\u00e9s y la ansiedad [&hellip;]<\/p>\n","protected":false},"author":6,"featured_media":56016,"comment_status":"closed","ping_status":"closed","sticky":false,"template":"","format":"standard","meta":{"_acf_changed":false,"_monsterinsights_skip_tracking":false,"slim_seo":{"title":"M\u00e1s del 75 por ciento de los mexicanos viven con niveles altos de estr\u00e9s - Opini\u00f3n P\u00fablica","description":"En M\u00e9xico, los niveles de estr\u00e9s y ansiedad aumentaron significativamente en las \u00faltimas d\u00e9cadas. M\u00e1s del 75% de los mexicanos viven con niveles moderados o alt"},"footnotes":""},"categories":[11],"tags":[],"class_list":["post-56013","post","type-post","status-publish","format-standard","has-post-thumbnail","hentry","category-tendencias"],"acf":[],"_links":{"self":[{"href":"https:\/\/www.opinionpublica.tv\/portada\/wp-json\/wp\/v2\/posts\/56013","targetHints":{"allow":["GET"]}}],"collection":[{"href":"https:\/\/www.opinionpublica.tv\/portada\/wp-json\/wp\/v2\/posts"}],"about":[{"href":"https:\/\/www.opinionpublica.tv\/portada\/wp-json\/wp\/v2\/types\/post"}],"author":[{"embeddable":true,"href":"https:\/\/www.opinionpublica.tv\/portada\/wp-json\/wp\/v2\/users\/6"}],"replies":[{"embeddable":true,"href":"https:\/\/www.opinionpublica.tv\/portada\/wp-json\/wp\/v2\/comments?post=56013"}],"version-history":[{"count":2,"href":"https:\/\/www.opinionpublica.tv\/portada\/wp-json\/wp\/v2\/posts\/56013\/revisions"}],"predecessor-version":[{"id":56017,"href":"https:\/\/www.opinionpublica.tv\/portada\/wp-json\/wp\/v2\/posts\/56013\/revisions\/56017"}],"wp:featuredmedia":[{"embeddable":true,"href":"https:\/\/www.opinionpublica.tv\/portada\/wp-json\/wp\/v2\/media\/56016"}],"wp:attachment":[{"href":"https:\/\/www.opinionpublica.tv\/portada\/wp-json\/wp\/v2\/media?parent=56013"}],"wp:term":[{"taxonomy":"category","embeddable":true,"href":"https:\/\/www.opinionpublica.tv\/portada\/wp-json\/wp\/v2\/categories?post=56013"},{"taxonomy":"post_tag","embeddable":true,"href":"https:\/\/www.opinionpublica.tv\/portada\/wp-json\/wp\/v2\/tags?post=56013"}],"curies":[{"name":"wp","href":"https:\/\/api.w.org\/{rel}","templated":true}]}}