{"id":56008,"date":"2025-03-27T00:01:00","date_gmt":"2025-03-27T06:01:00","guid":{"rendered":"https:\/\/www.opinionpublica.tv\/portada\/?p=56008"},"modified":"2025-03-26T22:34:44","modified_gmt":"2025-03-27T04:34:44","slug":"norona-celebra-que-ya-puede-recibir-la-pension-bienestar-por-6-mil-200-pesos","status":"publish","type":"post","link":"https:\/\/www.opinionpublica.tv\/portada\/norona-celebra-que-ya-puede-recibir-la-pension-bienestar-por-6-mil-200-pesos\/","title":{"rendered":"Noro\u00f1a celebra que ya puede recibir la Pensi\u00f3n Bienestar por $6 mil 200"},"content":{"rendered":"\n<figure class=\"wp-block-image size-full\"><img fetchpriority=\"high\" decoding=\"async\" width=\"1200\" height=\"675\" src=\"https:\/\/www.opinionpublica.tv\/portada\/wp-content\/uploads\/2025\/03\/Norona-celebra-que-ya-puede-recibir-la-Pension-Bienestar-por-6-mil-200.avif\" alt=\"Noron\u0303a celebra que ya puede recibir la pensio\u0301n bienestar por $6 mil 200\" class=\"wp-image-56010\"\/><\/figure>\n\n\n\n<p class=\"wp-block-paragraph\">En medio de la controversia por su viaje a Francia, el presidente del Senado, Gerardo Fern\u00e1ndez Noro\u00f1a, celebr\u00f3 en video su pr\u00f3xima incorporaci\u00f3n a la Pensi\u00f3n Bienestar para Adultos Mayores, que otorga m\u00e1s de 6 mil pesos bimestrales a sus beneficiarios.<\/p>\n\n\n\n<p class=\"wp-block-paragraph\">El senador de Morena, quien ya recibe mensualmente un sueldo de m\u00e1s de 100 mil pesos por su cargo en el Congreso, adem\u00e1s de otros gastos de apoyo como gasolina y boletos de avi\u00f3n, record\u00f3 que recientemente cumpli\u00f3 65 a\u00f1os, por lo que \u201cya le toca\u201d recibir el apoyo.<\/p>\n\n\n\n<p class=\"wp-block-paragraph\">\u201cYa me toca&#8230;uuuu \u00bfcu\u00e1ndo me llega?&#8230;uuuu ya voy a recibir mi pensi\u00f3n de adulto mayor\u201d, festej\u00f3 Noro\u00f1a desde su oficina en el Senado y con el pu\u00f1o en alto durante una transmisi\u00f3n en vivo.<\/p>\n\n\n\n<p class=\"wp-block-paragraph\">La Pensi\u00f3n para el Bienestar de las Personas Adultas Mayores es uno de los programas del Gobierno de M\u00e9xico que busca dar protecci\u00f3n social a todas la poblaci\u00f3n mayor de 65 a\u00f1os o m\u00e1s mediante un pago bimestral de 6 mil 200 pesos.<\/p>\n\n\n\n<p class=\"wp-block-paragraph\">Este apoyo es universal, lo que quiere decir que se entrega a todas y todos los adultos mayores mexicanos residentes del pa\u00eds, sin importar su condici\u00f3n social o econ\u00f3mica, ideolog\u00eda o creencias.<\/p>\n\n\n\n<p class=\"wp-block-paragraph\">\u00bfCu\u00e1nto gana Noro\u00f1a como presidente del Senado?<\/p>\n\n\n\n<p class=\"wp-block-paragraph\">Apenas el pasado 28 de febrero, los senadores se autorizaron un incremento en su salario para casi igualarlo al de la presidenta Claudia Sheinbaum, quien actualmente percibe un sueldo de 134 mil 290 pesos mensuales, descontando el ISR y deducciones personales<\/p>\n\n\n\n<p class=\"wp-block-paragraph\">La actualizaci\u00f3n de los sueldos de la C\u00e1mara Alta se public\u00f3 en el Diario Oficial de la Federaci\u00f3n (DOF), dentro del Manual de Remuneraciones de las y los legisladores. Con esta modificaci\u00f3n, los senadores ahora tienen una dieta (salario) mensual de 131 mil 700 pesos.<\/p>\n\n\n\n<p class=\"wp-block-paragraph\">En 2024, el salario mensual de los senadores se estableci\u00f3 en 126 mil 800 pesos, es decir, cinco por ciento m\u00e1s que en 2023, cuando percib\u00edan 119 mil 700 pesos. Este ajuste salarial se realiza cada a\u00f1o.<\/p>\n\n\n\n<p class=\"wp-block-paragraph\">Adem\u00e1s de este \u2018sueldazo\u2019, el Manual de Remuneraciones de las Senadoras, Senadores, servidoras y servidores p\u00fablicos de mando y hom\u00f3logos, y la informaci\u00f3n relativa al Cap\u00edtulo de Servicios Personales, se\u00f1ala que los legisladores cuentan con las siguientes prestaciones:<\/p>\n\n\n\n<p class=\"wp-block-paragraph\">Ayuda para despensa en efectivo o vales.<\/p>\n\n\n\n<p class=\"wp-block-paragraph\">Apoyo para el uso de veh\u00edculos.<\/p>\n\n\n\n<p class=\"wp-block-paragraph\">Prima vacacional equivalente a 15 d\u00edas de sueldo base.<\/p>\n\n\n\n<p class=\"wp-block-paragraph\">Prima quinquenal.<\/p>\n\n\n\n<p class=\"wp-block-paragraph\">Aguinaldo o gratificaci\u00f3n de fin de a\u00f1o, con 40 d\u00edas de sueldo base, y, en su caso, de la compensaci\u00f3n garantizada.<\/p>\n\n\n\n<p class=\"wp-block-paragraph\">Pagas de defunci\u00f3n.<\/p>\n\n\n\n<p class=\"wp-block-paragraph\">Vacaciones.<\/p>\n\n\n\n<p class=\"wp-block-paragraph\">En respuesta a las cr\u00edticas por su viaje a Estrasburgo, Francia, Fern\u00e1ndez Noro\u00f1a admiti\u00f3 que su asiento no fue en clase turista, pero aclar\u00f3 que tampoco compr\u00f3 un boleto en primera clase como se hab\u00eda asegurado en redes sociales.<\/p>\n\n\n\n<p class=\"wp-block-paragraph\">El senador, quien acudi\u00f3 a la Conferencia Europea de Presidentes de Parlamentos la semana pasada, asegur\u00f3 que la aerol\u00ednea en la que viaj\u00f3, Air France, no tiene boletos en primera clase, aunque nunca precis\u00f3 que tipo de viaje ocup\u00f3.<\/p>\n\n\n\n<p class=\"wp-block-paragraph\">A trav\u00e9s de un video publicado en su cuenta de X, Noro\u00f1a mostr\u00f3 un cheque por el pago del boleto de avi\u00f3n M\u00e9xico-Par\u00eds-M\u00e9xico, con Air France, de 39 mil pesos, equivalente al costo que tiene un viaje en clase turista, seg\u00fan lo dicho por el pol\u00edtico.<\/p>\n\n\n\n<p class=\"wp-block-paragraph\">Indic\u00f3 que el Poder Legislativo cubri\u00f3 una parte del boleto y el resto del dinero lo puso \u00e9l de su bolsillo porque para ello \u201ctrabaja duro\u201d.<\/p>\n\n\n\n<p class=\"wp-block-paragraph\">\u201cMarzo de 2025, aqu\u00ed est\u00e1. Con fecha del 25, ayer, recib\u00ed el cheque, 39 mil y algo, que cost\u00f3 el avi\u00f3n M\u00e9xico-Par\u00eds-M\u00e9xico\u201d y agreg\u00f3: \u201cNo tengo que transparentar m\u00e1s nada. Han intrigado; ah\u00ed est\u00e1 la prueba de lo que cost\u00f3 mi viaje. Asunto finiquitado\u201d, dijo zanjando la discusi\u00f3n del tema. (El Financiero)<\/p>\n","protected":false},"excerpt":{"rendered":"<p>En medio de la controversia por su viaje a Francia, el presidente del Senado, Gerardo Fern\u00e1ndez Noro\u00f1a, celebr\u00f3 en video su pr\u00f3xima incorporaci\u00f3n a la Pensi\u00f3n Bienestar para Adultos Mayores, que otorga m\u00e1s de 6 mil pesos bimestrales a sus beneficiarios. El senador de Morena, quien ya recibe mensualmente un sueldo de m\u00e1s de 100 [&hellip;]<\/p>\n","protected":false},"author":6,"featured_media":56010,"comment_status":"closed","ping_status":"closed","sticky":false,"template":"","format":"standard","meta":{"_acf_changed":false,"_monsterinsights_skip_tracking":false,"slim_seo":{"title":"Noro\u00f1a celebra que ya puede recibir la Pensi\u00f3n Bienestar por $6 mil 200 - Opini\u00f3n P\u00fablica","description":"En medio de la controversia por su viaje a Francia, el presidente del Senado, Gerardo Fern\u00e1ndez Noro\u00f1a, celebr\u00f3 en video su pr\u00f3xima incorporaci\u00f3n a la Pensi\u00f3n B"},"footnotes":""},"categories":[11],"tags":[],"class_list":["post-56008","post","type-post","status-publish","format-standard","has-post-thumbnail","hentry","category-tendencias"],"acf":[],"_links":{"self":[{"href":"https:\/\/www.opinionpublica.tv\/portada\/wp-json\/wp\/v2\/posts\/56008","targetHints":{"allow":["GET"]}}],"collection":[{"href":"https:\/\/www.opinionpublica.tv\/portada\/wp-json\/wp\/v2\/posts"}],"about":[{"href":"https:\/\/www.opinionpublica.tv\/portada\/wp-json\/wp\/v2\/types\/post"}],"author":[{"embeddable":true,"href":"https:\/\/www.opinionpublica.tv\/portada\/wp-json\/wp\/v2\/users\/6"}],"replies":[{"embeddable":true,"href":"https:\/\/www.opinionpublica.tv\/portada\/wp-json\/wp\/v2\/comments?post=56008"}],"version-history":[{"count":2,"href":"https:\/\/www.opinionpublica.tv\/portada\/wp-json\/wp\/v2\/posts\/56008\/revisions"}],"predecessor-version":[{"id":56011,"href":"https:\/\/www.opinionpublica.tv\/portada\/wp-json\/wp\/v2\/posts\/56008\/revisions\/56011"}],"wp:featuredmedia":[{"embeddable":true,"href":"https:\/\/www.opinionpublica.tv\/portada\/wp-json\/wp\/v2\/media\/56010"}],"wp:attachment":[{"href":"https:\/\/www.opinionpublica.tv\/portada\/wp-json\/wp\/v2\/media?parent=56008"}],"wp:term":[{"taxonomy":"category","embeddable":true,"href":"https:\/\/www.opinionpublica.tv\/portada\/wp-json\/wp\/v2\/categories?post=56008"},{"taxonomy":"post_tag","embeddable":true,"href":"https:\/\/www.opinionpublica.tv\/portada\/wp-json\/wp\/v2\/tags?post=56008"}],"curies":[{"name":"wp","href":"https:\/\/api.w.org\/{rel}","templated":true}]}}