{"id":55967,"date":"2025-03-28T00:01:00","date_gmt":"2025-03-28T06:01:00","guid":{"rendered":"https:\/\/www.opinionpublica.tv\/portada\/?p=55967"},"modified":"2025-03-26T21:34:34","modified_gmt":"2025-03-27T03:34:34","slug":"efemerides-28-de-marzo-6","status":"publish","type":"post","link":"https:\/\/www.opinionpublica.tv\/portada\/efemerides-28-de-marzo-6\/","title":{"rendered":"Efem\u00e9rides 28 de marzo"},"content":{"rendered":"\n<p class=\"wp-block-paragraph\"><em>Un d\u00eda 28 de marzo como hoy, pero de 2012, el papa Benedicto XVI se re\u00fane en Cuba con Fidel Castro, despu\u00e9s de oficiar una misa ante cientos de miles de personas en La Habana<\/em>.<\/p>\n\n\n\n<figure class=\"wp-block-image size-full\"><img fetchpriority=\"high\" decoding=\"async\" width=\"640\" height=\"360\" src=\"https:\/\/www.opinionpublica.tv\/portada\/wp-content\/uploads\/2025\/03\/el-papa-Benedicto-XVI-se-reune-en-Cuba-con-Fidel-Castro.jpg\" alt=\"El papa benedicto xvi se reu\u0301ne en cuba con fidel castro\" class=\"wp-image-55968\" srcset=\"https:\/\/www.opinionpublica.tv\/portada\/wp-content\/uploads\/2025\/03\/el-papa-Benedicto-XVI-se-reune-en-Cuba-con-Fidel-Castro.jpg 640w, https:\/\/www.opinionpublica.tv\/portada\/wp-content\/uploads\/2025\/03\/el-papa-Benedicto-XVI-se-reune-en-Cuba-con-Fidel-Castro-300x169.jpg 300w\" sizes=\"(max-width: 640px) 100vw, 640px\" \/><\/figure>\n\n\n\n<p class=\"wp-block-paragraph\"><strong>Otras efem\u00e9rides<\/strong><\/p>\n\n\n\n<p class=\"wp-block-paragraph\">1838.- Una escuadra francesa bloquea el puerto de Buenos Aires para obtener la libertad de navegaci\u00f3n en los r\u00edos argentinos.<\/p>\n\n\n\n<p class=\"wp-block-paragraph\">1864.- Entra en vigor la Constituci\u00f3n venezolana, que proclama los Estados Unidos de Venezuela.<\/p>\n\n\n\n<p class=\"wp-block-paragraph\">1886.- Estallido en Uruguay de la \u00abRevoluci\u00f3n del Quebracho\u00bb contra el gobierno de Francisco Antonio Vidal.<\/p>\n\n\n\n<p class=\"wp-block-paragraph\">1888.- Inauguraci\u00f3n en Venezuela del segundo tramo del ferrocarril central, desde Petare a la estaci\u00f3n del Encantado.<\/p>\n\n\n\n<p class=\"wp-block-paragraph\">1899.- El ingeniero italiano Guillermo Marconi realiza la primera comunicaci\u00f3n radiotelegr\u00e1fica entre las dos orillas del Canal de la Mancha.<\/p>\n\n\n\n<p class=\"wp-block-paragraph\">1903.- Comienzan las obras del ferrocarril interamericano que pondr\u00e1 en comunicaci\u00f3n Buenos Aires y Santiago de Chile con Nueva York y San Francisco.<\/p>\n\n\n\n<p class=\"wp-block-paragraph\">1933.- El Parlamento alem\u00e1n confiere poderes dictatoriales a Adolf Hitler, un proceso conocido como Gleichschaltung (coordinaci\u00f3n), donde los poderes del Estado y de la sociedad fueron asumidos por el partido nazi y sus organizaciones afines.<\/p>\n\n\n\n<p class=\"wp-block-paragraph\">1935.- El ingeniero y piloto militar espa\u00f1ol Miguel Leret patenta el primer motor a reacci\u00f3n de la historia.<\/p>\n\n\n\n<p class=\"wp-block-paragraph\">1941.- El himno istme\u00f1o es declarado himno nacional de Panam\u00e1.<\/p>\n\n\n\n<p class=\"wp-block-paragraph\">1962.- Es depuesto por las Fuerzas Armadas en Argentina el presidente Arturo Frondizi, a ra\u00edz de un triunfo electoral de los peronistas.<\/p>\n\n\n\n<p class=\"wp-block-paragraph\">1994.- Finaliza la \u00abguerra del banano\u00bb con un acuerdo entre la Uni\u00f3n Europea e Iberoam\u00e9rica.<\/p>\n\n\n\n<p class=\"wp-block-paragraph\">1999.- El presidente de Paraguay, Ra\u00fal Cubas, dimite de su cargo acusado de violar la Constituci\u00f3n.<\/p>\n\n\n\n<p class=\"wp-block-paragraph\">2003.- El gobierno del presidente argentino Eduardo Duhalde anuncia un plan escalonado de \u00abliberaci\u00f3n total\u00bb de los ahorros hechos originalmente en d\u00f3lares y atrapados en el denominado \u00abcorral\u00f3n\u00bb bancario.<\/p>\n\n\n\n<p class=\"wp-block-paragraph\">2014.- El ex primer ministro noruego Jens Stoltenberg, nombrado secretario general de la OTAN.<\/p>\n\n\n\n<p class=\"wp-block-paragraph\"><strong>Nacimientos<\/strong><\/p>\n\n\n\n<p class=\"wp-block-paragraph\">1515.- Teresa de Jes\u00fas, escritora m\u00edstica espa\u00f1ola y reformadora de las Carmelitas.<\/p>\n\n\n\n<p class=\"wp-block-paragraph\">1750.- Francisco de Miranda, precursor de los movimientos emancipatorios en Am\u00e9rica Latina.<\/p>\n\n\n\n<p class=\"wp-block-paragraph\">1883.- Mario Rivarola, jurista argentino.<\/p>\n\n\n\n<p class=\"wp-block-paragraph\">1895.- \u00c1ngela Ruiz Robles, maestra, escritora e inventora espa\u00f1ola, considerada precursora del libro electr\u00f3nico.<\/p>\n\n\n\n<p class=\"wp-block-paragraph\">1933.- Tete Montoliu, m\u00fasico y pianista espa\u00f1ol de jazz.<\/p>\n\n\n\n<p class=\"wp-block-paragraph\">1936.- Mario Vargas Llosa, escritor peruano nacionalizado espa\u00f1ol.<\/p>\n\n\n\n<p class=\"wp-block-paragraph\">1936.- Amancio Ortega, empresario espa\u00f1ol, fundador del grupo Inditex.<\/p>\n\n\n\n<p class=\"wp-block-paragraph\">1946.- Alejandro Toledo, expresidente de Per\u00fa.<\/p>\n\n\n\n<p class=\"wp-block-paragraph\">1959.- Laura Chinchilla, pol\u00edtica y expresidenta de Costa Rica.<\/p>\n\n\n\n<p class=\"wp-block-paragraph\">1986.- Lady Gaga, cantante y compositora estadounidense.<\/p>\n\n\n\n<p class=\"wp-block-paragraph\"><strong>Defunciones<\/strong><\/p>\n\n\n\n<p class=\"wp-block-paragraph\">1881.- Modest Petrovich Mussorgski, compositor ruso.<\/p>\n\n\n\n<p class=\"wp-block-paragraph\">1941.- Virginia Woolf, escritora brit\u00e1nica.<\/p>\n\n\n\n<p class=\"wp-block-paragraph\">1942.- Miguel Hern\u00e1ndez, poeta espa\u00f1ol.<\/p>\n\n\n\n<p class=\"wp-block-paragraph\">1943.- Serguei V. Rachmaninov, compositor y pianista ruso.<\/p>\n\n\n\n<p class=\"wp-block-paragraph\">1969.- Dwight Eisenhower, militar y expresidente de los EEUU.<\/p>\n\n\n\n<p class=\"wp-block-paragraph\">1993.- Carlos Gim\u00e9nez, dramaturgo venezolano, nacido en Argentina.<\/p>\n\n\n\n<p class=\"wp-block-paragraph\">1994.- Eugene Ionesco, dramaturgo franc\u00e9s de origen rumano.<\/p>\n\n\n\n<p class=\"wp-block-paragraph\">2009.- Helen Levitt, fot\u00f3grafa estadounidense.<\/p>\n\n\n\n<p class=\"wp-block-paragraph\">2012.- Mill\u00f4r Fernandez, escritor y humorista brasile\u00f1o.<\/p>\n\n\n\n<p class=\"wp-block-paragraph\">2023.- Ryuichi Sakamoto, m\u00fasico japon\u00e9s, comenz\u00f3 como estrella del pop con la Yellow Magic Orchestra y se convirti\u00f3 en un destacado compositor de bandas sonoras.<\/p>\n","protected":false},"excerpt":{"rendered":"<p>Un d\u00eda 28 de marzo como hoy, pero de 2012, el papa Benedicto XVI se re\u00fane en Cuba con Fidel Castro, despu\u00e9s de oficiar una misa ante cientos de miles de personas en La Habana. Otras efem\u00e9rides 1838.- Una escuadra francesa bloquea el puerto de Buenos Aires para obtener la libertad de navegaci\u00f3n en los [&hellip;]<\/p>\n","protected":false},"author":6,"featured_media":55968,"comment_status":"closed","ping_status":"closed","sticky":false,"template":"","format":"standard","meta":{"_acf_changed":false,"_monsterinsights_skip_tracking":false,"slim_seo":{"title":"Efem\u00e9rides 28 de marzo - Opini\u00f3n P\u00fablica","description":"Un d\u00eda 28 de marzo como hoy, pero de 2012, el papa Benedicto XVI se re\u00fane en Cuba con Fidel Castro, despu\u00e9s de oficiar una misa ante cientos de miles de persona"},"footnotes":""},"categories":[27],"tags":[],"class_list":["post-55967","post","type-post","status-publish","format-standard","has-post-thumbnail","hentry","category-un-dia-como-hoy"],"acf":[],"_links":{"self":[{"href":"https:\/\/www.opinionpublica.tv\/portada\/wp-json\/wp\/v2\/posts\/55967","targetHints":{"allow":["GET"]}}],"collection":[{"href":"https:\/\/www.opinionpublica.tv\/portada\/wp-json\/wp\/v2\/posts"}],"about":[{"href":"https:\/\/www.opinionpublica.tv\/portada\/wp-json\/wp\/v2\/types\/post"}],"author":[{"embeddable":true,"href":"https:\/\/www.opinionpublica.tv\/portada\/wp-json\/wp\/v2\/users\/6"}],"replies":[{"embeddable":true,"href":"https:\/\/www.opinionpublica.tv\/portada\/wp-json\/wp\/v2\/comments?post=55967"}],"version-history":[{"count":1,"href":"https:\/\/www.opinionpublica.tv\/portada\/wp-json\/wp\/v2\/posts\/55967\/revisions"}],"predecessor-version":[{"id":55969,"href":"https:\/\/www.opinionpublica.tv\/portada\/wp-json\/wp\/v2\/posts\/55967\/revisions\/55969"}],"wp:featuredmedia":[{"embeddable":true,"href":"https:\/\/www.opinionpublica.tv\/portada\/wp-json\/wp\/v2\/media\/55968"}],"wp:attachment":[{"href":"https:\/\/www.opinionpublica.tv\/portada\/wp-json\/wp\/v2\/media?parent=55967"}],"wp:term":[{"taxonomy":"category","embeddable":true,"href":"https:\/\/www.opinionpublica.tv\/portada\/wp-json\/wp\/v2\/categories?post=55967"},{"taxonomy":"post_tag","embeddable":true,"href":"https:\/\/www.opinionpublica.tv\/portada\/wp-json\/wp\/v2\/tags?post=55967"}],"curies":[{"name":"wp","href":"https:\/\/api.w.org\/{rel}","templated":true}]}}