{"id":55824,"date":"2025-03-24T00:01:00","date_gmt":"2025-03-24T06:01:00","guid":{"rendered":"https:\/\/www.opinionpublica.tv\/portada\/?p=55824"},"modified":"2025-03-23T21:36:53","modified_gmt":"2025-03-24T03:36:53","slug":"alud","status":"publish","type":"post","link":"https:\/\/www.opinionpublica.tv\/portada\/alud\/","title":{"rendered":"Alud"},"content":{"rendered":"\n<h4 class=\"wp-block-heading\">Ra\u00fal Ruiz<\/h4>\n\n\n\n<p class=\"wp-block-paragraph\">___________________________<\/p>\n\n\n\n<p class=\"wp-block-paragraph\">No soy niv\u00f3logo, ni monta\u00f1\u00e9s experto en avalanchas&#8230; no.<\/p>\n\n\n\n<p class=\"wp-block-paragraph\">Estos cabrones centran conocimiento en la nieve, su formaci\u00f3n, comportamiento y los procesos asociados, incluyendo las avalanchas.<\/p>\n\n\n\n<p class=\"wp-block-paragraph\">Sin embargo, soy hombre que gusta rascarle al conocimiento, y basado en viejas lecturas, me siento capaz de explicar en qu\u00e9 consiste una avalancha de nieve, tambi\u00e9n conocida como alud.<\/p>\n\n\n\n<p class=\"wp-block-paragraph\">No se me desesperen.<\/p>\n\n\n\n<p class=\"wp-block-paragraph\">Debo hacer esta introducci\u00f3n para explicar con suavidad, c\u00f3mo es que alguien puede ser aplastado por una avalancha, sentado, sentada, o sentade en la comodidad de un esca\u00f1o en el senado.<\/p>\n\n\n\n<p class=\"wp-block-paragraph\">Prosigo.<\/p>\n\n\n\n<p class=\"wp-block-paragraph\">La avalancha, es un fen\u00f3meno natural impactante y a menudo destructivo que ocurre en regiones monta\u00f1osas cubiertas de nieve.<\/p>\n\n\n\n<p class=\"wp-block-paragraph\">El alud se produce cuando una gran masa de nieve pierde su estabilidad y se desliza r\u00e1pidamente cuesta abajo debido a la gravedad.<\/p>\n\n\n\n<p class=\"wp-block-paragraph\">Esto puede ser desencadenado por varios factores, como la sobrecarga de nieve, las vibraciones (como las causadas por terremotos o actividades humanas), o el debilitamiento de las capas internas de nieve debido al derretimiento o la compactaci\u00f3n.<\/p>\n\n\n\n<p class=\"wp-block-paragraph\">Incluso un fuerte sonido puede desencadenar un alud incontrolable.<\/p>\n\n\n\n<p class=\"wp-block-paragraph\">No se vaya, siga leyendo, ya mero termino esta introducci\u00f3n.<\/p>\n\n\n\n<p class=\"wp-block-paragraph\">El movimiento de una avalancha puede variar desde un deslizamiento lento hasta una corriente devastadora que arrasa con todo a su paso: \u00e1rboles, rocas e incluso estructuras humanas.<\/p>\n\n\n\n<p class=\"wp-block-paragraph\">La velocidad de una avalancha puede superar los 300 km\/h en casos extremos, liberando una inmensa cantidad de energ\u00eda.<\/p>\n\n\n\n<p class=\"wp-block-paragraph\">\u00a1juesupinchimare!<\/p>\n\n\n\n<p class=\"wp-block-paragraph\">Antes de elaborar esta pieza de an\u00e1lisis, hube de nutrir mi conocimiento sobre avalanchas, y me apliqu\u00e9 a darle un poco de profundidad durante el fin de semana.<\/p>\n\n\n\n<p class=\"wp-block-paragraph\">Del resultado de esta lectura, se desprende, que&#8230;<\/p>\n\n\n\n<p class=\"wp-block-paragraph\">Existen varios tipos de avalanchas, como las de placa, en las que una capa de nieve s\u00f3lida se desprende, as\u00ed nom\u00e1s, de repente, y las de nieve suelta, que comienzan con una peque\u00f1a cantidad de nieve y crecen mientras descienden. La famosa bola de nieve.<\/p>\n\n\n\n<p class=\"wp-block-paragraph\">No voy a profundizar m\u00e1s en este tema, pues estos especialistas, son muy perros y se las saben de todas, todas.<\/p>\n\n\n\n<p class=\"wp-block-paragraph\">Suelen tener conocimientos en geolog\u00eda, meteorolog\u00eda, f\u00edsica y hasta ingenier\u00eda, ya que eval\u00faan los riesgos, estudian las condiciones clim\u00e1ticas y desarrollan m\u00e9todos para prevenir o mitigar los da\u00f1os causados por avalanchas.<\/p>\n\n\n\n<p class=\"wp-block-paragraph\">Adem\u00e1s, muchos de ellos colaboran con equipos de rescate en zonas monta\u00f1osas y trabajan en dise\u00f1ar infraestructuras seguras en \u00e1reas propensas a avalanchas. Y yo no.<\/p>\n\n\n\n<p class=\"wp-block-paragraph\">Obviamente, no es mi \u00e1rea profesional.<\/p>\n\n\n\n<p class=\"wp-block-paragraph\">Mi trabajo es el an\u00e1lisis pol\u00edtico y en este ejercicio, me da por ilustrar los objetos de estudio a trav\u00e9s de comparativos, equiparaciones, o compulsaciones que le dejen a mis lectores m\u00e1s claridad sobre los temas que trato.<\/p>\n\n\n\n<p class=\"wp-block-paragraph\">Con este prefacio quise enfatizar el tema del momento, para explicar mi visi\u00f3n particular.<\/p>\n\n\n\n<p class=\"wp-block-paragraph\">El tema es: ANDREA CH\u00c1VEZ TREVI\u00d1O, senadora de la Rep\u00fablica; la m\u00e1s joven de la historia, asombrosamente inteligente y mucha pieza en el debate.<\/p>\n\n\n\n<p class=\"wp-block-paragraph\">\u00a1Orgullosamente juarense!<\/p>\n\n\n\n<p class=\"wp-block-paragraph\">Quien en poco tiempo ha crecido hasta las m\u00e1s altas espumas de la opini\u00f3n p\u00fablica, luego de haber sido reconocida por el ex presidente de M\u00e9xico, Andr\u00e9s Manuel L\u00f3pez Obrador, como la figura representativa del RELEVO GENERACIONAL.<\/p>\n\n\n\n<p class=\"wp-block-paragraph\">Interpretaci\u00f3n que la joven senadora se compr\u00f3 a s\u00ed misma, anticipadamente, como la pr\u00f3xima gobernadora del estado m\u00e1s grande de M\u00e9xico.<\/p>\n\n\n\n<p class=\"wp-block-paragraph\">Y reafirmando su auto embeleso, da por hecho esa posibilidad, por una premisa presidencial que reza as\u00ed: ES TIEMPO DE LA MUJER.<\/p>\n\n\n\n<p class=\"wp-block-paragraph\">De pronto se vio ante el espejo y dijo: \u00a1soy yo! &#8230; Y les anuncio que en el 27 sacaremos a los panistas de Chihuahua.<\/p>\n\n\n\n<p class=\"wp-block-paragraph\">Todo iba muy bien. Hasta que le puso m\u00e1s velocidad al proyecto.<\/p>\n\n\n\n<p class=\"wp-block-paragraph\">Con todos sus &#8216;activos&#8217;, de manera natural crec\u00eda y crec\u00eda.<\/p>\n\n\n\n<p class=\"wp-block-paragraph\">Pero desestim\u00f3 el efecto que produce el \u00e9xito.<\/p>\n\n\n\n<p class=\"wp-block-paragraph\">Conseguir en tan breve tiempo, renombre, fama y fortuna, genera una envidia natural.<\/p>\n\n\n\n<p class=\"wp-block-paragraph\">Las estrategias de hoy para conseguir imagen p\u00fablica permanente son diversas y cuestionables.<\/p>\n\n\n\n<p class=\"wp-block-paragraph\">Todos los interesados en un cargo p\u00fablico, descubren c\u00f3mo acceder al subconsciente del electorado con un acercamiento paulatino, gradual.<\/p>\n\n\n\n<p class=\"wp-block-paragraph\">Pero en el caso de Andrea, rebas\u00f3 la delgada l\u00ednea que existe entre la legalidad y la ilegalidad.<\/p>\n\n\n\n<p class=\"wp-block-paragraph\">Poner su foto y nombre en las unidades m\u00f3viles que utiliza para su noble causa de llevar salud a las colonias m\u00e1s pobres y las comunidades m\u00e1s lejanas de la sierra chihuahuense, se considera un acto anticipado de campa\u00f1a que la podr\u00eda descalificar en su momento como posible candidata a la gubernatura de Chihuahua en la elecci\u00f3n de 2027.<\/p>\n\n\n\n<p class=\"wp-block-paragraph\">Por otro lado, la opacidad del estipendio de diez millones de pesos mensuales de renta, por unidad, la exhiben.<\/p>\n\n\n\n<p class=\"wp-block-paragraph\">Luego el dato del nombre, direcci\u00f3n y tel\u00e9fono de su mecenas y la conexi\u00f3n directa entre \u00e9ste, y su protector, Ad\u00e1n Augusto L\u00f3pez Hern\u00e1ndez. \u00a1inobjetable!<\/p>\n\n\n\n<p class=\"wp-block-paragraph\">EL ALUD<\/p>\n\n\n\n<p class=\"wp-block-paragraph\">El detonante que provoc\u00f3 la avalancha contra su figura, fue sin duda el micro reportaje de Latinus, en voz del periodista, Carlos Loret de Mola, donde hace evidente, estas irregularidades.<\/p>\n\n\n\n<p class=\"wp-block-paragraph\">Pagado o no, presenta evidencias inocultables, visibles, irrefutables.<\/p>\n\n\n\n<p class=\"wp-block-paragraph\">Reportaje que pudo haber sido descalificado sin problema pues en la narrativa de los morenacos el nombre de Loret es sin\u00f3nimo de corrupci\u00f3n, mundialmente conocido como LORD MONTAJES.<\/p>\n\n\n\n<p class=\"wp-block-paragraph\">Pero no. La senadora se enganch\u00f3.<\/p>\n\n\n\n<p class=\"wp-block-paragraph\">No s\u00f3lo acept\u00f3 en un video, tener activo ese programa de salud, sino que anunci\u00f3 que en breve estrenar\u00eda la cuarta unidad m\u00e9dica para cubrir todo el estado y retaba a Loret a patrocinar esa noble causa, compr\u00e1ndole otra unidad, pues con los 37 millones de pesos que le habr\u00eda pagado la gobernadora, por su campa\u00f1a para tundirla, bien podr\u00eda pagar una unidad de esas.<\/p>\n\n\n\n<p class=\"wp-block-paragraph\">Esto para m\u00ed, fue el crack que rompi\u00f3 la resistencia del c\u00famulo de nieve suspendido sobre su cabeza.<\/p>\n\n\n\n<p class=\"wp-block-paragraph\">Luego, en un programa radiof\u00f3nico, donde hace esgrima medi\u00e1tica con tres antagonistas que le hecharon mont\u00f3n, la agarran desprevenida y acepta que su programa particular de salud, es patrocinado por LA CLASE EMPRESARIAL.<\/p>\n\n\n\n<p class=\"wp-block-paragraph\">Contradiciendo una de las reglas de su sensei, que luch\u00f3 por apartar el amasiato entre el poder pol\u00edtico y el poder econ\u00f3mico.<\/p>\n\n\n\n<p class=\"wp-block-paragraph\">Fue en una mesa de an\u00e1lisis con Azucena Uresti. Kenya L\u00f3pez Rabad\u00e1n, y Claudia Anaya, donde la echan enmedio y la traen de cuerda en cuerda.<\/p>\n\n\n\n<p class=\"wp-block-paragraph\">Y de ah\u00ed comienza a desprenderse un alud medi\u00e1tico en su contra.<\/p>\n\n\n\n<p class=\"wp-block-paragraph\">El tema de su campa\u00f1a no s\u00f3lo es tratado en las m\u00e1s importantes mesas de an\u00e1lisis del pa\u00eds, sino que lo toman los influencers, comentaristas de radio, televisi\u00f3n, y saturan las redes sociales las cr\u00edticas mordaces. \u00a1y los memes!<\/p>\n\n\n\n<p class=\"wp-block-paragraph\">El estruendo de la avalancha es atronador.<\/p>\n\n\n\n<p class=\"wp-block-paragraph\">Y su imagen sufre gran deterioro en este primer deslizamiento.<\/p>\n\n\n\n<p class=\"wp-block-paragraph\">Quiz\u00e1s, si en adelante no se provoca m\u00e1s ruido, la fuerza espectacular de la avalancha pueda contenerse por unos instantes y salve el cuello, de su poder aplastante.<\/p>\n\n\n\n<p class=\"wp-block-paragraph\">Pero ella, la senadora, no advierte el peligro de la compresi\u00f3n que est\u00e1 cayendo sobre su figura.<\/p>\n\n\n\n<p class=\"wp-block-paragraph\">Y como guerrera que es, reta a la muerte pol\u00edtica, y anuncia la apertura de una oficina de enlace y una Cl\u00ednica del Bienestar bajo sus auspicios.<\/p>\n\n\n\n<p class=\"wp-block-paragraph\">Y grita: \u00abMi delito es llevar doctores y enfermeras a todas las colonias de Chihuahua\u00bb.<\/p>\n\n\n\n<p class=\"wp-block-paragraph\">Pero no. Le recuerdan que su delito es otro, es electoral.<\/p>\n\n\n\n<p class=\"wp-block-paragraph\">Y que la pena m\u00ednima es una multa y acompa\u00f1ada de la descalificaci\u00f3n a su gran aspiraci\u00f3n pol\u00edtica.<\/p>\n\n\n\n<p class=\"wp-block-paragraph\">Hasta el momento, est\u00e1 en suspenso la avalancha, pero mientras usted est\u00e1 leyendo esto, los pitufos y sus aliados transg\u00e9nero, est\u00e1n documentando cada movimiento de ella, para interponer las denuncias pertinentes en su contra.<\/p>\n\n\n\n<p class=\"wp-block-paragraph\">Le cuentan centavo tras centavo de lo que gasta en su proyecto y le exigen transparentar el origen de su fortuna.<\/p>\n\n\n\n<p class=\"wp-block-paragraph\">Lo cual, la pone no s\u00f3lo a merced de la avalancha medi\u00e1tica motivada ahora desde el palacio donde habita el alacr\u00e1n que se ha hechado encima, sino que se abre bajo sus pies un socav\u00f3n de arenas movedizas.<\/p>\n\n\n\n<p class=\"wp-block-paragraph\">En una segunda fase de esta telenovela, probablemente veremos como se abren otros frentes en su contra.<\/p>\n\n\n\n<p class=\"wp-block-paragraph\">Compa\u00f1eros suyos en el senado, ya comenzaron a soltar sus comentarios y opiniones al considerar indefendible su situaci\u00f3n.<\/p>\n\n\n\n<p class=\"wp-block-paragraph\">SEGUNDO ESPECTRO<\/p>\n\n\n\n<p class=\"wp-block-paragraph\">En un segundo escenario, un poco menos probable, pero sujeto a la torpeza de sus adversarios, Andrea cobra radiante figura como el ave f\u00e9nix.<\/p>\n\n\n\n<p class=\"wp-block-paragraph\">Veamos.<\/p>\n\n\n\n<p class=\"wp-block-paragraph\">Por cinco d\u00edas seguidos ha sido nota nacional.<\/p>\n\n\n\n<p class=\"wp-block-paragraph\">Le ha llovido metralla como si viviera en Kiev.<\/p>\n\n\n\n<p class=\"wp-block-paragraph\">El inter\u00e9s p\u00fablico dej\u00f3 atr\u00e1s el tema de los aranceles y la intenci\u00f3n de Trump de apoderarse de Groenlandia, Canad\u00e1, Panam\u00e1 y el resto del mundo.<\/p>\n\n\n\n<p class=\"wp-block-paragraph\">Pocos comentan la incursi\u00f3n de dos destructores norteamericanos cargados de misiles, cercanos a las costas mexicanas, a punto de invadirnos por si enloquece el presidente Trompetas.<\/p>\n\n\n\n<p class=\"wp-block-paragraph\">El tema ha sido: ANDREA.<\/p>\n\n\n\n<p class=\"wp-block-paragraph\">El punto es&#8230; \u00bfBuscar\u00e1n sus adversarios llevarla al MARTIRIO pol\u00edtico, para luego provocar su beatificaci\u00f3n y finalmente su canonizaci\u00f3n?<\/p>\n\n\n\n<p class=\"wp-block-paragraph\">\u00bfQu\u00e9 tal que a pesar de cualquier prueba terrenal en su contra, pueda vender la idea de justificar sus acciones porque su \u00ab\u00fanico delito es llevarle salud a los enfermos\u00bb.<\/p>\n\n\n\n<p class=\"wp-block-paragraph\">Recuerden que una vez quisieron hacer esto contra Maru Campos y se pasaron de tueste.<\/p>\n\n\n\n<p class=\"wp-block-paragraph\">\u00bfHabr\u00e1 \u00abviacrucis pol\u00edtico esta semana Santa?<\/p>\n\n\n\n<p class=\"wp-block-paragraph\">Voy por un plato de capirotada.<\/p>\n","protected":false},"excerpt":{"rendered":"<p>Ra\u00fal Ruiz ___________________________ No soy niv\u00f3logo, ni monta\u00f1\u00e9s experto en avalanchas&#8230; no. Estos cabrones centran conocimiento en la nieve, su formaci\u00f3n, comportamiento y los procesos asociados, incluyendo las avalanchas. Sin embargo, soy hombre que gusta rascarle al conocimiento, y basado en viejas lecturas, me siento capaz de explicar en qu\u00e9 consiste una avalancha de nieve, [&hellip;]<\/p>\n","protected":false},"author":6,"featured_media":43347,"comment_status":"closed","ping_status":"closed","sticky":false,"template":"","format":"standard","meta":{"_acf_changed":false,"_monsterinsights_skip_tracking":false,"slim_seo":{"title":"Alud - Opini\u00f3n P\u00fablica","description":"Ra\u00fal Ruiz ___________________________ No soy niv\u00f3logo, ni monta\u00f1\u00e9s experto en avalanchas... no. Estos cabrones centran conocimiento en la nieve, su formaci\u00f3n, c"},"footnotes":""},"categories":[21],"tags":[593],"class_list":["post-55824","post","type-post","status-publish","format-standard","has-post-thumbnail","hentry","category-cartapacio","tag-cartapacio"],"acf":[],"_links":{"self":[{"href":"https:\/\/www.opinionpublica.tv\/portada\/wp-json\/wp\/v2\/posts\/55824","targetHints":{"allow":["GET"]}}],"collection":[{"href":"https:\/\/www.opinionpublica.tv\/portada\/wp-json\/wp\/v2\/posts"}],"about":[{"href":"https:\/\/www.opinionpublica.tv\/portada\/wp-json\/wp\/v2\/types\/post"}],"author":[{"embeddable":true,"href":"https:\/\/www.opinionpublica.tv\/portada\/wp-json\/wp\/v2\/users\/6"}],"replies":[{"embeddable":true,"href":"https:\/\/www.opinionpublica.tv\/portada\/wp-json\/wp\/v2\/comments?post=55824"}],"version-history":[{"count":2,"href":"https:\/\/www.opinionpublica.tv\/portada\/wp-json\/wp\/v2\/posts\/55824\/revisions"}],"predecessor-version":[{"id":55826,"href":"https:\/\/www.opinionpublica.tv\/portada\/wp-json\/wp\/v2\/posts\/55824\/revisions\/55826"}],"wp:featuredmedia":[{"embeddable":true,"href":"https:\/\/www.opinionpublica.tv\/portada\/wp-json\/wp\/v2\/media\/43347"}],"wp:attachment":[{"href":"https:\/\/www.opinionpublica.tv\/portada\/wp-json\/wp\/v2\/media?parent=55824"}],"wp:term":[{"taxonomy":"category","embeddable":true,"href":"https:\/\/www.opinionpublica.tv\/portada\/wp-json\/wp\/v2\/categories?post=55824"},{"taxonomy":"post_tag","embeddable":true,"href":"https:\/\/www.opinionpublica.tv\/portada\/wp-json\/wp\/v2\/tags?post=55824"}],"curies":[{"name":"wp","href":"https:\/\/api.w.org\/{rel}","templated":true}]}}