{"id":55802,"date":"2025-03-24T00:01:00","date_gmt":"2025-03-24T06:01:00","guid":{"rendered":"https:\/\/www.opinionpublica.tv\/portada\/?p=55802"},"modified":"2025-03-23T14:36:29","modified_gmt":"2025-03-23T20:36:29","slug":"promueven-productos-chihuahuenses-en-la-feria-internacional-foodex-japon-2025","status":"publish","type":"post","link":"https:\/\/www.opinionpublica.tv\/portada\/promueven-productos-chihuahuenses-en-la-feria-internacional-foodex-japon-2025\/","title":{"rendered":"Promueven los productos chihuahuenses en la feria FOODEX Jap\u00f3n 2025"},"content":{"rendered":"\n<figure class=\"wp-block-image size-large\"><img fetchpriority=\"high\" decoding=\"async\" width=\"1024\" height=\"767\" src=\"https:\/\/www.opinionpublica.tv\/portada\/wp-content\/uploads\/2025\/03\/Promueven-los-productos-chihuahuenses-en-la-feria-FOODEX-Japon-2025-1024x767.jpeg\" alt=\"Promueven los productos chihuahuenses en la feria foodex japo\u0301n 2025\" class=\"wp-image-55805\" srcset=\"https:\/\/www.opinionpublica.tv\/portada\/wp-content\/uploads\/2025\/03\/Promueven-los-productos-chihuahuenses-en-la-feria-FOODEX-Japon-2025-1024x767.jpeg 1024w, https:\/\/www.opinionpublica.tv\/portada\/wp-content\/uploads\/2025\/03\/Promueven-los-productos-chihuahuenses-en-la-feria-FOODEX-Japon-2025-300x225.jpeg 300w, https:\/\/www.opinionpublica.tv\/portada\/wp-content\/uploads\/2025\/03\/Promueven-los-productos-chihuahuenses-en-la-feria-FOODEX-Japon-2025-768x576.jpeg 768w, https:\/\/www.opinionpublica.tv\/portada\/wp-content\/uploads\/2025\/03\/Promueven-los-productos-chihuahuenses-en-la-feria-FOODEX-Japon-2025-1536x1151.jpeg 1536w, https:\/\/www.opinionpublica.tv\/portada\/wp-content\/uploads\/2025\/03\/Promueven-los-productos-chihuahuenses-en-la-feria-FOODEX-Japon-2025.jpeg 1600w\" sizes=\"(max-width: 1024px) 100vw, 1024px\" \/><\/figure>\n\n\n\n<p class=\"wp-block-paragraph\"><em>Chihuahua, Chih<\/em>.- Con apoyo de las secretar\u00edas de Innovaci\u00f3n y Desarrollo Econ\u00f3mico (SIDE) y de Desarrollo Rural (SDR), siete productores locales presentaron productos en la feria internacional FOODEX Jap\u00f3n 2025, uno de los eventos de alimentos y bebidas m\u00e1s importantes del mundo.<\/p>\n\n\n\n<p class=\"wp-block-paragraph\">El encuentro se llev\u00f3 a cabo en la ciudad de Tokio, y reuni\u00f3 a m\u00e1s de 51 empresas nacionales en el Pabell\u00f3n de M\u00e9xico.<\/p>\n\n\n\n<p class=\"wp-block-paragraph\">Gracias a este esfuerzo, los productores chihuahuenses tuvieron la oportunidad de dar a conocer su trabajo a compradores de m\u00faltiples pa\u00edses, as\u00ed como de crear conexiones que ayudar\u00e1n a que sus productos lleguen a m\u00e1s mercados.<\/p>\n\n\n\n<p class=\"wp-block-paragraph\">Las empresas agroindustriales locales participantes provienen de los municipios de Galeana, Ju\u00e1rez, Cuauht\u00e9moc, Camargo y Delicias, y presentaron productos como carne, nuez pecanera, pur\u00e9 de manzana, vinos, sotol y chile jalape\u00f1o.<\/p>\n\n\n\n<p class=\"wp-block-paragraph\">Las participantes fueron: Procesadora R\u00edo San Pedro, Blue Mountain Foods, Agua Nueva, Agronegocios Cuauht\u00e9moc, Vin\u00edcola Amelia, Sotoleros Hacienda de \u00c1ngeles y Agrocosa, quienes mostraron el valor de lo que se produce en la entidad ante clientes potenciales en Asia.<\/p>\n\n\n\n<p class=\"wp-block-paragraph\">Cabe mencionar que el estado de Chihuahua se beneficia de acuerdos comerciales como el TIPAT y el Acuerdo de Asociaci\u00f3n Econ\u00f3mica M\u00e9xico-Jap\u00f3n (AAEMJ), lo que facilita la venta de productos en Jap\u00f3n y otros pa\u00edses de la regi\u00f3n, lo cual abre nuevas oportunidades para las y los productores locales.<\/p>\n\n\n\n<p class=\"wp-block-paragraph\">Con esta participaci\u00f3n, el Gobierno del Estado refuerza su compromiso de impulsar el crecimiento de las empresas chihuahuenses, llevar sus productos a nuevos mercados y posicionarlas a nivel internacional.<\/p>\n","protected":false},"excerpt":{"rendered":"<p>Chihuahua, Chih.- Con apoyo de las secretar\u00edas de Innovaci\u00f3n y Desarrollo Econ\u00f3mico (SIDE) y de Desarrollo Rural (SDR), siete productores locales presentaron productos en la feria internacional FOODEX Jap\u00f3n 2025, uno de los eventos de alimentos y bebidas m\u00e1s importantes del mundo. El encuentro se llev\u00f3 a cabo en la ciudad de Tokio, y reuni\u00f3 [&hellip;]<\/p>\n","protected":false},"author":6,"featured_media":55805,"comment_status":"closed","ping_status":"closed","sticky":false,"template":"","format":"standard","meta":{"_acf_changed":false,"_monsterinsights_skip_tracking":false,"slim_seo":{"title":"Promueven los productos chihuahuenses en la feria FOODEX Jap\u00f3n 2025 - Opini\u00f3n P\u00fablica","description":"Chihuahua, Chih .- Con apoyo de las secretar\u00edas de Innovaci\u00f3n y Desarrollo Econ\u00f3mico (SIDE) y de Desarrollo Rural (SDR), siete productores locales presentaron p"},"footnotes":""},"categories":[11],"tags":[],"class_list":["post-55802","post","type-post","status-publish","format-standard","has-post-thumbnail","hentry","category-tendencias"],"acf":[],"_links":{"self":[{"href":"https:\/\/www.opinionpublica.tv\/portada\/wp-json\/wp\/v2\/posts\/55802","targetHints":{"allow":["GET"]}}],"collection":[{"href":"https:\/\/www.opinionpublica.tv\/portada\/wp-json\/wp\/v2\/posts"}],"about":[{"href":"https:\/\/www.opinionpublica.tv\/portada\/wp-json\/wp\/v2\/types\/post"}],"author":[{"embeddable":true,"href":"https:\/\/www.opinionpublica.tv\/portada\/wp-json\/wp\/v2\/users\/6"}],"replies":[{"embeddable":true,"href":"https:\/\/www.opinionpublica.tv\/portada\/wp-json\/wp\/v2\/comments?post=55802"}],"version-history":[{"count":2,"href":"https:\/\/www.opinionpublica.tv\/portada\/wp-json\/wp\/v2\/posts\/55802\/revisions"}],"predecessor-version":[{"id":55806,"href":"https:\/\/www.opinionpublica.tv\/portada\/wp-json\/wp\/v2\/posts\/55802\/revisions\/55806"}],"wp:featuredmedia":[{"embeddable":true,"href":"https:\/\/www.opinionpublica.tv\/portada\/wp-json\/wp\/v2\/media\/55805"}],"wp:attachment":[{"href":"https:\/\/www.opinionpublica.tv\/portada\/wp-json\/wp\/v2\/media?parent=55802"}],"wp:term":[{"taxonomy":"category","embeddable":true,"href":"https:\/\/www.opinionpublica.tv\/portada\/wp-json\/wp\/v2\/categories?post=55802"},{"taxonomy":"post_tag","embeddable":true,"href":"https:\/\/www.opinionpublica.tv\/portada\/wp-json\/wp\/v2\/tags?post=55802"}],"curies":[{"name":"wp","href":"https:\/\/api.w.org\/{rel}","templated":true}]}}