{"id":55780,"date":"2025-03-24T00:01:00","date_gmt":"2025-03-24T06:01:00","guid":{"rendered":"https:\/\/www.opinionpublica.tv\/portada\/?p=55780"},"modified":"2025-03-23T13:08:34","modified_gmt":"2025-03-23T19:08:34","slug":"ok-sabes-realmente-que-significa-y-cual-es-el-origen-de-la-palabra-usada-en-todo-el-mundo","status":"publish","type":"post","link":"https:\/\/www.opinionpublica.tv\/portada\/ok-sabes-realmente-que-significa-y-cual-es-el-origen-de-la-palabra-usada-en-todo-el-mundo\/","title":{"rendered":"OK: \u00bfSabes qu\u00e9 significa y el origen de esta palabra usada en todo el mundo?"},"content":{"rendered":"\n<figure class=\"wp-block-image size-large\"><img fetchpriority=\"high\" decoding=\"async\" width=\"1024\" height=\"751\" src=\"https:\/\/www.opinionpublica.tv\/portada\/wp-content\/uploads\/2025\/03\/OK-\u00bfSabes-que-significa-y-el-origen-de-esta-palabra-usada-en-todo-el-mundo-1024x751.jpeg\" alt=\"Ok \u00bfsabes que\u0301 significa y el origen de esta palabra usada en todo el mundo?\" class=\"wp-image-55785\" srcset=\"https:\/\/www.opinionpublica.tv\/portada\/wp-content\/uploads\/2025\/03\/OK-\u00bfSabes-que-significa-y-el-origen-de-esta-palabra-usada-en-todo-el-mundo-1024x751.jpeg 1024w, https:\/\/www.opinionpublica.tv\/portada\/wp-content\/uploads\/2025\/03\/OK-\u00bfSabes-que-significa-y-el-origen-de-esta-palabra-usada-en-todo-el-mundo-300x220.jpeg 300w, https:\/\/www.opinionpublica.tv\/portada\/wp-content\/uploads\/2025\/03\/OK-\u00bfSabes-que-significa-y-el-origen-de-esta-palabra-usada-en-todo-el-mundo-768x563.jpeg 768w, https:\/\/www.opinionpublica.tv\/portada\/wp-content\/uploads\/2025\/03\/OK-\u00bfSabes-que-significa-y-el-origen-de-esta-palabra-usada-en-todo-el-mundo.jpeg 1280w\" sizes=\"(max-width: 1024px) 100vw, 1024px\" \/><\/figure>\n\n\n\n<p class=\"wp-block-paragraph\">Desde mensajes de texto hasta discursos presidenciales, la palabra &#8216;OK&#8217; es una de las expresiones m\u00e1s universales del lenguaje.<\/p>\n\n\n\n<p class=\"wp-block-paragraph\">Durante d\u00e9cadas su origen fue un misterio, alimentado por teor\u00edas que iban desde su uso en la Guerra Civil de Estados Unidos hasta una supuesta influencia de lenguas extranjeras. Fue hasta la d\u00e9cada de 1960 que un investigador finalmente revel\u00f3 la verdad.<\/p>\n\n\n\n<p class=\"wp-block-paragraph\">A lo largo de la historia, han existido varias explicaciones sobre el significado original de &#8216;OK&#8217;:<\/p>\n\n\n\n<p class=\"wp-block-paragraph\">Algunos pensaban que ven\u00eda de la expresi\u00f3n alemana Oberst Kommandant (Comandante Supremo).<\/p>\n\n\n\n<p class=\"wp-block-paragraph\">Otros afirmaban que derivaba de Aux Cayes, una ciudad portuaria haitiana.<\/p>\n\n\n\n<p class=\"wp-block-paragraph\">Se cre\u00eda que era una abreviatura utilizada en el tel\u00e9grafo con el significado de \u00abllave abierta\u00bb.<\/p>\n\n\n\n<p class=\"wp-block-paragraph\">Otra teor\u00eda suger\u00eda que Andrew Jackson, expresidente de Estados Unidos populariz\u00f3 la interjecci\u00f3n okeh del idioma choctaw.<\/p>\n\n\n\n<p class=\"wp-block-paragraph\">Pero ninguna de estas explicaciones era concluyente, hasta que un erudito de la Universidad de Columbia resolvi\u00f3 el misterio.<\/p>\n\n\n\n<p class=\"wp-block-paragraph\">El descubrimiento del verdadero origen de &#8216;OK&#8217;<\/p>\n\n\n\n<p class=\"wp-block-paragraph\">En 1963, el investigador Allen Walker Read realiz\u00f3 un exhaustivo estudio ling\u00fc\u00edstico y encontr\u00f3 la primera aparici\u00f3n documentada de &#8216;OK&#8217; en un peri\u00f3dico de Boston.<\/p>\n\n\n\n<p class=\"wp-block-paragraph\">En 1839, el Boston Morning Post, dirigido por el editor Charles Gordon Greene, public\u00f3 un art\u00edculo sat\u00edrico en el que se usaba &#8216;OK&#8217; como una abreviatura de \u00aboll korrect\u00bb, una versi\u00f3n intencionalmente mal escrita de \u00aball correct\u00bb (todo correcto). Esta fue una de muchas siglas de moda en la \u00e9poca, pero lo que ayud\u00f3 a &#8216;OK&#8217; a sobrevivir y popularizarse fue su uso en la campa\u00f1a presidencial de Martin Van Buren.<\/p>\n\n\n\n<p class=\"wp-block-paragraph\">De un peri\u00f3dico a una campa\u00f1a presidencial<\/p>\n\n\n\n<p class=\"wp-block-paragraph\">En 1840, los seguidores de Martin Van Buren adoptaron &#8216;OK&#8217; como un eslogan de campa\u00f1a debido a su apodo \u00abOld Kinderhook\u00bb, en referencia a su ciudad natal en Nueva York.<\/p>\n\n\n\n<p class=\"wp-block-paragraph\">El lema \u00abVote por OK\u00bb ayud\u00f3 a que la expresi\u00f3n se difundiera r\u00e1pidamente por todo el pa\u00eds. Aunque Van Buren perdi\u00f3 la reelecci\u00f3n, &#8216;OK&#8217; qued\u00f3 grabado en el habla cotidiana.<\/p>\n\n\n\n<p class=\"wp-block-paragraph\">De Estados Unidos a la Luna<\/p>\n\n\n\n<p class=\"wp-block-paragraph\">El estudio de Read demostr\u00f3 que, con el paso del tiempo, &#8216;OK&#8217; se extendi\u00f3 por Am\u00e9rica del Norte y luego al resto del mundo. Su uso alcanz\u00f3 un hito en 1969, cuando el astronauta Buzz Aldrin la pronunci\u00f3 durante la misi\u00f3n Apolo 11, llev\u00e1ndola hasta la superficie lunar. Hoy, &#8216;OK&#8217; es reconocida y entendida en casi todos los idiomas. A pesar de algunos cuestionamientos posteriores a la investigaci\u00f3n de Read, su teor\u00eda sigue siendo la explicaci\u00f3n m\u00e1s aceptada sobre el origen de la palabra m\u00e1s utilizada en el mundo. (Exc\u00e9lsior)<\/p>\n","protected":false},"excerpt":{"rendered":"<p>Desde mensajes de texto hasta discursos presidenciales, la palabra &#8216;OK&#8217; es una de las expresiones m\u00e1s universales del lenguaje. Durante d\u00e9cadas su origen fue un misterio, alimentado por teor\u00edas que iban desde su uso en la Guerra Civil de Estados Unidos hasta una supuesta influencia de lenguas extranjeras. Fue hasta la d\u00e9cada de 1960 que [&hellip;]<\/p>\n","protected":false},"author":6,"featured_media":55785,"comment_status":"closed","ping_status":"closed","sticky":false,"template":"","format":"standard","meta":{"_acf_changed":false,"_monsterinsights_skip_tracking":false,"slim_seo":{"title":"OK: \u00bfSabes qu\u00e9 significa y el origen de esta palabra usada en todo el mundo? - Opini\u00f3n P\u00fablica","description":"Desde mensajes de texto hasta discursos presidenciales, la palabra 'OK' es una de las expresiones m\u00e1s universales del lenguaje. Durante d\u00e9cadas su origen fue un"},"footnotes":""},"categories":[11],"tags":[],"class_list":["post-55780","post","type-post","status-publish","format-standard","has-post-thumbnail","hentry","category-tendencias"],"acf":[],"_links":{"self":[{"href":"https:\/\/www.opinionpublica.tv\/portada\/wp-json\/wp\/v2\/posts\/55780","targetHints":{"allow":["GET"]}}],"collection":[{"href":"https:\/\/www.opinionpublica.tv\/portada\/wp-json\/wp\/v2\/posts"}],"about":[{"href":"https:\/\/www.opinionpublica.tv\/portada\/wp-json\/wp\/v2\/types\/post"}],"author":[{"embeddable":true,"href":"https:\/\/www.opinionpublica.tv\/portada\/wp-json\/wp\/v2\/users\/6"}],"replies":[{"embeddable":true,"href":"https:\/\/www.opinionpublica.tv\/portada\/wp-json\/wp\/v2\/comments?post=55780"}],"version-history":[{"count":4,"href":"https:\/\/www.opinionpublica.tv\/portada\/wp-json\/wp\/v2\/posts\/55780\/revisions"}],"predecessor-version":[{"id":55786,"href":"https:\/\/www.opinionpublica.tv\/portada\/wp-json\/wp\/v2\/posts\/55780\/revisions\/55786"}],"wp:featuredmedia":[{"embeddable":true,"href":"https:\/\/www.opinionpublica.tv\/portada\/wp-json\/wp\/v2\/media\/55785"}],"wp:attachment":[{"href":"https:\/\/www.opinionpublica.tv\/portada\/wp-json\/wp\/v2\/media?parent=55780"}],"wp:term":[{"taxonomy":"category","embeddable":true,"href":"https:\/\/www.opinionpublica.tv\/portada\/wp-json\/wp\/v2\/categories?post=55780"},{"taxonomy":"post_tag","embeddable":true,"href":"https:\/\/www.opinionpublica.tv\/portada\/wp-json\/wp\/v2\/tags?post=55780"}],"curies":[{"name":"wp","href":"https:\/\/api.w.org\/{rel}","templated":true}]}}