{"id":55639,"date":"2025-03-21T00:01:00","date_gmt":"2025-03-21T06:01:00","guid":{"rendered":"https:\/\/www.opinionpublica.tv\/portada\/?p=55639"},"modified":"2025-03-20T21:16:40","modified_gmt":"2025-03-21T03:16:40","slug":"el-viaje-a-taiwan","status":"publish","type":"post","link":"https:\/\/www.opinionpublica.tv\/portada\/el-viaje-a-taiwan\/","title":{"rendered":"El viaje a Taiw\u00e1n"},"content":{"rendered":"\n<h4 class=\"wp-block-heading\">Ra\u00fal Ruiz<\/h4>\n\n\n\n<p class=\"wp-block-paragraph\">____________________________<\/p>\n\n\n\n<p class=\"wp-block-paragraph\">Todos supimos que el alcalde, Cruz P\u00e9rez Cu\u00e9llar, como parte de su agenda, particip\u00f3 en un evento de corte internacional, all\u00e1 por orientales tierras.<\/p>\n\n\n\n<p class=\"wp-block-paragraph\">Pero nos quedamos cortos en informaci\u00f3n sobre la importancia de esta coyuntura.<\/p>\n\n\n\n<p class=\"wp-block-paragraph\">Lo digo, porque no bien hab\u00eda despegado el avi\u00f3n rumbo a Taiw\u00e1n, cuando ya ten\u00eda varias opiniones socarronas en su contra.<\/p>\n\n\n\n<p class=\"wp-block-paragraph\">Aqu\u00ed reproduzco varias de ellas:<\/p>\n\n\n\n<p class=\"wp-block-paragraph\">\u00abQu\u00e9 buen pretexto para viaticar\u00bb.<\/p>\n\n\n\n<p class=\"wp-block-paragraph\">\u00abQue a toda madre, \u00bfeh?, los juarenses ahog\u00e1ndose bajo toneladas de arena y borbotones de sangre, mientras t\u00fa te largas de paseo\u00bb.<\/p>\n\n\n\n<p class=\"wp-block-paragraph\">\u00abAl menos traenos un llaverito de recuerdo\u00bb.<\/p>\n\n\n\n<p class=\"wp-block-paragraph\">\u00abEn vez de tapar los baches, te vas a despilfarrar\u00bb. Etc.<\/p>\n\n\n\n<p class=\"wp-block-paragraph\">Luego, ya instalado en Taip\u00e9i, el alcalde manda informaci\u00f3n a trav\u00e9s de un Reel, en sus redes sociales, y dice:<\/p>\n\n\n\n<p class=\"wp-block-paragraph\">\u00abDesde Taiw\u00e1n, estamos impulsando la innovaci\u00f3n y el desarrollo de nuestra ciudad.<\/p>\n\n\n\n<p class=\"wp-block-paragraph\">Estuve presente como panelista en el \u201cIntercambio de experiencias sobre el desarrollo internacional de ciudades inteligentes\u201d, donde compartimos experiencias y conocimientos con l\u00edderes mundiales para construir ciudades m\u00e1s inteligentes, sostenibles y conectadas.<\/p>\n\n\n\n<p class=\"wp-block-paragraph\">#ElCambioSigue #Ju\u00e1rezAvanza\u00bb.<\/p>\n\n\n\n<p class=\"wp-block-paragraph\">&#8211; \u00abS\u00ed, Chucha, \u00bfy tus calzonsotes?\u00bb<\/p>\n\n\n\n<p class=\"wp-block-paragraph\">Grit\u00f3 por all\u00e1 un cibernauta visiblemente inc\u00f3modo porque \u00e9l nunca podr\u00eda hacer esos viajes. La cuesta de enero lleg\u00f3 hasta marzo y en Semana Santa, s\u00f3lo podr\u00e1 llevar a su familia a disfrutar del centro hist\u00f3rico y comer un elote, cerca del \u00abTint\u00e1n de bronce\u00bb, foto incluida.<\/p>\n\n\n\n<p class=\"wp-block-paragraph\">As\u00ed que la frustraci\u00f3n lo hace refunfu\u00f1ar.<\/p>\n\n\n\n<p class=\"wp-block-paragraph\">Yo, como comunicador interesado en los temas de innovaci\u00f3n y brujer\u00edas tecnol\u00f3gicas futuristas, no me iba a quedar con la duda y agarro y que le escribo:<\/p>\n\n\n\n<p class=\"wp-block-paragraph\">&#8211; Alcalde, ya dime, \u00bfA qu\u00e9 juites? \u00bfPuro paseo a costa del erario? \u00bfA comer chopita de acelgas y fideos?<\/p>\n\n\n\n<p class=\"wp-block-paragraph\">Y agarra y que me contesta:<\/p>\n\n\n\n<p class=\"wp-block-paragraph\">&#8211; \u00abVine invitado por un grupo de empresarios taiwaneses a participar en el Smart City Summit &amp; Expo 2025, como ponente. Y de pasada conectar con otros l\u00edderes mundiales sobre el tema del desarrollo internacional de ciudades inteligentes (smart cities).<\/p>\n\n\n\n<p class=\"wp-block-paragraph\">Este evento es reconocido como la feria comercial de ciudades inteligentes m\u00e1s grande de Asia y aborda temas como inteligencia artificial, sostenibilidad, seguridad digital y movilidad inteligente.<\/p>\n\n\n\n<p class=\"wp-block-paragraph\">El prop\u00f3sito fue compartir conocimientos y estrategias para construir ciudades m\u00e1s sostenibles, conectadas e inteligentes.<\/p>\n\n\n\n<p class=\"wp-block-paragraph\">El desarrollo internacional de ciudades inteligentes es una tendencia transformadora que busca integrar tecnolog\u00edas avanzadas con el dise\u00f1o urbano para mejorar la calidad de vida, la sostenibilidad y la eficiencia en el manejo de recursos en las ciudades.<\/p>\n\n\n\n<p class=\"wp-block-paragraph\">Este enfoque est\u00e1 siendo adoptado globalmente en un esfuerzo por abordar desaf\u00edos como el r\u00e1pido crecimiento urbano, el cambio clim\u00e1tico y la demanda de servicios m\u00e1s inteligentes y personalizados.<\/p>\n\n\n\n<p class=\"wp-block-paragraph\">Pero m\u00e1s&nbsp; que nada, vine a hacer los contactos pertinentes para encontrar financiamiento.<\/p>\n\n\n\n<p class=\"wp-block-paragraph\">Muchas ciudades, especialmente en pa\u00edses en v\u00edas de desarrollo, carecemos de los recursos necesarios para la infraestructura inicial, y ac\u00e1 es donde se juntan los meros machuchones\u00bb. Me dijo.<\/p>\n\n\n\n<p class=\"wp-block-paragraph\">Yo por mi parte, hice un poco de investigaci\u00f3n para saber qu\u00e9 rollo con el concepto CIUDADES INTELIGENTES, y descubr\u00ed los componentes principales del desarrollo de ciudades inteligentes.<\/p>\n\n\n\n<p class=\"wp-block-paragraph\">1. Infraestructura digital: Redes de telecomunicaci\u00f3n de alta velocidad, sensores IoT (Internet de las cosas) y sistemas de datos que recogen y analizan informaci\u00f3n en tiempo real para mejorar la toma de decisiones.<\/p>\n\n\n\n<p class=\"wp-block-paragraph\">2. Sostenibilidad medioambiental: Uso eficiente de energ\u00eda, transporte sostenible (como veh\u00edculos el\u00e9ctricos y bicicletas compartidas) y gesti\u00f3n avanzada de residuos.<\/p>\n\n\n\n<p class=\"wp-block-paragraph\">3. Gobernanza inteligente: Plataformas digitales que permiten a los ciudadanos interactuar con los gobiernos locales, promoviendo una participaci\u00f3n c\u00edvica m\u00e1s activa y transparente.<\/p>\n\n\n\n<p class=\"wp-block-paragraph\">4. Movilidad inteligente: Sistemas de transporte p\u00fablico optimizados, tr\u00e1fico gestionado por inteligencia artificial y soluciones como sem\u00e1foros inteligentes o aplicaciones de movilidad compartida.<\/p>\n\n\n\n<p class=\"wp-block-paragraph\">5. Econom\u00eda digital: Promoci\u00f3n de startups tecnol\u00f3gicas, zonas econ\u00f3micas especializadas en innovaci\u00f3n y acceso a redes globales.<\/p>\n\n\n\n<p class=\"wp-block-paragraph\">Casos destacados en el mundo:<\/p>\n\n\n\n<p class=\"wp-block-paragraph\">&#8211; Singapur: Considerada un modelo a seguir, con sistemas avanzados para monitorear el tr\u00e1nsito, la calidad del aire y el consumo de energ\u00eda.<\/p>\n\n\n\n<p class=\"wp-block-paragraph\">Adem\u00e1s, utiliza gemelos digitales para simular y optimizar infraestructuras.<\/p>\n\n\n\n<p class=\"wp-block-paragraph\">&#8211; Barcelona: Pionera en la implementaci\u00f3n de sensores IoT para la gesti\u00f3n de servicios p\u00fablicos como el alumbrado y la recolecci\u00f3n de residuos.<\/p>\n\n\n\n<p class=\"wp-block-paragraph\">&#8211; Songdo, Corea del Sur: Una ciudad construida desde cero, con tecnolog\u00edas integradas para monitorear el entorno y facilitar la vida cotidiana de los residentes.<\/p>\n\n\n\n<p class=\"wp-block-paragraph\">Hasta aqu\u00ed, la cosa est\u00e1 atodamadre, sin embargo, hay negritos en el arroz.<\/p>\n\n\n\n<p class=\"wp-block-paragraph\">Por ejemplo:<\/p>\n\n\n\n<p class=\"wp-block-paragraph\">&#8211; Privacidad y \u00e9tica: La recopilaci\u00f3n masiva de datos plantea preocupaciones sobre la seguridad y los derechos de los ciudadanos.<\/p>\n\n\n\n<p class=\"wp-block-paragraph\">&#8211; Desigualdad: La brecha tecnol\u00f3gica, sin duda, dejar\u00e1 fuera a sectores de la poblaci\u00f3n, ampliando desigualdades existentes.<\/p>\n\n\n\n<p class=\"wp-block-paragraph\">Sea como sea, la presencia del alcalde en aquellos estamentos, nos coloca entre las regiones con mejor futuro frente a otras.<\/p>\n\n\n\n<p class=\"wp-block-paragraph\">El concepto de ciudades inteligentes no s\u00f3lo tiene que ver con la tecnolog\u00eda, sino con c\u00f3mo \u00e9sta puede integrarse arm\u00f3nicamente con la vida social y cultural de cada regi\u00f3n.<\/p>\n\n\n\n<p class=\"wp-block-paragraph\">El intercambio de experiencias sobre el desarrollo internacional de ciudades inteligentes en Taiw\u00e1n ha sido un tema destacado en eventos recientes.<\/p>\n\n\n\n<p class=\"wp-block-paragraph\">Adem\u00e1s, representantes de diversas ciudades, incluyendo Ju\u00e1rez, participaron en foros en Taiw\u00e1n para aprender de casos de \u00e9xito y avances tecnol\u00f3gicos.<\/p>\n\n\n\n<p class=\"wp-block-paragraph\">Estos encuentros buscan fomentar la cooperaci\u00f3n internacional y la implementaci\u00f3n de soluciones innovadoras que mejoren la calidad de vida de los ciudadanos.<\/p>\n\n\n\n<p class=\"wp-block-paragraph\">Por lo pronto, sabemos que Cruz no fue s\u00f3lo de paseo.<\/p>\n\n\n\n<p class=\"wp-block-paragraph\">Falta que nos diga \u00abde cuerpo presente\u00bb, c\u00f3mo ser\u00e1 nuestra participaci\u00f3n ya integrados como parte del conglomerado de \u00abCIUDADES INTELIGENTES\u00bb.<\/p>\n\n\n\n<p class=\"wp-block-paragraph\">Qu\u00e9 nervios.<\/p>\n","protected":false},"excerpt":{"rendered":"<p>Ra\u00fal Ruiz ____________________________ Todos supimos que el alcalde, Cruz P\u00e9rez Cu\u00e9llar, como parte de su agenda, particip\u00f3 en un evento de corte internacional, all\u00e1 por orientales tierras. Pero nos quedamos cortos en informaci\u00f3n sobre la importancia de esta coyuntura. Lo digo, porque no bien hab\u00eda despegado el avi\u00f3n rumbo a Taiw\u00e1n, cuando ya ten\u00eda varias [&hellip;]<\/p>\n","protected":false},"author":6,"featured_media":43347,"comment_status":"closed","ping_status":"closed","sticky":false,"template":"","format":"standard","meta":{"_acf_changed":false,"_monsterinsights_skip_tracking":false,"slim_seo":{"title":"El viaje a Taiw\u00e1n - Opini\u00f3n P\u00fablica","description":"Ra\u00fal Ruiz ____________________________ Todos supimos que el alcalde, Cruz P\u00e9rez Cu\u00e9llar, como parte de su agenda, particip\u00f3 en un evento de corte internacional,"},"footnotes":""},"categories":[21],"tags":[593],"class_list":["post-55639","post","type-post","status-publish","format-standard","has-post-thumbnail","hentry","category-cartapacio","tag-cartapacio"],"acf":[],"_links":{"self":[{"href":"https:\/\/www.opinionpublica.tv\/portada\/wp-json\/wp\/v2\/posts\/55639","targetHints":{"allow":["GET"]}}],"collection":[{"href":"https:\/\/www.opinionpublica.tv\/portada\/wp-json\/wp\/v2\/posts"}],"about":[{"href":"https:\/\/www.opinionpublica.tv\/portada\/wp-json\/wp\/v2\/types\/post"}],"author":[{"embeddable":true,"href":"https:\/\/www.opinionpublica.tv\/portada\/wp-json\/wp\/v2\/users\/6"}],"replies":[{"embeddable":true,"href":"https:\/\/www.opinionpublica.tv\/portada\/wp-json\/wp\/v2\/comments?post=55639"}],"version-history":[{"count":2,"href":"https:\/\/www.opinionpublica.tv\/portada\/wp-json\/wp\/v2\/posts\/55639\/revisions"}],"predecessor-version":[{"id":55641,"href":"https:\/\/www.opinionpublica.tv\/portada\/wp-json\/wp\/v2\/posts\/55639\/revisions\/55641"}],"wp:featuredmedia":[{"embeddable":true,"href":"https:\/\/www.opinionpublica.tv\/portada\/wp-json\/wp\/v2\/media\/43347"}],"wp:attachment":[{"href":"https:\/\/www.opinionpublica.tv\/portada\/wp-json\/wp\/v2\/media?parent=55639"}],"wp:term":[{"taxonomy":"category","embeddable":true,"href":"https:\/\/www.opinionpublica.tv\/portada\/wp-json\/wp\/v2\/categories?post=55639"},{"taxonomy":"post_tag","embeddable":true,"href":"https:\/\/www.opinionpublica.tv\/portada\/wp-json\/wp\/v2\/tags?post=55639"}],"curies":[{"name":"wp","href":"https:\/\/api.w.org\/{rel}","templated":true}]}}