{"id":55630,"date":"2025-03-21T00:01:00","date_gmt":"2025-03-21T06:01:00","guid":{"rendered":"https:\/\/www.opinionpublica.tv\/portada\/?p=55630"},"modified":"2025-03-20T20:55:49","modified_gmt":"2025-03-21T02:55:49","slug":"conmemoran-el-dia-de-la-concientizacion-sobre-el-sindrome-de-down-en-juarez","status":"publish","type":"post","link":"https:\/\/www.opinionpublica.tv\/portada\/conmemoran-el-dia-de-la-concientizacion-sobre-el-sindrome-de-down-en-juarez\/","title":{"rendered":"Conmemoran el D\u00eda de la Concientizaci\u00f3n sobre el S\u00edndrome de Down en Ju\u00e1rez"},"content":{"rendered":"\n<figure class=\"wp-block-image size-full\"><img fetchpriority=\"high\" decoding=\"async\" width=\"480\" height=\"269\" src=\"https:\/\/www.opinionpublica.tv\/portada\/wp-content\/uploads\/2025\/03\/Conmemoran-el-Dia-de-la-Concientizacion-sobre-el-Sindrome-de-Down-en-Juarez.webp\" alt=\"Conmemoran el di\u0301a de la concientizacio\u0301n sobre el si\u0301ndrome de down en jua\u0301rez\" class=\"wp-image-55632\" srcset=\"https:\/\/www.opinionpublica.tv\/portada\/wp-content\/uploads\/2025\/03\/Conmemoran-el-Dia-de-la-Concientizacion-sobre-el-Sindrome-de-Down-en-Juarez.webp 480w, https:\/\/www.opinionpublica.tv\/portada\/wp-content\/uploads\/2025\/03\/Conmemoran-el-Dia-de-la-Concientizacion-sobre-el-Sindrome-de-Down-en-Juarez-300x168.webp 300w\" sizes=\"(max-width: 480px) 100vw, 480px\" \/><\/figure>\n\n\n\n<p class=\"wp-block-paragraph\"><em>Ciudad Ju\u00e1rez, Chih<\/em>.- Este d\u00eda se conmemora el D\u00eda Municipal de la Concientizaci\u00f3n sobre el S\u00edndrome de Down, cuyo objetivo es reafirmar el compromiso con la inclusi\u00f3n, el respeto y la dignidad de todas las personas.<\/p>\n\n\n\n<p class=\"wp-block-paragraph\">La fecha fue establecida por el Cabildo de Ju\u00e1rez, quien tambi\u00e9n estableci\u00f3 el 1 de abril de cada a\u00f1o como el D\u00eda Municipal de la Concientizaci\u00f3n sobre el Autismo.<\/p>\n\n\n\n<p class=\"wp-block-paragraph\">Conmemorar del D\u00eda Municipal de la Concientizaci\u00f3n sobre el S\u00edndrome de Down el 20 de marzo, un d\u00eda antes del D\u00eda Mundial, evita que esta fecha pierda fuerza ante la celebraci\u00f3n del nacimiento de Benito Ju\u00e1rez.<\/p>\n\n\n\n<p class=\"wp-block-paragraph\">La propuesta de conmemorar el D\u00eda Municipal de la Concientizaci\u00f3n sobre el S\u00edndrome de Down fue propuesto por la regidora Karla Michael Escalante.<\/p>\n","protected":false},"excerpt":{"rendered":"<p>Ciudad Ju\u00e1rez, Chih.- Este d\u00eda se conmemora el D\u00eda Municipal de la Concientizaci\u00f3n sobre el S\u00edndrome de Down, cuyo objetivo es reafirmar el compromiso con la inclusi\u00f3n, el respeto y la dignidad de todas las personas. La fecha fue establecida por el Cabildo de Ju\u00e1rez, quien tambi\u00e9n estableci\u00f3 el 1 de abril de cada a\u00f1o [&hellip;]<\/p>\n","protected":false},"author":6,"featured_media":55632,"comment_status":"closed","ping_status":"closed","sticky":false,"template":"","format":"standard","meta":{"_acf_changed":false,"_monsterinsights_skip_tracking":false,"slim_seo":{"title":"Conmemoran el D\u00eda de la Concientizaci\u00f3n sobre el S\u00edndrome de Down en Ju\u00e1rez - Opini\u00f3n P\u00fablica","description":"Ciudad Ju\u00e1rez, Chih .- Este d\u00eda se conmemora el D\u00eda Municipal de la Concientizaci\u00f3n sobre el S\u00edndrome de Down, cuyo objetivo es reafirmar el compromiso con la i"},"footnotes":""},"categories":[41],"tags":[],"class_list":["post-55630","post","type-post","status-publish","format-standard","has-post-thumbnail","hentry","category-juarez"],"acf":[],"_links":{"self":[{"href":"https:\/\/www.opinionpublica.tv\/portada\/wp-json\/wp\/v2\/posts\/55630","targetHints":{"allow":["GET"]}}],"collection":[{"href":"https:\/\/www.opinionpublica.tv\/portada\/wp-json\/wp\/v2\/posts"}],"about":[{"href":"https:\/\/www.opinionpublica.tv\/portada\/wp-json\/wp\/v2\/types\/post"}],"author":[{"embeddable":true,"href":"https:\/\/www.opinionpublica.tv\/portada\/wp-json\/wp\/v2\/users\/6"}],"replies":[{"embeddable":true,"href":"https:\/\/www.opinionpublica.tv\/portada\/wp-json\/wp\/v2\/comments?post=55630"}],"version-history":[{"count":2,"href":"https:\/\/www.opinionpublica.tv\/portada\/wp-json\/wp\/v2\/posts\/55630\/revisions"}],"predecessor-version":[{"id":55633,"href":"https:\/\/www.opinionpublica.tv\/portada\/wp-json\/wp\/v2\/posts\/55630\/revisions\/55633"}],"wp:featuredmedia":[{"embeddable":true,"href":"https:\/\/www.opinionpublica.tv\/portada\/wp-json\/wp\/v2\/media\/55632"}],"wp:attachment":[{"href":"https:\/\/www.opinionpublica.tv\/portada\/wp-json\/wp\/v2\/media?parent=55630"}],"wp:term":[{"taxonomy":"category","embeddable":true,"href":"https:\/\/www.opinionpublica.tv\/portada\/wp-json\/wp\/v2\/categories?post=55630"},{"taxonomy":"post_tag","embeddable":true,"href":"https:\/\/www.opinionpublica.tv\/portada\/wp-json\/wp\/v2\/tags?post=55630"}],"curies":[{"name":"wp","href":"https:\/\/api.w.org\/{rel}","templated":true}]}}