{"id":55595,"date":"2025-03-21T00:01:00","date_gmt":"2025-03-21T06:01:00","guid":{"rendered":"https:\/\/www.opinionpublica.tv\/portada\/?p=55595"},"modified":"2025-03-20T20:16:12","modified_gmt":"2025-03-21T02:16:12","slug":"caso-teuchitlan-fgr-determinara-si-llama-a-enrique-alfaro-a-declarar-dice-sheinbaum","status":"publish","type":"post","link":"https:\/\/www.opinionpublica.tv\/portada\/caso-teuchitlan-fgr-determinara-si-llama-a-enrique-alfaro-a-declarar-dice-sheinbaum\/","title":{"rendered":"Teuchitl\u00e1n: FGR determinar\u00e1 si llama a Enrique Alfaro a declarar, dice Sheinbaum"},"content":{"rendered":"\n<figure class=\"wp-block-image size-full\"><img fetchpriority=\"high\" decoding=\"async\" width=\"1100\" height=\"666\" src=\"https:\/\/www.opinionpublica.tv\/portada\/wp-content\/uploads\/2025\/03\/Teuchitlan-FGR-determinara-si-llama-a-Enrique-Alfaro-a-declarar-dice-Sheinbaum.avif\" alt=\"Teuchitla\u0301n fgr determinara\u0301 si llama a enrique alfaro a declarar, dice sheinbaum\" class=\"wp-image-55599\"\/><\/figure>\n\n\n\n<p class=\"wp-block-paragraph\">La presidenta Claudia Sheinbaum se\u00f1al\u00f3 que ser\u00e1 la Fiscal\u00eda General de la Rep\u00fablica (FGR) quien determinar\u00e1 si llama a declarar al exgobernador de Jalisco, Enrique Alfaro, por las presuntas fosas clandestinas en Teuchitl\u00e1n, Jalisco. Advirti\u00f3 que \u201cse quedar\u00e1n con las ganas\u201d quienes buscan hacer de este caso un tema pol\u00edtico.<\/p>\n\n\n\n<p class=\"wp-block-paragraph\">En conferencia de prensa, la Mandataria federal destac\u00f3 que ayer el fiscal Alejandro Gertz Manero \u201cdio un mont\u00f3n\u201d de datos sobre las omisiones que cometi\u00f3 la Fiscal\u00eda del Estado de Jalisco en el resguardo del Rancho Izaguirre.<\/p>\n\n\n\n<p class=\"wp-block-paragraph\">\u201cAlfaro, el exgobernador. \u00bfser\u00eda llamado a cuentas?\u201d, se le pregunt\u00f3.<\/p>\n\n\n\n<p class=\"wp-block-paragraph\">\u201cLe corresponde a la Fiscal\u00eda. Ayer el fiscal dio mont\u00f3n de datos de c\u00f3mo no se siguieron todos los protocolos de investigaci\u00f3n en la Fiscal\u00eda Estatal y las investigaciones a las autoridades, pues las que tiene que hacer la Fiscal\u00eda. \u201cEste no es un tema pol\u00edtico.<\/p>\n\n\n\n<p class=\"wp-block-paragraph\">Algunos lo han querido hacer un tema pol\u00edtico, pero se van a quedar con las ganas. Todo es pol\u00edtica, todo, pero no es politiquer\u00eda. Entonces si hay responsabilidades de funcionarios, lo tiene que determinar la Fiscal\u00eda\u201d, dijo. (El Universal)<\/p>\n","protected":false},"excerpt":{"rendered":"<p>La presidenta Claudia Sheinbaum se\u00f1al\u00f3 que ser\u00e1 la Fiscal\u00eda General de la Rep\u00fablica (FGR) quien determinar\u00e1 si llama a declarar al exgobernador de Jalisco, Enrique Alfaro, por las presuntas fosas clandestinas en Teuchitl\u00e1n, Jalisco. Advirti\u00f3 que \u201cse quedar\u00e1n con las ganas\u201d quienes buscan hacer de este caso un tema pol\u00edtico. En conferencia de prensa, la [&hellip;]<\/p>\n","protected":false},"author":6,"featured_media":55599,"comment_status":"closed","ping_status":"closed","sticky":false,"template":"","format":"standard","meta":{"_acf_changed":false,"_monsterinsights_skip_tracking":false,"slim_seo":{"title":"Teuchitl\u00e1n: FGR determinar\u00e1 si llama a Enrique Alfaro a declarar, dice Sheinbaum - Opini\u00f3n P\u00fablica","description":"La presidenta Claudia Sheinbaum se\u00f1al\u00f3 que ser\u00e1 la Fiscal\u00eda General de la Rep\u00fablica (FGR) quien determinar\u00e1 si llama a declarar al exgobernador de Jalisco, Enri"},"footnotes":""},"categories":[4],"tags":[],"class_list":["post-55595","post","type-post","status-publish","format-standard","has-post-thumbnail","hentry","category-pulsopolitico"],"acf":[],"_links":{"self":[{"href":"https:\/\/www.opinionpublica.tv\/portada\/wp-json\/wp\/v2\/posts\/55595","targetHints":{"allow":["GET"]}}],"collection":[{"href":"https:\/\/www.opinionpublica.tv\/portada\/wp-json\/wp\/v2\/posts"}],"about":[{"href":"https:\/\/www.opinionpublica.tv\/portada\/wp-json\/wp\/v2\/types\/post"}],"author":[{"embeddable":true,"href":"https:\/\/www.opinionpublica.tv\/portada\/wp-json\/wp\/v2\/users\/6"}],"replies":[{"embeddable":true,"href":"https:\/\/www.opinionpublica.tv\/portada\/wp-json\/wp\/v2\/comments?post=55595"}],"version-history":[{"count":3,"href":"https:\/\/www.opinionpublica.tv\/portada\/wp-json\/wp\/v2\/posts\/55595\/revisions"}],"predecessor-version":[{"id":55600,"href":"https:\/\/www.opinionpublica.tv\/portada\/wp-json\/wp\/v2\/posts\/55595\/revisions\/55600"}],"wp:featuredmedia":[{"embeddable":true,"href":"https:\/\/www.opinionpublica.tv\/portada\/wp-json\/wp\/v2\/media\/55599"}],"wp:attachment":[{"href":"https:\/\/www.opinionpublica.tv\/portada\/wp-json\/wp\/v2\/media?parent=55595"}],"wp:term":[{"taxonomy":"category","embeddable":true,"href":"https:\/\/www.opinionpublica.tv\/portada\/wp-json\/wp\/v2\/categories?post=55595"},{"taxonomy":"post_tag","embeddable":true,"href":"https:\/\/www.opinionpublica.tv\/portada\/wp-json\/wp\/v2\/tags?post=55595"}],"curies":[{"name":"wp","href":"https:\/\/api.w.org\/{rel}","templated":true}]}}