{"id":55506,"date":"2025-03-19T00:01:00","date_gmt":"2025-03-19T06:01:00","guid":{"rendered":"https:\/\/www.opinionpublica.tv\/portada\/?p=55506"},"modified":"2025-03-18T21:49:49","modified_gmt":"2025-03-19T03:49:49","slug":"pasan-864-proyectos-a-la-consulta-publica-del-presupuesto-participativo-2025","status":"publish","type":"post","link":"https:\/\/www.opinionpublica.tv\/portada\/pasan-864-proyectos-a-la-consulta-publica-del-presupuesto-participativo-2025\/","title":{"rendered":"Pasan 864 proyectos a la consulta p\u00fablica 2025 del Presupuesto Participativo"},"content":{"rendered":"\n<figure class=\"wp-block-image size-large\"><img fetchpriority=\"high\" decoding=\"async\" width=\"1024\" height=\"682\" src=\"https:\/\/www.opinionpublica.tv\/portada\/wp-content\/uploads\/2025\/03\/Pasan-864-proyectos-a-la-consulta-publica-2025-del-Presupuesto-Participativo-1024x682.jpeg\" alt=\"Pasan 864 proyectos a la consulta pu\u0301blica 2025 del presupuesto participativo\" class=\"wp-image-55509\" srcset=\"https:\/\/www.opinionpublica.tv\/portada\/wp-content\/uploads\/2025\/03\/Pasan-864-proyectos-a-la-consulta-publica-2025-del-Presupuesto-Participativo-1024x682.jpeg 1024w, https:\/\/www.opinionpublica.tv\/portada\/wp-content\/uploads\/2025\/03\/Pasan-864-proyectos-a-la-consulta-publica-2025-del-Presupuesto-Participativo-300x200.jpeg 300w, https:\/\/www.opinionpublica.tv\/portada\/wp-content\/uploads\/2025\/03\/Pasan-864-proyectos-a-la-consulta-publica-2025-del-Presupuesto-Participativo-768x512.jpeg 768w, https:\/\/www.opinionpublica.tv\/portada\/wp-content\/uploads\/2025\/03\/Pasan-864-proyectos-a-la-consulta-publica-2025-del-Presupuesto-Participativo-1536x1023.jpeg 1536w, https:\/\/www.opinionpublica.tv\/portada\/wp-content\/uploads\/2025\/03\/Pasan-864-proyectos-a-la-consulta-publica-2025-del-Presupuesto-Participativo.jpeg 1600w\" sizes=\"(max-width: 1024px) 100vw, 1024px\" \/><\/figure>\n\n\n\n<p class=\"wp-block-paragraph\"><em>Ciudad Ju\u00e1rez, Chih<\/em>.- Un total de 864 proyectos pasaron a la consulta p\u00fablica que se tendr\u00e1 en las votaciones para el pr\u00f3ximo s\u00e1bado 17 y domingo 18 de mayo, del programa del Presupuesto Participativo 2025, se dio a conocer este d\u00eda en conferencia de prensa.<\/p>\n\n\n\n<p class=\"wp-block-paragraph\">De los 1,126 proyectos registrados en el mes de noviembre, son 864 los dictaminados de manera positiva; de ellos son 120 parques, 511 propuestas de edificaci\u00f3n, de las que 464 son de escuelas, adem\u00e1s de 180 de urbanizaci\u00f3n y 52 de tipo social.<\/p>\n\n\n\n<p class=\"wp-block-paragraph\">El titular de la Direcci\u00f3n de Participaci\u00f3n Ciudadana, Sebasti\u00e1n Aguilera Brenes, dijo que el listado de los proyectos podr\u00e1 ser consultado en la p\u00e1gina oficial del Gobierno Municipal de Ju\u00e1rez www.juarez.gob.mx.<\/p>\n\n\n\n<p class=\"wp-block-paragraph\">\u00abEs muy buena la cantidad que se obtuvo, pues esto quiere decir que las y los juarenses se han puesto a la altura de las circunstancias desde el momento en el que se le da mayor difusi\u00f3n y apoyo a este tipo de herramienta\u00bb, expres\u00f3.<\/p>\n\n\n\n<p class=\"wp-block-paragraph\">Dijo que la buena respuesta tambi\u00e9n es gracias a las capacitaciones y al di\u00e1logo permanente que existe con todos los sectores, tales como los comit\u00e9s de vecinos, asociaciones civiles, el magisterio y la comunidad en general.<\/p>\n\n\n\n<p class=\"wp-block-paragraph\">Aguilera Brenes reconoci\u00f3 el trabajo realizado en conjunto con las dependencias involucradas durante estos meses para poder emitir un dictamen con criterios transparentes, justos y sobre todo apegados a los lineamientos de la convocatoria.<\/p>\n\n\n\n<p class=\"wp-block-paragraph\">\u00abSeguimos trabajando con las puertas abiertas en la direcci\u00f3n para poder hacer cada vez m\u00e1s efectiva la participaci\u00f3n de la comunidad\u00bb, agreg\u00f3.<\/p>\n","protected":false},"excerpt":{"rendered":"<p>Ciudad Ju\u00e1rez, Chih.- Un total de 864 proyectos pasaron a la consulta p\u00fablica que se tendr\u00e1 en las votaciones para el pr\u00f3ximo s\u00e1bado 17 y domingo 18 de mayo, del programa del Presupuesto Participativo 2025, se dio a conocer este d\u00eda en conferencia de prensa. De los 1,126 proyectos registrados en el mes de noviembre, [&hellip;]<\/p>\n","protected":false},"author":6,"featured_media":55509,"comment_status":"closed","ping_status":"closed","sticky":false,"template":"","format":"standard","meta":{"_acf_changed":false,"_monsterinsights_skip_tracking":false,"slim_seo":{"title":"Pasan 864 proyectos a la consulta p\u00fablica 2025 del Presupuesto Participativo - Opini\u00f3n P\u00fablica","description":"Ciudad Ju\u00e1rez, Chih .- Un total de 864 proyectos pasaron a la consulta p\u00fablica que se tendr\u00e1 en las votaciones para el pr\u00f3ximo s\u00e1bado 17 y domingo 18 de mayo, d"},"footnotes":""},"categories":[41],"tags":[],"class_list":["post-55506","post","type-post","status-publish","format-standard","has-post-thumbnail","hentry","category-juarez"],"acf":[],"_links":{"self":[{"href":"https:\/\/www.opinionpublica.tv\/portada\/wp-json\/wp\/v2\/posts\/55506","targetHints":{"allow":["GET"]}}],"collection":[{"href":"https:\/\/www.opinionpublica.tv\/portada\/wp-json\/wp\/v2\/posts"}],"about":[{"href":"https:\/\/www.opinionpublica.tv\/portada\/wp-json\/wp\/v2\/types\/post"}],"author":[{"embeddable":true,"href":"https:\/\/www.opinionpublica.tv\/portada\/wp-json\/wp\/v2\/users\/6"}],"replies":[{"embeddable":true,"href":"https:\/\/www.opinionpublica.tv\/portada\/wp-json\/wp\/v2\/comments?post=55506"}],"version-history":[{"count":2,"href":"https:\/\/www.opinionpublica.tv\/portada\/wp-json\/wp\/v2\/posts\/55506\/revisions"}],"predecessor-version":[{"id":55510,"href":"https:\/\/www.opinionpublica.tv\/portada\/wp-json\/wp\/v2\/posts\/55506\/revisions\/55510"}],"wp:featuredmedia":[{"embeddable":true,"href":"https:\/\/www.opinionpublica.tv\/portada\/wp-json\/wp\/v2\/media\/55509"}],"wp:attachment":[{"href":"https:\/\/www.opinionpublica.tv\/portada\/wp-json\/wp\/v2\/media?parent=55506"}],"wp:term":[{"taxonomy":"category","embeddable":true,"href":"https:\/\/www.opinionpublica.tv\/portada\/wp-json\/wp\/v2\/categories?post=55506"},{"taxonomy":"post_tag","embeddable":true,"href":"https:\/\/www.opinionpublica.tv\/portada\/wp-json\/wp\/v2\/tags?post=55506"}],"curies":[{"name":"wp","href":"https:\/\/api.w.org\/{rel}","templated":true}]}}