{"id":55495,"date":"2025-03-19T00:01:00","date_gmt":"2025-03-19T06:01:00","guid":{"rendered":"https:\/\/www.opinionpublica.tv\/portada\/?p=55495"},"modified":"2025-03-18T21:40:03","modified_gmt":"2025-03-19T03:40:03","slug":"entregan-mas-de-232-toneladas-de-insumos-a-productores-de-praxedis-g-guerrero","status":"publish","type":"post","link":"https:\/\/www.opinionpublica.tv\/portada\/entregan-mas-de-232-toneladas-de-insumos-a-productores-de-praxedis-g-guerrero\/","title":{"rendered":"Entregan 232 toneladas de insumos a productores de Praxedis G. Guerrero"},"content":{"rendered":"\n<figure class=\"wp-block-image size-large\"><img fetchpriority=\"high\" decoding=\"async\" width=\"1024\" height=\"768\" src=\"https:\/\/www.opinionpublica.tv\/portada\/wp-content\/uploads\/2025\/03\/Entregan-232-toneladas-de-insumos-a-productores-de-Praxedis-G.-Guerrero-1024x768.jpeg\" alt=\"Entregan 232 toneladas de insumos a productores de praxedis g. guerrero\" class=\"wp-image-55499\" srcset=\"https:\/\/www.opinionpublica.tv\/portada\/wp-content\/uploads\/2025\/03\/Entregan-232-toneladas-de-insumos-a-productores-de-Praxedis-G.-Guerrero-1024x768.jpeg 1024w, https:\/\/www.opinionpublica.tv\/portada\/wp-content\/uploads\/2025\/03\/Entregan-232-toneladas-de-insumos-a-productores-de-Praxedis-G.-Guerrero-300x225.jpeg 300w, https:\/\/www.opinionpublica.tv\/portada\/wp-content\/uploads\/2025\/03\/Entregan-232-toneladas-de-insumos-a-productores-de-Praxedis-G.-Guerrero-768x576.jpeg 768w, https:\/\/www.opinionpublica.tv\/portada\/wp-content\/uploads\/2025\/03\/Entregan-232-toneladas-de-insumos-a-productores-de-Praxedis-G.-Guerrero.jpeg 1280w\" sizes=\"(max-width: 1024px) 100vw, 1024px\" \/><\/figure>\n\n\n\n<p class=\"wp-block-paragraph\"><em>Praxedis G. Guerrero, Chih<\/em>.- La Secretar\u00eda de Desarrollo Rural (SDR) distribuy\u00f3 232.5 toneladas de rastrojo de ma\u00edz, como parte del Programa Estatal de Atenci\u00f3n a la Sequ\u00eda 2025.<\/p>\n\n\n\n<p class=\"wp-block-paragraph\">La entrega consisti\u00f3 en un total de 465 pacas de alimento para ganado, que beneficiar\u00e1n a 31 productores del municipio de Praxedis G. Guerrero.<\/p>\n\n\n\n<p class=\"wp-block-paragraph\">El titular de la Residencia Norte de la Secretar\u00eda de Desarrollo Rural (SDR), Miguel N\u00fa\u00f1ez Nava, destac\u00f3 que es fundamental implementar medidas de apoyo para los productores agropecuarios y los trabajadores del campo en medio de la actual sequ\u00eda que atraviesa la entidad.<\/p>\n\n\n\n<p class=\"wp-block-paragraph\">N\u00fa\u00f1ez Nava Inform\u00f3 que esta es la quinta entrega de apoyos en lo que va del a\u00f1o, con una inversi\u00f3n de 302 mil 250 pesos.<\/p>\n\n\n\n<p class=\"wp-block-paragraph\">El funcionario coment\u00f3 que, de manera simult\u00e1nea comenzaron a distribuir apoyos en el municipio de Guadalupe, los cuales continuar\u00e1n en los pr\u00f3ximos d\u00edas.<\/p>\n","protected":false},"excerpt":{"rendered":"<p>Praxedis G. Guerrero, Chih.- La Secretar\u00eda de Desarrollo Rural (SDR) distribuy\u00f3 232.5 toneladas de rastrojo de ma\u00edz, como parte del Programa Estatal de Atenci\u00f3n a la Sequ\u00eda 2025. La entrega consisti\u00f3 en un total de 465 pacas de alimento para ganado, que beneficiar\u00e1n a 31 productores del municipio de Praxedis G. Guerrero. El titular de [&hellip;]<\/p>\n","protected":false},"author":6,"featured_media":55499,"comment_status":"closed","ping_status":"closed","sticky":false,"template":"","format":"standard","meta":{"_acf_changed":false,"_monsterinsights_skip_tracking":false,"slim_seo":{"title":"Entregan 232 toneladas de insumos a productores de Praxedis G. Guerrero - Opini\u00f3n P\u00fablica","description":"Praxedis G. Guerrero, Chih .- La Secretar\u00eda de Desarrollo Rural (SDR) distribuy\u00f3 232.5 toneladas de rastrojo de ma\u00edz, como parte del Programa Estatal de Atenci\u00f3"},"footnotes":""},"categories":[11],"tags":[],"class_list":["post-55495","post","type-post","status-publish","format-standard","has-post-thumbnail","hentry","category-tendencias"],"acf":[],"_links":{"self":[{"href":"https:\/\/www.opinionpublica.tv\/portada\/wp-json\/wp\/v2\/posts\/55495","targetHints":{"allow":["GET"]}}],"collection":[{"href":"https:\/\/www.opinionpublica.tv\/portada\/wp-json\/wp\/v2\/posts"}],"about":[{"href":"https:\/\/www.opinionpublica.tv\/portada\/wp-json\/wp\/v2\/types\/post"}],"author":[{"embeddable":true,"href":"https:\/\/www.opinionpublica.tv\/portada\/wp-json\/wp\/v2\/users\/6"}],"replies":[{"embeddable":true,"href":"https:\/\/www.opinionpublica.tv\/portada\/wp-json\/wp\/v2\/comments?post=55495"}],"version-history":[{"count":3,"href":"https:\/\/www.opinionpublica.tv\/portada\/wp-json\/wp\/v2\/posts\/55495\/revisions"}],"predecessor-version":[{"id":55500,"href":"https:\/\/www.opinionpublica.tv\/portada\/wp-json\/wp\/v2\/posts\/55495\/revisions\/55500"}],"wp:featuredmedia":[{"embeddable":true,"href":"https:\/\/www.opinionpublica.tv\/portada\/wp-json\/wp\/v2\/media\/55499"}],"wp:attachment":[{"href":"https:\/\/www.opinionpublica.tv\/portada\/wp-json\/wp\/v2\/media?parent=55495"}],"wp:term":[{"taxonomy":"category","embeddable":true,"href":"https:\/\/www.opinionpublica.tv\/portada\/wp-json\/wp\/v2\/categories?post=55495"},{"taxonomy":"post_tag","embeddable":true,"href":"https:\/\/www.opinionpublica.tv\/portada\/wp-json\/wp\/v2\/tags?post=55495"}],"curies":[{"name":"wp","href":"https:\/\/api.w.org\/{rel}","templated":true}]}}