{"id":55475,"date":"2025-03-19T00:01:00","date_gmt":"2025-03-19T06:01:00","guid":{"rendered":"https:\/\/www.opinionpublica.tv\/portada\/?p=55475"},"modified":"2025-03-18T21:07:59","modified_gmt":"2025-03-19T03:07:59","slug":"cnte-logra-acuerdo-con-sheinbaum-gobierno-retira-iniciativa-de-reforma-ley-del-issste","status":"publish","type":"post","link":"https:\/\/www.opinionpublica.tv\/portada\/cnte-logra-acuerdo-con-sheinbaum-gobierno-retira-iniciativa-de-reforma-ley-del-issste\/","title":{"rendered":"CNTE logra acuerdo con Sheinbaum; gobierno retira iniciativa de reforma ISSSTE"},"content":{"rendered":"\n<figure class=\"wp-block-image size-full\"><img fetchpriority=\"high\" decoding=\"async\" width=\"1100\" height=\"666\" src=\"https:\/\/www.opinionpublica.tv\/portada\/wp-content\/uploads\/2025\/03\/CNTE-logra-acuerdo-con-Sheinbaum-gobierno-retira-iniciativa-de-reforma-ISSSTE.avif\" alt=\"Cnte logra acuerdo con sheinbaum; gobierno retira iniciativa de reforma issste\" class=\"wp-image-55477\"\/><\/figure>\n\n\n\n<p class=\"wp-block-paragraph\">La presidenta Claudia Sheinbaum acord\u00f3 con la Coordinadora Nacional de Trabajadores de la Educaci\u00f3n (CNTE) retirar hoy mismo su iniciativa de reforma a la nueva Ley del ISSSTE.<\/p>\n\n\n\n<p class=\"wp-block-paragraph\">Al salir de la reuni\u00f3n que sostuvieron por m\u00e1s de dos horas con la jefa del Ejecutivo federal, los maestros afirmaron que este mismo martes se enviar\u00e1n los documentos necesarios para retirar hoy mismo esa iniciativa.<\/p>\n\n\n\n<p class=\"wp-block-paragraph\">\u201cNos dice que ella no tiene ning\u00fan problema de retirar la iniciativa que ella mand\u00f3 el 7 de febrero sobre la Ley del ISSSTE 2025, y en nuestra presencia hizo las llamadas al presidente de la C\u00e1mara de Diputados para retirar hoy mismo enviar\u00e1 el documento para retirar esta iniciativa y que el d\u00eda de ma\u00f1ana ya se inicia la cancelaci\u00f3n de esta iniciativa\u201c, dijo Elvira Veleces Morales, de la secci\u00f3n 14 de Guerrero.<\/p>\n\n\n\n<p class=\"wp-block-paragraph\">La maestra detall\u00f3 que el llamado al paro magistral de 72 horas sigue en pie, y el cual comenzar\u00e1 este mi\u00e9rcoles.<\/p>\n\n\n\n<p class=\"wp-block-paragraph\">Elvira Veleces Morales afirm\u00f3 que la presidenta Claudia Sheinbaum manifest\u00f3 que con la reuni\u00f3n celebrada el martes en Palacio Nacional \u201cse reinstala el di\u00e1logo con la presidenta y la CNTE, y tambi\u00e9n en el tema de la reforma educativa laboral\u201d.<\/p>\n\n\n\n<p class=\"wp-block-paragraph\"><strong>Monreal confirma que Sheinbaum retira iniciativa de reforma a la Ley del ISSSTE<\/strong><\/p>\n\n\n\n<p class=\"wp-block-paragraph\">El coordinador de Morena en la C\u00e1mara de Diputados, Ricardo Monreal, inform\u00f3 que la presidenta Claudia Sheinbaum retir\u00f3 su iniciativa de reforma a la Ley del ISSSTE.<\/p>\n\n\n\n<p class=\"wp-block-paragraph\">\u00abSeg\u00fan el Art. 77 del Reglamento de la @Mx_Diputados, la Presidenta @Claudiashein puede retirar las iniciativas que presente. Nos inform\u00f3, como C\u00e1mara de origen, que retira la de reforma a la Ley del ISSSTE, para facilitar acuerdos con el magisterio. Procederemos conforme a la ley\u00bb, escribi\u00f3 en su cuenta de x.<\/p>\n\n\n\n<p class=\"wp-block-paragraph\">El proyecto de Sheinbaum propon\u00eda facultar al Fondo de Vivienda del ISSSTE para que adquieriera, construyera, rehabilitara y rentara viviendas.<\/p>\n\n\n\n<p class=\"wp-block-paragraph\">Y para que las cuotas y aportaciones del seguro de salud, se realicen sobre el salario integrado, cuando este rebase las 10 Unidades de Medida y Actualizaci\u00f3n (UMA), lo que representar\u00e1 un incremento en la aportaci\u00f3n obligada de estados y municipios. (El Universal)<\/p>\n","protected":false},"excerpt":{"rendered":"<p>La presidenta Claudia Sheinbaum acord\u00f3 con la Coordinadora Nacional de Trabajadores de la Educaci\u00f3n (CNTE) retirar hoy mismo su iniciativa de reforma a la nueva Ley del ISSSTE. Al salir de la reuni\u00f3n que sostuvieron por m\u00e1s de dos horas con la jefa del Ejecutivo federal, los maestros afirmaron que este mismo martes se enviar\u00e1n [&hellip;]<\/p>\n","protected":false},"author":6,"featured_media":55477,"comment_status":"closed","ping_status":"closed","sticky":false,"template":"","format":"standard","meta":{"_acf_changed":false,"_monsterinsights_skip_tracking":false,"slim_seo":{"title":"CNTE logra acuerdo con Sheinbaum; gobierno retira iniciativa de reforma ISSSTE - Opini\u00f3n P\u00fablica","description":"La presidenta Claudia Sheinbaum acord\u00f3 con la Coordinadora Nacional de Trabajadores de la Educaci\u00f3n (CNTE) retirar hoy mismo su iniciativa de reforma a la nueva"},"footnotes":""},"categories":[4],"tags":[],"class_list":["post-55475","post","type-post","status-publish","format-standard","has-post-thumbnail","hentry","category-pulsopolitico"],"acf":[],"_links":{"self":[{"href":"https:\/\/www.opinionpublica.tv\/portada\/wp-json\/wp\/v2\/posts\/55475","targetHints":{"allow":["GET"]}}],"collection":[{"href":"https:\/\/www.opinionpublica.tv\/portada\/wp-json\/wp\/v2\/posts"}],"about":[{"href":"https:\/\/www.opinionpublica.tv\/portada\/wp-json\/wp\/v2\/types\/post"}],"author":[{"embeddable":true,"href":"https:\/\/www.opinionpublica.tv\/portada\/wp-json\/wp\/v2\/users\/6"}],"replies":[{"embeddable":true,"href":"https:\/\/www.opinionpublica.tv\/portada\/wp-json\/wp\/v2\/comments?post=55475"}],"version-history":[{"count":2,"href":"https:\/\/www.opinionpublica.tv\/portada\/wp-json\/wp\/v2\/posts\/55475\/revisions"}],"predecessor-version":[{"id":55479,"href":"https:\/\/www.opinionpublica.tv\/portada\/wp-json\/wp\/v2\/posts\/55475\/revisions\/55479"}],"wp:featuredmedia":[{"embeddable":true,"href":"https:\/\/www.opinionpublica.tv\/portada\/wp-json\/wp\/v2\/media\/55477"}],"wp:attachment":[{"href":"https:\/\/www.opinionpublica.tv\/portada\/wp-json\/wp\/v2\/media?parent=55475"}],"wp:term":[{"taxonomy":"category","embeddable":true,"href":"https:\/\/www.opinionpublica.tv\/portada\/wp-json\/wp\/v2\/categories?post=55475"},{"taxonomy":"post_tag","embeddable":true,"href":"https:\/\/www.opinionpublica.tv\/portada\/wp-json\/wp\/v2\/tags?post=55475"}],"curies":[{"name":"wp","href":"https:\/\/api.w.org\/{rel}","templated":true}]}}