{"id":55464,"date":"2025-03-19T00:01:00","date_gmt":"2025-03-19T06:01:00","guid":{"rendered":"https:\/\/www.opinionpublica.tv\/portada\/?p=55464"},"modified":"2025-03-18T20:41:25","modified_gmt":"2025-03-19T02:41:25","slug":"las-claves-del-regreso-a-la-tierra-de-los-astronautas-varados-cnn","status":"publish","type":"post","link":"https:\/\/www.opinionpublica.tv\/portada\/las-claves-del-regreso-a-la-tierra-de-los-astronautas-varados-cnn\/","title":{"rendered":"Video: As\u00ed regresaron a la Tierra los astronautas varados | CNN"},"content":{"rendered":"\n<figure class=\"wp-block-embed is-type-video is-provider-youtube wp-block-embed-youtube wp-embed-aspect-16-9 wp-has-aspect-ratio\"><div class=\"wp-block-embed__wrapper\">\n<iframe title=\"Los mejores momentos y las claves del regreso a la Tierra de los astronautas varados\" width=\"800\" height=\"450\" src=\"https:\/\/www.youtube.com\/embed\/iz4j9SuDZR4?feature=oembed\" frameborder=\"0\" allow=\"accelerometer; autoplay; clipboard-write; encrypted-media; gyroscope; picture-in-picture; web-share\" referrerpolicy=\"strict-origin-when-cross-origin\" allowfullscreen><\/iframe>\n<\/div><\/figure>\n\n\n\n<p class=\"wp-block-paragraph\">Suni Williams y Butch Wilmore, los astronautas de la NASA que acapararon la atenci\u00f3n internacional despu\u00e9s de que su estancia prevista en el espacio se prolongara hasta convertirse en una misi\u00f3n pol\u00edticamente conflictiva de m\u00e1s de nueve meses, finalmente est\u00e1n en casa. Aqu\u00ed, los momentos m\u00e1s destacados de su esperado regreso.<\/p>\n\n\n\n<p class=\"wp-block-paragraph\"><em>Cr\u00e9ditos: CNN<\/em>.<a href=\"https:\/\/www.youtube.com\/@cnnee\"><\/a><\/p>\n","protected":false},"excerpt":{"rendered":"<p>Suni Williams y Butch Wilmore, los astronautas de la NASA que acapararon la atenci\u00f3n internacional despu\u00e9s de que su estancia prevista en el espacio se prolongara hasta convertirse en una misi\u00f3n pol\u00edticamente conflictiva de m\u00e1s de nueve meses, finalmente est\u00e1n en casa. Aqu\u00ed, los momentos m\u00e1s destacados de su esperado regreso. Cr\u00e9ditos: CNN.<\/p>\n","protected":false},"author":6,"featured_media":55469,"comment_status":"closed","ping_status":"closed","sticky":false,"template":"","format":"standard","meta":{"_acf_changed":false,"_monsterinsights_skip_tracking":false,"slim_seo":{"title":"Video: As\u00ed regresaron a la Tierra los astronautas varados | CNN - Opini\u00f3n P\u00fablica","description":"https:\/\/youtu.be\/iz4j9SuDZR4?si=fYJiuWfOlrcoY25U Suni Williams y Butch Wilmore, los astronautas de la NASA que acapararon la atenci\u00f3n internacional despu\u00e9s de q"},"footnotes":""},"categories":[13,2,8],"tags":[],"class_list":["post-55464","post","type-post","status-publish","format-standard","has-post-thumbnail","hentry","category-videos-destacados-contenido","category-videos-destacados","category-videos"],"acf":[],"_links":{"self":[{"href":"https:\/\/www.opinionpublica.tv\/portada\/wp-json\/wp\/v2\/posts\/55464","targetHints":{"allow":["GET"]}}],"collection":[{"href":"https:\/\/www.opinionpublica.tv\/portada\/wp-json\/wp\/v2\/posts"}],"about":[{"href":"https:\/\/www.opinionpublica.tv\/portada\/wp-json\/wp\/v2\/types\/post"}],"author":[{"embeddable":true,"href":"https:\/\/www.opinionpublica.tv\/portada\/wp-json\/wp\/v2\/users\/6"}],"replies":[{"embeddable":true,"href":"https:\/\/www.opinionpublica.tv\/portada\/wp-json\/wp\/v2\/comments?post=55464"}],"version-history":[{"count":4,"href":"https:\/\/www.opinionpublica.tv\/portada\/wp-json\/wp\/v2\/posts\/55464\/revisions"}],"predecessor-version":[{"id":55468,"href":"https:\/\/www.opinionpublica.tv\/portada\/wp-json\/wp\/v2\/posts\/55464\/revisions\/55468"}],"wp:featuredmedia":[{"embeddable":true,"href":"https:\/\/www.opinionpublica.tv\/portada\/wp-json\/wp\/v2\/media\/55469"}],"wp:attachment":[{"href":"https:\/\/www.opinionpublica.tv\/portada\/wp-json\/wp\/v2\/media?parent=55464"}],"wp:term":[{"taxonomy":"category","embeddable":true,"href":"https:\/\/www.opinionpublica.tv\/portada\/wp-json\/wp\/v2\/categories?post=55464"},{"taxonomy":"post_tag","embeddable":true,"href":"https:\/\/www.opinionpublica.tv\/portada\/wp-json\/wp\/v2\/tags?post=55464"}],"curies":[{"name":"wp","href":"https:\/\/api.w.org\/{rel}","templated":true}]}}