{"id":55430,"date":"2025-03-18T00:01:00","date_gmt":"2025-03-18T06:01:00","guid":{"rendered":"https:\/\/www.opinionpublica.tv\/portada\/?p=55430"},"modified":"2025-03-17T21:00:54","modified_gmt":"2025-03-18T03:00:54","slug":"destaca-sheinbaum-patriotismo-de-fuerzas-armadas-ante-cualquier-injerencismo","status":"publish","type":"post","link":"https:\/\/www.opinionpublica.tv\/portada\/destaca-sheinbaum-patriotismo-de-fuerzas-armadas-ante-cualquier-injerencismo\/","title":{"rendered":"Destaca CSP patriotismo de fuerzas armadas ante cualquier injerencismo"},"content":{"rendered":"\n<figure class=\"wp-block-image size-large\"><img fetchpriority=\"high\" decoding=\"async\" width=\"1024\" height=\"683\" src=\"https:\/\/www.opinionpublica.tv\/portada\/wp-content\/uploads\/2025\/03\/Destaca-CSP-patriotismo-de-fuerzas-armadas-ante-cualquier-injerencismo-1024x683.webp\" alt=\"Destaca csp patriotismo de fuerzas armadas ante cualquier injerencismo\" class=\"wp-image-55433\" srcset=\"https:\/\/www.opinionpublica.tv\/portada\/wp-content\/uploads\/2025\/03\/Destaca-CSP-patriotismo-de-fuerzas-armadas-ante-cualquier-injerencismo-1024x683.webp 1024w, https:\/\/www.opinionpublica.tv\/portada\/wp-content\/uploads\/2025\/03\/Destaca-CSP-patriotismo-de-fuerzas-armadas-ante-cualquier-injerencismo-300x200.webp 300w, https:\/\/www.opinionpublica.tv\/portada\/wp-content\/uploads\/2025\/03\/Destaca-CSP-patriotismo-de-fuerzas-armadas-ante-cualquier-injerencismo-768x512.webp 768w, https:\/\/www.opinionpublica.tv\/portada\/wp-content\/uploads\/2025\/03\/Destaca-CSP-patriotismo-de-fuerzas-armadas-ante-cualquier-injerencismo.webp 1080w\" sizes=\"(max-width: 1024px) 100vw, 1024px\" \/><\/figure>\n\n\n\n<p class=\"wp-block-paragraph\">Los altos mandos militares de M\u00e9xico rechazaron el apoyo para combatir a las organizaciones criminales en el pa\u00eds que recientemente ofreci\u00f3 el secretario de la Defensa de Estados Unidos, Pete Hegseth, con la intervenci\u00f3n de las fuerzas armadas estadunidenses en nuestro territorio.<\/p>\n\n\n\n<p class=\"wp-block-paragraph\">As\u00ed lo dio a conocer en Palacio Nacional la presidenta Claudia Sheinbaum Pardo (CSP), al destacar el patriotismo de los titulares de las secretar\u00edas de la Defensa Nacional (Sedena) y de Marina (Semar), general Ricardo Trevi\u00f1o y almirante Raymundo Morales, respectivamente.<\/p>\n\n\n\n<p class=\"wp-block-paragraph\">A la par, rechaz\u00f3 la ampliaci\u00f3n del muro fronterizo, como ayer lo anunci\u00f3 la secretaria de Seguridad estadunidense, Kristi Noem.<\/p>\n\n\n\n<p class=\"wp-block-paragraph\">\u201cSali\u00f3 por ah\u00ed una nota que en una reuni\u00f3n el secretario de la Defensa de Estados Unidos le hab\u00eda dicho al de Marina y Defensa si necesitaba ayuda, para que el ej\u00e9rcito de los Estados Unidos pudiera intervenir. Pero tenemos un secretario de la Defensa y de la Marina muy patriotas y le dijeron que no. Nos coordinamos, colaboramos, pero la soberan\u00eda de M\u00e9xico es inviolable\u201d.<\/p>\n\n\n\n<p class=\"wp-block-paragraph\">La jefa del Ejecutivo federal asever\u00f3 que \u201csiempre hemos defendido la soberan\u00eda, y lo tiene muy claro el gobierno de Estados Unidos. En algunos casos, de funcionarios del gobierno (de la naci\u00f3n vecina) pues su intenci\u00f3n es mayor.<\/p>\n\n\n\n<p class=\"wp-block-paragraph\">\u201cPuede haber algunos que tienen a lo mejor alguna otra idea, porque tampoco ha habido nada ofensivo, y siempre hemos dicho que no, que en eso no, que colaboramos, coordinamos, compartimos informaci\u00f3n, y hasta ahora ha funcionado muy bien\u201d, remarc\u00f3.<\/p>\n\n\n\n<p class=\"wp-block-paragraph\">Destac\u00f3 que hoy en d\u00eda, con el gobierno de Donald Trump, \u201chay coordinaci\u00f3n, tiene que haber coordinaci\u00f3n, somos pa\u00edses iguales, no hay uno sobre otro, y nos coordinamos para la seguridad en ambos lados de la frontera\u201d.<\/p>\n\n\n\n<p class=\"wp-block-paragraph\">A pregunta sobre el anuncio hecho ayer por la secretaria de Seguridad de Estados Unidos, en el sentido que se inici\u00f3 la ampliaci\u00f3n del muro a lo largo de m\u00e1s de 10 kil\u00f3metros, la mandataria federal se\u00f1al\u00f3 que su administraci\u00f3n est\u00e1 en contra de los muros y en favor del apoyo social y econ\u00f3mico a las regiones de expulsi\u00f3n migratoria.<\/p>\n\n\n\n<p class=\"wp-block-paragraph\">\u201cSaben que nosotros no estamos de acuerdo con el muro, no creemos que eso solucione el problema, recuerdo la conversaci\u00f3n del presidente Andr\u00e9s Manuel L\u00f3pez Obrador con el presidente Trump de: \u2018Bueno, t\u00fa pones el muro pero igual cavan t\u00faneles\u2019.&nbsp; La mejor manera de atender la migraci\u00f3n es atender las causas, invirtiendo socialmente y en inversiones econ\u00f3micas en los lugares donde hay gente que por necesidad tiene que migrar, esa siempre va a ser nuestra opini\u00f3n, es mejor construir puentes que muros. Es una decisi\u00f3n del gobierno de Estados Unidos\u201d.<\/p>\n\n\n\n<p class=\"wp-block-paragraph\"><strong>24 mil deportados<\/strong><\/p>\n\n\n\n<p class=\"wp-block-paragraph\">Tambi\u00e9n hizo la actualizaci\u00f3n en el n\u00famero de deportados a trav\u00e9s de nuestro pa\u00eds desde la llegada de Trump, el pasado 20 de enero.<\/p>\n\n\n\n<p class=\"wp-block-paragraph\">A la fecha, dijo, han sido expulsadas de Estados Unidos 24 mil 413 personas, de ellas, 19 mil 846 son mexicanos, y 4 mil 567 extranjeros.<\/p>\n\n\n\n<p class=\"wp-block-paragraph\">Anunci\u00f3 adem\u00e1s que se analiza si deben quedarse, retirarse o hacerse m\u00e1s peque\u00f1os los centros de atenci\u00f3n a migrantes que su gobierno instal\u00f3 en diversos puntos de la frontera para brindar atenci\u00f3n y apoyo a los migrantes mexicanos repatriados. (La Jornada)<\/p>\n","protected":false},"excerpt":{"rendered":"<p>Los altos mandos militares de M\u00e9xico rechazaron el apoyo para combatir a las organizaciones criminales en el pa\u00eds que recientemente ofreci\u00f3 el secretario de la Defensa de Estados Unidos, Pete Hegseth, con la intervenci\u00f3n de las fuerzas armadas estadunidenses en nuestro territorio. As\u00ed lo dio a conocer en Palacio Nacional la presidenta Claudia Sheinbaum Pardo [&hellip;]<\/p>\n","protected":false},"author":6,"featured_media":55433,"comment_status":"closed","ping_status":"closed","sticky":false,"template":"","format":"standard","meta":{"_acf_changed":false,"_monsterinsights_skip_tracking":false,"slim_seo":{"title":"Destaca CSP patriotismo de fuerzas armadas ante cualquier injerencismo - Opini\u00f3n P\u00fablica","description":"Los altos mandos militares de M\u00e9xico rechazaron el apoyo para combatir a las organizaciones criminales en el pa\u00eds que recientemente ofreci\u00f3 el secretario de la"},"footnotes":""},"categories":[4],"tags":[],"class_list":["post-55430","post","type-post","status-publish","format-standard","has-post-thumbnail","hentry","category-pulsopolitico"],"acf":[],"_links":{"self":[{"href":"https:\/\/www.opinionpublica.tv\/portada\/wp-json\/wp\/v2\/posts\/55430","targetHints":{"allow":["GET"]}}],"collection":[{"href":"https:\/\/www.opinionpublica.tv\/portada\/wp-json\/wp\/v2\/posts"}],"about":[{"href":"https:\/\/www.opinionpublica.tv\/portada\/wp-json\/wp\/v2\/types\/post"}],"author":[{"embeddable":true,"href":"https:\/\/www.opinionpublica.tv\/portada\/wp-json\/wp\/v2\/users\/6"}],"replies":[{"embeddable":true,"href":"https:\/\/www.opinionpublica.tv\/portada\/wp-json\/wp\/v2\/comments?post=55430"}],"version-history":[{"count":3,"href":"https:\/\/www.opinionpublica.tv\/portada\/wp-json\/wp\/v2\/posts\/55430\/revisions"}],"predecessor-version":[{"id":55434,"href":"https:\/\/www.opinionpublica.tv\/portada\/wp-json\/wp\/v2\/posts\/55430\/revisions\/55434"}],"wp:featuredmedia":[{"embeddable":true,"href":"https:\/\/www.opinionpublica.tv\/portada\/wp-json\/wp\/v2\/media\/55433"}],"wp:attachment":[{"href":"https:\/\/www.opinionpublica.tv\/portada\/wp-json\/wp\/v2\/media?parent=55430"}],"wp:term":[{"taxonomy":"category","embeddable":true,"href":"https:\/\/www.opinionpublica.tv\/portada\/wp-json\/wp\/v2\/categories?post=55430"},{"taxonomy":"post_tag","embeddable":true,"href":"https:\/\/www.opinionpublica.tv\/portada\/wp-json\/wp\/v2\/tags?post=55430"}],"curies":[{"name":"wp","href":"https:\/\/api.w.org\/{rel}","templated":true}]}}