{"id":55405,"date":"2025-03-18T00:01:00","date_gmt":"2025-03-18T06:01:00","guid":{"rendered":"https:\/\/www.opinionpublica.tv\/portada\/?p=55405"},"modified":"2025-03-17T19:35:33","modified_gmt":"2025-03-18T01:35:33","slug":"hallazgos-en-rancho-izaguirre-lugar-de-exterminio-en-mexico-bbc","status":"publish","type":"post","link":"https:\/\/www.opinionpublica.tv\/portada\/hallazgos-en-rancho-izaguirre-lugar-de-exterminio-en-mexico-bbc\/","title":{"rendered":"Video: Rancho Izaguirre, lugar de &#8216;exterminio&#8217; en M\u00e9xico | BBC Mundo"},"content":{"rendered":"\n<figure class=\"wp-block-embed is-type-video is-provider-youtube wp-block-embed-youtube wp-embed-aspect-16-9 wp-has-aspect-ratio\"><div class=\"wp-block-embed__wrapper\">\n<iframe title=\"Los hallazgos en el Rancho Izaguirre, lugar de &quot;reclutamiento y exterminio&quot; en M\u00e9xico\" width=\"800\" height=\"450\" src=\"https:\/\/www.youtube.com\/embed\/tbT1_o92Cko?feature=oembed\" frameborder=\"0\" allow=\"accelerometer; autoplay; clipboard-write; encrypted-media; gyroscope; picture-in-picture; web-share\" referrerpolicy=\"strict-origin-when-cross-origin\" allowfullscreen><\/iframe>\n<\/div><\/figure>\n\n\n\n<p class=\"wp-block-paragraph\">Los miembros del grupo Guerreros Buscadores de Jalisco en M\u00e9xico, que tratan de hallar a personas que han desaparecido por la violencia, hicieron un hallazgo in\u00e9dito que conmocion\u00f3 al pa\u00eds. En el rancho Izaguirre, cerca de la ciudad de Teuchitl\u00e1n, encontraron ropa, pertenencias y restos de cuerpos en lo que habr\u00eda sido utilizado como campo de \u201centrenamiento y exterminio\u201d.<\/p>\n\n\n\n<p class=\"wp-block-paragraph\">Tambi\u00e9n se hallaron restos \u00f3seos en fosas clandestinas e indicios de cuerpos calcinados. \u00abNadie hab\u00eda entrado a un lugar as\u00ed. Hab\u00edamos entrado a lugares donde eran casas de seguridad, pero no de adiestramiento, no de exterminio\u00bb, dijo a la prensa una de las lideresas del grupo de buscadores.<\/p>\n\n\n\n<p class=\"wp-block-paragraph\">El hallazgo de restos fue denunciado la semana pasada por Guerreros Buscadores de Jalisco, pero las autoridades ten\u00edan conocimiento del lugar desde el 18 de septiembre del a\u00f1o pasado. El fiscal general Alejandro Gertz anunci\u00f3 que habr\u00e1 una investigaci\u00f3n federal para determinar si su oficina toma el control del caso o lo deja en manos de la autoridad de Jalisco.<\/p>\n\n\n\n<p class=\"wp-block-paragraph\"><em>Cr\u00e9ditos: BBC Mundo<\/em>.<\/p>\n","protected":false},"excerpt":{"rendered":"<p>Los miembros del grupo Guerreros Buscadores de Jalisco en M\u00e9xico, que tratan de hallar a personas que han desaparecido por la violencia, hicieron un hallazgo in\u00e9dito que conmocion\u00f3 al pa\u00eds. En el rancho Izaguirre, cerca de la ciudad de Teuchitl\u00e1n, encontraron ropa, pertenencias y restos de cuerpos en lo que habr\u00eda sido utilizado como campo [&hellip;]<\/p>\n","protected":false},"author":6,"featured_media":55409,"comment_status":"closed","ping_status":"closed","sticky":false,"template":"","format":"standard","meta":{"_acf_changed":false,"_monsterinsights_skip_tracking":false,"slim_seo":{"title":"Video: Rancho Izaguirre, lugar de 'exterminio' en M\u00e9xico | BBC Mundo - Opini\u00f3n P\u00fablica","description":"https:\/\/youtu.be\/tbT1_o92Cko?si=rmu4GwX90k9sJZ7b Los miembros del grupo Guerreros Buscadores de Jalisco en M\u00e9xico, que tratan de hallar a personas que han desap"},"footnotes":""},"categories":[13,2,8],"tags":[],"class_list":["post-55405","post","type-post","status-publish","format-standard","has-post-thumbnail","hentry","category-videos-destacados-contenido","category-videos-destacados","category-videos"],"acf":[],"_links":{"self":[{"href":"https:\/\/www.opinionpublica.tv\/portada\/wp-json\/wp\/v2\/posts\/55405","targetHints":{"allow":["GET"]}}],"collection":[{"href":"https:\/\/www.opinionpublica.tv\/portada\/wp-json\/wp\/v2\/posts"}],"about":[{"href":"https:\/\/www.opinionpublica.tv\/portada\/wp-json\/wp\/v2\/types\/post"}],"author":[{"embeddable":true,"href":"https:\/\/www.opinionpublica.tv\/portada\/wp-json\/wp\/v2\/users\/6"}],"replies":[{"embeddable":true,"href":"https:\/\/www.opinionpublica.tv\/portada\/wp-json\/wp\/v2\/comments?post=55405"}],"version-history":[{"count":3,"href":"https:\/\/www.opinionpublica.tv\/portada\/wp-json\/wp\/v2\/posts\/55405\/revisions"}],"predecessor-version":[{"id":55408,"href":"https:\/\/www.opinionpublica.tv\/portada\/wp-json\/wp\/v2\/posts\/55405\/revisions\/55408"}],"wp:featuredmedia":[{"embeddable":true,"href":"https:\/\/www.opinionpublica.tv\/portada\/wp-json\/wp\/v2\/media\/55409"}],"wp:attachment":[{"href":"https:\/\/www.opinionpublica.tv\/portada\/wp-json\/wp\/v2\/media?parent=55405"}],"wp:term":[{"taxonomy":"category","embeddable":true,"href":"https:\/\/www.opinionpublica.tv\/portada\/wp-json\/wp\/v2\/categories?post=55405"},{"taxonomy":"post_tag","embeddable":true,"href":"https:\/\/www.opinionpublica.tv\/portada\/wp-json\/wp\/v2\/tags?post=55405"}],"curies":[{"name":"wp","href":"https:\/\/api.w.org\/{rel}","templated":true}]}}