{"id":55402,"date":"2025-03-19T00:01:00","date_gmt":"2025-03-19T06:01:00","guid":{"rendered":"https:\/\/www.opinionpublica.tv\/portada\/?p=55402"},"modified":"2025-03-17T19:27:41","modified_gmt":"2025-03-18T01:27:41","slug":"efemerides-19-de-marzo-6","status":"publish","type":"post","link":"https:\/\/www.opinionpublica.tv\/portada\/efemerides-19-de-marzo-6\/","title":{"rendered":"Efem\u00e9rides 19 de marzo"},"content":{"rendered":"\n<p class=\"wp-block-paragraph\"><em>Un d\u00eda 19 de marzo como hoy, pero de 2013, el Papa Francisco comienza su pontificado con una misa solemne ante 200 mil asistentes<\/em>.<\/p>\n\n\n\n<figure class=\"wp-block-image size-full\"><img fetchpriority=\"high\" decoding=\"async\" width=\"640\" height=\"360\" src=\"https:\/\/www.opinionpublica.tv\/portada\/wp-content\/uploads\/2025\/03\/el-Papa-Francisco-comienza-su-pontificado-con-una-misa-solemne-ante-200-mil-asistentes.jpg\" alt=\"El papa francisco comienza su pontificado con una misa solemne ante 200 mil asistentes\" class=\"wp-image-55403\" srcset=\"https:\/\/www.opinionpublica.tv\/portada\/wp-content\/uploads\/2025\/03\/el-Papa-Francisco-comienza-su-pontificado-con-una-misa-solemne-ante-200-mil-asistentes.jpg 640w, https:\/\/www.opinionpublica.tv\/portada\/wp-content\/uploads\/2025\/03\/el-Papa-Francisco-comienza-su-pontificado-con-una-misa-solemne-ante-200-mil-asistentes-300x169.jpg 300w\" sizes=\"(max-width: 640px) 100vw, 640px\" \/><\/figure>\n\n\n\n<p class=\"wp-block-paragraph\"><strong>Otras efem\u00e9rides<\/strong><\/p>\n\n\n\n<p class=\"wp-block-paragraph\">1565.- El conquistador espa\u00f1ol Miguel L\u00f3pez de Legazpi descubre, camino de Filipinas, la isla de Bohol, de la que toma posesi\u00f3n en nombre de Felipe II.<\/p>\n\n\n\n<p class=\"wp-block-paragraph\">1604.- Nace Juan IV, rey de Portugal.<\/p>\n\n\n\n<p class=\"wp-block-paragraph\">1808.- Carlos IV abdica la corona de Espa\u00f1a en favor de su hijo Fernando VII.<\/p>\n\n\n\n<p class=\"wp-block-paragraph\">1812.- Las Cortes de C\u00e1diz (Espa\u00f1a) proclaman y juran la Constituci\u00f3n espa\u00f1ola, popularmente conocida como \u00abla Pepa\u00bb, por ser proclamada el d\u00eda de San Jos\u00e9.<\/p>\n\n\n\n<p class=\"wp-block-paragraph\">1813.- Nace David Livingstone, misionero y explorador escoc\u00e9s.<\/p>\n\n\n\n<p class=\"wp-block-paragraph\">1818.- Las tropas realistas capturan al l\u00edder de los insurrectos mexicanos, Miguel Hidalgo, y a otros dirigentes.<\/p>\n\n\n\n<p class=\"wp-block-paragraph\">1823.- Levantamiento en Veracruz del general Santa Anna contra el emperador It\u00farbide, quien es obligado a abdicar ante el Congreso, que anula su imperio y le destierra a Italia.<\/p>\n\n\n\n<p class=\"wp-block-paragraph\">1866.- Un hurac\u00e1n ocasiona grandes estragos en la ciudad y el puerto de Buenos Aires.<\/p>\n\n\n\n<p class=\"wp-block-paragraph\">1882.- Colocaci\u00f3n de la primera piedra del templo de la Sagrada Familia, en Barcelona, obra cumbre de Antonio Gaud\u00ed.<\/p>\n\n\n\n<p class=\"wp-block-paragraph\">1905.- Muere Rafael Mar\u00eda Merch\u00e1n, escritor y pol\u00edtico cubano.<\/p>\n\n\n\n<p class=\"wp-block-paragraph\">1913.- Nace Hern\u00e1n Siles Zuazo, expresidente de Bolivia.<\/p>\n\n\n\n<p class=\"wp-block-paragraph\">1921.- Alfredo Zayas es elegido presidente de Cuba.<\/p>\n\n\n\n<p class=\"wp-block-paragraph\">1922.- Colocaci\u00f3n de la primera piedra de la plaza de toros de Las Ventas en Madrid.<\/p>\n\n\n\n<p class=\"wp-block-paragraph\">1928.- Nace Hans Kung, te\u00f3logo suizo.<\/p>\n\n\n\n<p class=\"wp-block-paragraph\">1930.- Muere Arthur James Balfour, estadista ingl\u00e9s.<\/p>\n\n\n\n<p class=\"wp-block-paragraph\">1930.- Nace Ornette Coleman, m\u00fasico de jazz, y compositor estadounidense.<\/p>\n\n\n\n<p class=\"wp-block-paragraph\">1934.- La C\u00e1mara de Representantes de los EEUU aprueba la independencia de Filipinas.<\/p>\n\n\n\n<p class=\"wp-block-paragraph\">1936.- Nace Ursula Andress, actriz suiza.<\/p>\n\n\n\n<p class=\"wp-block-paragraph\">1943.- Nace Mario Molina, qu\u00edmico y f\u00edsico estadounidense de origen mexicano, Nobel de Qu\u00edmica 1995.<\/p>\n\n\n\n<p class=\"wp-block-paragraph\">1944.- Segunda Guerra mundial: los alemanes ocupan Hungr\u00eda.<\/p>\n\n\n\n<p class=\"wp-block-paragraph\">1945.- Don Juan de Borb\u00f3n hace p\u00fablico un manifiesto en el que propone la instauraci\u00f3n de la monarqu\u00eda constitucional en Espa\u00f1a.<\/p>\n\n\n\n<p class=\"wp-block-paragraph\">1947.- Nace Glenn Close, actriz estadounidense.<\/p>\n\n\n\n<p class=\"wp-block-paragraph\">1947.- Nace Antoni Mir\u00f3, dise\u00f1ador espa\u00f1ol.<\/p>\n\n\n\n<p class=\"wp-block-paragraph\">1949.- Aprobada la Constituci\u00f3n de la Rep\u00fablica Democr\u00e1tica Alemana (RDA).<\/p>\n\n\n\n<p class=\"wp-block-paragraph\">1955.- Nace Bruce Willis, actor estadounidense.<\/p>\n\n\n\n<p class=\"wp-block-paragraph\">1962.- Por los Acuerdos de Evian, Francia decide otorgar la independencia a Argelia.<\/p>\n\n\n\n<p class=\"wp-block-paragraph\">1962.- Arturo Frondizi, presidente de Argentina, es depuesto por el Ej\u00e9rcito.<\/p>\n\n\n\n<p class=\"wp-block-paragraph\">1963.- Se celebra la \u00abCumbre de San Jos\u00e9\u00bb, de la que emana la Declaraci\u00f3n de Costa Rica, que contiene propuestas para un futuro mercado com\u00fan centroamericano.<\/p>\n\n\n\n<p class=\"wp-block-paragraph\">1964.- Inaugurado el t\u00fanel del Gran San Bernardo, que une Suiza con Italia, con casi seis kil\u00f3metros de longitud.<\/p>\n\n\n\n<p class=\"wp-block-paragraph\">1989.- El partido derechista ARENA, liderado por Alfredo Cristiani, gana las elecciones en El Salvador.<\/p>\n\n\n\n<p class=\"wp-block-paragraph\">1994.- Muere Irvin Flores, l\u00edder nacionalista puertorrique\u00f1o.<\/p>\n\n\n\n<p class=\"wp-block-paragraph\">1994.- Muere Jos\u00e9 Coronel Urtecho, poeta nicaraguense.<\/p>\n\n\n\n<p class=\"wp-block-paragraph\">1997.- La Corte Constitucional de Colombia anula siete decretos del Gobierno y declara no ajustado a la Carta magna el estado de emergencia econ\u00f3mica que los motiv\u00f3.<\/p>\n\n\n\n<p class=\"wp-block-paragraph\">1999.- El Grupo de R\u00edo firma en M\u00e9xico el Acta de Veracruz para relanzar esta organizaci\u00f3n como foro de negociaci\u00f3n de Iberoam\u00e9rica ante el siglo XXI.<\/p>\n\n\n\n<p class=\"wp-block-paragraph\">1999.- Muere Jos\u00e9 Agust\u00edn Goytisolo, poeta espa\u00f1ol.<\/p>\n\n\n\n<p class=\"wp-block-paragraph\">2002.- Las Brigadas Rojas asesinan en Bolonia al asesor del ministro italiano de Trabajo, Marco Biagi.<\/p>\n\n\n\n<p class=\"wp-block-paragraph\">2004.- Muere Luis Felipe Angell de Lama, \u00abSofocleto\u00bb, escritor peruano.<\/p>\n\n\n\n<p class=\"wp-block-paragraph\">2006.- Alexander Lukashenko es reelegido, por tercera vez, presidente de Bieolorrusia.<\/p>\n\n\n\n<p class=\"wp-block-paragraph\">2008.- Muere Matilde Espinosa, poetisa colombiana.<\/p>\n\n\n\n<p class=\"wp-block-paragraph\">2010.- Elinor Smith, aviadora estadounidense.<\/p>\n\n\n\n<p class=\"wp-block-paragraph\">2011.- Triunfa el \u00abs\u00ed\u00bb en el refer\u00e9ndum de reforma de la Constituci\u00f3n celebrado en Egipto. 2014.- Muere Fernando Rodrigo, pintor segoviano.<\/p>\n","protected":false},"excerpt":{"rendered":"<p>Un d\u00eda 19 de marzo como hoy, pero de 2013, el Papa Francisco comienza su pontificado con una misa solemne ante 200 mil asistentes. Otras efem\u00e9rides 1565.- El conquistador espa\u00f1ol Miguel L\u00f3pez de Legazpi descubre, camino de Filipinas, la isla de Bohol, de la que toma posesi\u00f3n en nombre de Felipe II. 1604.- Nace Juan [&hellip;]<\/p>\n","protected":false},"author":6,"featured_media":55403,"comment_status":"closed","ping_status":"closed","sticky":false,"template":"","format":"standard","meta":{"_acf_changed":false,"_monsterinsights_skip_tracking":false,"slim_seo":{"title":"Efem\u00e9rides 19 de marzo - Opini\u00f3n P\u00fablica","description":"Un d\u00eda 19 de marzo como hoy, pero de 2013, el Papa Francisco comienza su pontificado con una misa solemne ante 200 mil asistentes . Otras efem\u00e9rides 1565.- El c"},"footnotes":""},"categories":[27],"tags":[],"class_list":["post-55402","post","type-post","status-publish","format-standard","has-post-thumbnail","hentry","category-un-dia-como-hoy"],"acf":[],"_links":{"self":[{"href":"https:\/\/www.opinionpublica.tv\/portada\/wp-json\/wp\/v2\/posts\/55402","targetHints":{"allow":["GET"]}}],"collection":[{"href":"https:\/\/www.opinionpublica.tv\/portada\/wp-json\/wp\/v2\/posts"}],"about":[{"href":"https:\/\/www.opinionpublica.tv\/portada\/wp-json\/wp\/v2\/types\/post"}],"author":[{"embeddable":true,"href":"https:\/\/www.opinionpublica.tv\/portada\/wp-json\/wp\/v2\/users\/6"}],"replies":[{"embeddable":true,"href":"https:\/\/www.opinionpublica.tv\/portada\/wp-json\/wp\/v2\/comments?post=55402"}],"version-history":[{"count":1,"href":"https:\/\/www.opinionpublica.tv\/portada\/wp-json\/wp\/v2\/posts\/55402\/revisions"}],"predecessor-version":[{"id":55404,"href":"https:\/\/www.opinionpublica.tv\/portada\/wp-json\/wp\/v2\/posts\/55402\/revisions\/55404"}],"wp:featuredmedia":[{"embeddable":true,"href":"https:\/\/www.opinionpublica.tv\/portada\/wp-json\/wp\/v2\/media\/55403"}],"wp:attachment":[{"href":"https:\/\/www.opinionpublica.tv\/portada\/wp-json\/wp\/v2\/media?parent=55402"}],"wp:term":[{"taxonomy":"category","embeddable":true,"href":"https:\/\/www.opinionpublica.tv\/portada\/wp-json\/wp\/v2\/categories?post=55402"},{"taxonomy":"post_tag","embeddable":true,"href":"https:\/\/www.opinionpublica.tv\/portada\/wp-json\/wp\/v2\/tags?post=55402"}],"curies":[{"name":"wp","href":"https:\/\/api.w.org\/{rel}","templated":true}]}}