{"id":55396,"date":"2025-03-17T00:01:00","date_gmt":"2025-03-17T06:01:00","guid":{"rendered":"https:\/\/www.opinionpublica.tv\/portada\/?p=55396"},"modified":"2025-03-16T22:20:17","modified_gmt":"2025-03-17T04:20:17","slug":"nuevo-sistema-penitenciario-en-chihuahua","status":"publish","type":"post","link":"https:\/\/www.opinionpublica.tv\/portada\/nuevo-sistema-penitenciario-en-chihuahua\/","title":{"rendered":"Nuevo sistema penitenciario en Chihuahua"},"content":{"rendered":"\n<h4 class=\"wp-block-heading\">Ra\u00fal Ruiz<\/h4>\n\n\n\n<p class=\"wp-block-paragraph\">___________________________<\/p>\n\n\n\n<p class=\"wp-block-paragraph\">La novedad que nos trajo la gobernadora, Mar\u00eda eugenia Campos, en su Tercer Informe de Gobierno, fue el anuncio de un nuevo sistema penitenciario para la entidad.<\/p>\n\n\n\n<p class=\"wp-block-paragraph\">Y la verdad no se me ocurre nada que nos pueda sorprender.<\/p>\n\n\n\n<p class=\"wp-block-paragraph\">A nivel mundial, los sistemas penitenciarios enfrentan desaf\u00edos significativos, como el hacinamiento, la falta de recursos y la necesidad de reinserci\u00f3n social efectiva.<\/p>\n\n\n\n<p class=\"wp-block-paragraph\">En este contexto, las concesiones a particulares, como las c\u00e1rceles privadas, han surgido como una soluci\u00f3n en algunos pa\u00edses, aunque no est\u00e1n exentas de controversia.<\/p>\n\n\n\n<p class=\"wp-block-paragraph\">\u00bfSer\u00e1 esa la noticia?<\/p>\n\n\n\n<p class=\"wp-block-paragraph\">Tendencias globales:<\/p>\n\n\n\n<p class=\"wp-block-paragraph\">1. Aumento de la poblaci\u00f3n carcelaria: Seg\u00fan datos recientes, la poblaci\u00f3n privada de libertad ha crecido en varias regiones, especialmente en Am\u00e9rica Latina y Ocean\u00eda, mientras que en otras, como Europa Oriental, ha disminuido.<\/p>\n\n\n\n<p class=\"wp-block-paragraph\">2. Privatizaci\u00f3n: Pa\u00edses como Estados Unidos y Reino Unido han liderado la implementaci\u00f3n de c\u00e1rceles privadas bajo esquemas de asociaciones p\u00fablico-privadas.<\/p>\n\n\n\n<p class=\"wp-block-paragraph\">En M\u00e9xico, este modelo comenz\u00f3 en 2010, con empresas privadas encargadas de construir y operar centros penitenciarios.<\/p>\n\n\n\n<p class=\"wp-block-paragraph\">3. Derechos humanos y reinserci\u00f3n: Se han implementado programas para garantizar condiciones dignas y promover la reinserci\u00f3n social, aunque persisten cr\u00edticas sobre la efectividad de estos esfuerzos.<\/p>\n\n\n\n<p class=\"wp-block-paragraph\">Es hora que no le hallan la cuadratura al c\u00edrculo.<\/p>\n\n\n\n<p class=\"wp-block-paragraph\">Concesiones a particulares:<\/p>\n\n\n\n<p class=\"wp-block-paragraph\">Las c\u00e1rceles privadas prometen reducir costos y mejorar la eficiencia, pero enfrentan cr\u00edticas por:<\/p>\n\n\n\n<p class=\"wp-block-paragraph\">&#8211; Falta de transparencia: En algunos casos, las concesiones se han otorgado sin licitaciones claras.<\/p>\n\n\n\n<p class=\"wp-block-paragraph\">Ojal\u00e1 no sea por estos caminos donde nos lleve el MARUPLAN.<\/p>\n\n\n\n<p class=\"wp-block-paragraph\">&#8211; Impacto en derechos humanos:<\/p>\n\n\n\n<p class=\"wp-block-paragraph\">Se cuestiona si estas instituciones priorizan el lucro sobre el bienestar de los internos.<\/p>\n\n\n\n<p class=\"wp-block-paragraph\">\u00bfO ser\u00e1 que implementar\u00e1 un novedoso plan de reinserci\u00f3n social?<\/p>\n\n\n\n<p class=\"wp-block-paragraph\">Los modelos de reinserci\u00f3n social buscan preparar a las personas privadas de la libertad para su reintegraci\u00f3n a la sociedad, reduciendo la reincidencia y promoviendo una vida productiva.<\/p>\n\n\n\n<p class=\"wp-block-paragraph\">Veamos algunos enfoques destacados:<\/p>\n\n\n\n<p class=\"wp-block-paragraph\">1. Educaci\u00f3n y capacitaci\u00f3n laboral: Proveer educaci\u00f3n formal y formaci\u00f3n t\u00e9cnica para que los internos adquieran habilidades \u00fatiles en el mercado laboral.<\/p>\n\n\n\n<p class=\"wp-block-paragraph\">2. Terapia y apoyo psicol\u00f3gico: Programas que abordan problemas como adicciones, manejo de la ira y traumas, ayudando a los internos a desarrollar habilidades emocionales y sociales.<\/p>\n\n\n\n<p class=\"wp-block-paragraph\">De alg\u00fan modo existen ya algunos programas de estos en los centros penitenciarios.<\/p>\n\n\n\n<p class=\"wp-block-paragraph\">Pero obviamente no funcionan.<\/p>\n\n\n\n<p class=\"wp-block-paragraph\">3. Restauraci\u00f3n comunitaria:<\/p>\n\n\n\n<p class=\"wp-block-paragraph\">Modelos que promueven la reconciliaci\u00f3n entre el ofensor, la v\u00edctima y la comunidad, como la justicia restaurativa.<\/p>\n\n\n\n<p class=\"wp-block-paragraph\">Casi nunca se ve esto.<\/p>\n\n\n\n<p class=\"wp-block-paragraph\">4. Programas de mentor\u00eda:<\/p>\n\n\n\n<p class=\"wp-block-paragraph\">Ex internos exitosos o profesionales capacitados act\u00faan como mentores, guiando a los participantes en su transici\u00f3n.<\/p>\n\n\n\n<p class=\"wp-block-paragraph\">5. Apoyo postliberaci\u00f3n:<\/p>\n\n\n\n<p class=\"wp-block-paragraph\">Servicios que incluyen vivienda, empleo y seguimiento psicol\u00f3gico para garantizar una reintegraci\u00f3n sostenible.<\/p>\n\n\n\n<p class=\"wp-block-paragraph\">En M\u00e9xico, la reforma penitenciaria de 2008 impuls\u00f3 un enfoque en la reinserci\u00f3n social, pero su implementaci\u00f3n enfrenta desaf\u00edos como la falta de recursos y coordinaci\u00f3n entre instituciones.<\/p>\n\n\n\n<p class=\"wp-block-paragraph\">\u00bfSer\u00e1 Chihuahua, el punto de referencia nacional?<\/p>\n\n\n\n<p class=\"wp-block-paragraph\">Veremos. Dijo un ciego.<\/p>\n\n\n\n<p class=\"wp-block-paragraph\">Mientras nos dan a conocer la informaci\u00f3n completa, voy por mi capirotada.<\/p>\n\n\n\n<p class=\"wp-block-paragraph\">Feliz inicio de semana.<\/p>\n","protected":false},"excerpt":{"rendered":"<p>Ra\u00fal Ruiz ___________________________ La novedad que nos trajo la gobernadora, Mar\u00eda eugenia Campos, en su Tercer Informe de Gobierno, fue el anuncio de un nuevo sistema penitenciario para la entidad. Y la verdad no se me ocurre nada que nos pueda sorprender. A nivel mundial, los sistemas penitenciarios enfrentan desaf\u00edos significativos, como el hacinamiento, la [&hellip;]<\/p>\n","protected":false},"author":6,"featured_media":43347,"comment_status":"closed","ping_status":"closed","sticky":false,"template":"","format":"standard","meta":{"_acf_changed":false,"_monsterinsights_skip_tracking":false,"slim_seo":{"title":"Nuevo sistema penitenciario en Chihuahua - Opini\u00f3n P\u00fablica","description":"Ra\u00fal Ruiz ___________________________ La novedad que nos trajo la gobernadora, Mar\u00eda eugenia Campos, en su Tercer Informe de Gobierno, fue el anuncio de un nuev"},"footnotes":""},"categories":[21],"tags":[593],"class_list":["post-55396","post","type-post","status-publish","format-standard","has-post-thumbnail","hentry","category-cartapacio","tag-cartapacio"],"acf":[],"_links":{"self":[{"href":"https:\/\/www.opinionpublica.tv\/portada\/wp-json\/wp\/v2\/posts\/55396","targetHints":{"allow":["GET"]}}],"collection":[{"href":"https:\/\/www.opinionpublica.tv\/portada\/wp-json\/wp\/v2\/posts"}],"about":[{"href":"https:\/\/www.opinionpublica.tv\/portada\/wp-json\/wp\/v2\/types\/post"}],"author":[{"embeddable":true,"href":"https:\/\/www.opinionpublica.tv\/portada\/wp-json\/wp\/v2\/users\/6"}],"replies":[{"embeddable":true,"href":"https:\/\/www.opinionpublica.tv\/portada\/wp-json\/wp\/v2\/comments?post=55396"}],"version-history":[{"count":1,"href":"https:\/\/www.opinionpublica.tv\/portada\/wp-json\/wp\/v2\/posts\/55396\/revisions"}],"predecessor-version":[{"id":55397,"href":"https:\/\/www.opinionpublica.tv\/portada\/wp-json\/wp\/v2\/posts\/55396\/revisions\/55397"}],"wp:featuredmedia":[{"embeddable":true,"href":"https:\/\/www.opinionpublica.tv\/portada\/wp-json\/wp\/v2\/media\/43347"}],"wp:attachment":[{"href":"https:\/\/www.opinionpublica.tv\/portada\/wp-json\/wp\/v2\/media?parent=55396"}],"wp:term":[{"taxonomy":"category","embeddable":true,"href":"https:\/\/www.opinionpublica.tv\/portada\/wp-json\/wp\/v2\/categories?post=55396"},{"taxonomy":"post_tag","embeddable":true,"href":"https:\/\/www.opinionpublica.tv\/portada\/wp-json\/wp\/v2\/tags?post=55396"}],"curies":[{"name":"wp","href":"https:\/\/api.w.org\/{rel}","templated":true}]}}