{"id":55337,"date":"2025-03-16T00:01:00","date_gmt":"2025-03-16T06:01:00","guid":{"rendered":"https:\/\/www.opinionpublica.tv\/portada\/?p=55337"},"modified":"2025-03-15T21:30:47","modified_gmt":"2025-03-16T03:30:47","slug":"no-al-aborto-en-chihuahua-se-defiende-la-vida-y-se-defiende-a-la-familia-pan","status":"publish","type":"post","link":"https:\/\/www.opinionpublica.tv\/portada\/no-al-aborto-en-chihuahua-se-defiende-la-vida-y-se-defiende-a-la-familia-pan\/","title":{"rendered":"\u00abNo al aborto, en Chihuahua se defiende la vida y se defiende a la familia\u00bb: PAN"},"content":{"rendered":"\n<figure class=\"wp-block-image size-large\"><img fetchpriority=\"high\" decoding=\"async\" width=\"1024\" height=\"510\" src=\"https:\/\/www.opinionpublica.tv\/portada\/wp-content\/uploads\/2025\/03\/22No-al-aborto-en-Chihuahua-se-defiende-la-vida-y-se-defiende-a-la-familia22-PAN-1024x510.jpeg\" alt=\"%22no al aborto, en chihuahua se defiende la vida y se defiende a la familia%22 pan\" class=\"wp-image-55340\" srcset=\"https:\/\/www.opinionpublica.tv\/portada\/wp-content\/uploads\/2025\/03\/22No-al-aborto-en-Chihuahua-se-defiende-la-vida-y-se-defiende-a-la-familia22-PAN-1024x510.jpeg 1024w, https:\/\/www.opinionpublica.tv\/portada\/wp-content\/uploads\/2025\/03\/22No-al-aborto-en-Chihuahua-se-defiende-la-vida-y-se-defiende-a-la-familia22-PAN-300x149.jpeg 300w, https:\/\/www.opinionpublica.tv\/portada\/wp-content\/uploads\/2025\/03\/22No-al-aborto-en-Chihuahua-se-defiende-la-vida-y-se-defiende-a-la-familia22-PAN-768x382.jpeg 768w, https:\/\/www.opinionpublica.tv\/portada\/wp-content\/uploads\/2025\/03\/22No-al-aborto-en-Chihuahua-se-defiende-la-vida-y-se-defiende-a-la-familia22-PAN.jpeg 1280w\" sizes=\"(max-width: 1024px) 100vw, 1024px\" \/><\/figure>\n\n\n\n<p class=\"wp-block-paragraph\"><em>Chihuahua, Chih<\/em>.- \u201cEn Chihuahua se defiende la vida y en Chihuahua se defiende a la familia\u201d fue la frase con la que Daniela \u00c1lvarez, presidenta del PAN Chihuahua, anunci\u00f3 la campa\u00f1a para informar a la ciudadan\u00eda sobre lo que considera una \u201cagenda de muerte\u201d promovida por Morena en el estado.<\/p>\n\n\n\n<p class=\"wp-block-paragraph\">\u201cHay que decirlo fuerte y claro: la agenda de Morena es una agenda de muerte. Es Morena quien promueve el aborto, o m\u00e1s bien, el asesinato de los beb\u00e9s hasta los 9 meses de gestaci\u00f3n\u201d, expres\u00f3 Daniela \u00c1lvarez, Presidenta del PAN.<\/p>\n\n\n\n<p class=\"wp-block-paragraph\">\u00c1lvarez celebr\u00f3 que en Chihuahua, Morena no tiene los votos suficientes en el Congreso del Estado para sacar adelante esta iniciativa sin consultar a la ciudadan\u00eda, como lo han hecho en otros estados del pa\u00eds.<\/p>\n\n\n\n<p class=\"wp-block-paragraph\">\u201cA partir de ahora iniciamos una campa\u00f1a para desenmascarar a Morena, donde con claridad diremos que Morena promueve el asesinato de los beb\u00e9s desde el vientre de su madre hasta los 9 meses de gestaci\u00f3n\u201d, inform\u00f3 Daniela \u00c1lvarez.<\/p>\n\n\n\n<p class=\"wp-block-paragraph\">Roc\u00edo Gonz\u00e1lez, diputada federal, se\u00f1al\u00f3 que esta resoluci\u00f3n que despenaliza el aborto no consider\u00f3 problemas reales que enfrentan las mujeres, como el acceso a un sistema de salud adecuado, educaci\u00f3n sexual integral y programas de apoyo.<\/p>\n\n\n\n<p class=\"wp-block-paragraph\">Por su parte, la diputada local X\u00f3chitl Contreras reiter\u00f3 la postura del Grupo Parlamentario del PAN en Chihuahua de trabajar en la generaci\u00f3n de pol\u00edticas p\u00fablicas para apoyar a todas las mujeres que consideren la opci\u00f3n de abortar, para evitarlo y ofrecerles todas las atenciones necesarias para prevenir afectaciones a su salud f\u00edsica y psicol\u00f3gica.<\/p>\n\n\n\n<p class=\"wp-block-paragraph\">\u201cLa prioridad es atender a las mujeres, que son las segundas v\u00edctimas en este tema\u201d, dijo el Diputado Carlos Olson al se\u00f1alar que al despenalizar el aborto no se consideraron algunas situaciones. Destac\u00f3 que la penalizaci\u00f3n no significa que se castigue a la mujer, sino que permite abrir investigaciones para conocer si existen otros delitos, como el aborto forzado por agresores de mujeres.<\/p>\n\n\n\n<p class=\"wp-block-paragraph\">En complemento a lo anterior, el Diputado Alfredo Ch\u00e1vez inform\u00f3 que en Chihuahua no existe ninguna mujer que enfrente un proceso penal por abortar. Sin embargo, se\u00f1al\u00f3 que existen cuatro hombres que est\u00e1n siendo procesados por forzar a sus parejas a abortar.<\/p>\n\n\n\n<p class=\"wp-block-paragraph\">Finalmente, advirti\u00f3 que Morena saldr\u00e1 a desmentir lo que el PAN denuncia y mostr\u00f3 la iniciativa con la que Morena promueve el aborto hasta los 9 meses de gestaci\u00f3n en la Ciudad de M\u00e9xico, misma que ellos mismos niegan.<\/p>\n\n\n\n<p class=\"wp-block-paragraph\">Daniela \u00c1lvarez reiter\u00f3 su postura de seguir desenmascarando las mentiras de Morena y llam\u00f3 a la ciudadan\u00eda a sumarse a la lucha por la defensa de la vida y las familias en todo el estado de Chihuahua.<\/p>\n","protected":false},"excerpt":{"rendered":"<p>Chihuahua, Chih.- \u201cEn Chihuahua se defiende la vida y en Chihuahua se defiende a la familia\u201d fue la frase con la que Daniela \u00c1lvarez, presidenta del PAN Chihuahua, anunci\u00f3 la campa\u00f1a para informar a la ciudadan\u00eda sobre lo que considera una \u201cagenda de muerte\u201d promovida por Morena en el estado. \u201cHay que decirlo fuerte y [&hellip;]<\/p>\n","protected":false},"author":6,"featured_media":55340,"comment_status":"closed","ping_status":"closed","sticky":false,"template":"","format":"standard","meta":{"_acf_changed":false,"_monsterinsights_skip_tracking":false,"slim_seo":{"title":"\"No al aborto, en Chihuahua se defiende la vida y se defiende a la familia\": PAN - Opini\u00f3n P\u00fablica","description":"Chihuahua, Chih .- \u201cEn Chihuahua se defiende la vida y en Chihuahua se defiende a la familia\u201d fue la frase con la que Daniela \u00c1lvarez, presidenta del PAN Chihua"},"footnotes":""},"categories":[11],"tags":[],"class_list":["post-55337","post","type-post","status-publish","format-standard","has-post-thumbnail","hentry","category-tendencias"],"acf":[],"_links":{"self":[{"href":"https:\/\/www.opinionpublica.tv\/portada\/wp-json\/wp\/v2\/posts\/55337","targetHints":{"allow":["GET"]}}],"collection":[{"href":"https:\/\/www.opinionpublica.tv\/portada\/wp-json\/wp\/v2\/posts"}],"about":[{"href":"https:\/\/www.opinionpublica.tv\/portada\/wp-json\/wp\/v2\/types\/post"}],"author":[{"embeddable":true,"href":"https:\/\/www.opinionpublica.tv\/portada\/wp-json\/wp\/v2\/users\/6"}],"replies":[{"embeddable":true,"href":"https:\/\/www.opinionpublica.tv\/portada\/wp-json\/wp\/v2\/comments?post=55337"}],"version-history":[{"count":2,"href":"https:\/\/www.opinionpublica.tv\/portada\/wp-json\/wp\/v2\/posts\/55337\/revisions"}],"predecessor-version":[{"id":55341,"href":"https:\/\/www.opinionpublica.tv\/portada\/wp-json\/wp\/v2\/posts\/55337\/revisions\/55341"}],"wp:featuredmedia":[{"embeddable":true,"href":"https:\/\/www.opinionpublica.tv\/portada\/wp-json\/wp\/v2\/media\/55340"}],"wp:attachment":[{"href":"https:\/\/www.opinionpublica.tv\/portada\/wp-json\/wp\/v2\/media?parent=55337"}],"wp:term":[{"taxonomy":"category","embeddable":true,"href":"https:\/\/www.opinionpublica.tv\/portada\/wp-json\/wp\/v2\/categories?post=55337"},{"taxonomy":"post_tag","embeddable":true,"href":"https:\/\/www.opinionpublica.tv\/portada\/wp-json\/wp\/v2\/tags?post=55337"}],"curies":[{"name":"wp","href":"https:\/\/api.w.org\/{rel}","templated":true}]}}