{"id":55330,"date":"2025-03-16T00:01:00","date_gmt":"2025-03-16T06:01:00","guid":{"rendered":"https:\/\/www.opinionpublica.tv\/portada\/?p=55330"},"modified":"2025-03-15T21:22:02","modified_gmt":"2025-03-16T03:22:02","slug":"invitan-a-juarenses-a-participar-en-la-hora-del-planeta-con-apagon-voluntario-de-luces","status":"publish","type":"post","link":"https:\/\/www.opinionpublica.tv\/portada\/invitan-a-juarenses-a-participar-en-la-hora-del-planeta-con-apagon-voluntario-de-luces\/","title":{"rendered":"Invitan a participar en \u2018La Hora del Planeta\u2019 mediante apag\u00f3n voluntario de luces en Ju\u00e1rez"},"content":{"rendered":"\n<figure class=\"wp-block-image size-large\"><img fetchpriority=\"high\" decoding=\"async\" width=\"819\" height=\"1024\" src=\"https:\/\/www.opinionpublica.tv\/portada\/wp-content\/uploads\/2025\/03\/Invitan-a-participar-en-\u2018La-Hora-del-Planeta-con-apagon-voluntario-de-luces-en-Juarez-819x1024.jpeg\" alt=\"Invitan a participar en \u2018la hora del planeta\u2019 con apago\u0301n voluntario de luces en jua\u0301rez\" class=\"wp-image-55333\" srcset=\"https:\/\/www.opinionpublica.tv\/portada\/wp-content\/uploads\/2025\/03\/Invitan-a-participar-en-\u2018La-Hora-del-Planeta-con-apagon-voluntario-de-luces-en-Juarez-819x1024.jpeg 819w, https:\/\/www.opinionpublica.tv\/portada\/wp-content\/uploads\/2025\/03\/Invitan-a-participar-en-\u2018La-Hora-del-Planeta-con-apagon-voluntario-de-luces-en-Juarez-240x300.jpeg 240w, https:\/\/www.opinionpublica.tv\/portada\/wp-content\/uploads\/2025\/03\/Invitan-a-participar-en-\u2018La-Hora-del-Planeta-con-apagon-voluntario-de-luces-en-Juarez-768x960.jpeg 768w, https:\/\/www.opinionpublica.tv\/portada\/wp-content\/uploads\/2025\/03\/Invitan-a-participar-en-\u2018La-Hora-del-Planeta-con-apagon-voluntario-de-luces-en-Juarez.jpeg 1200w\" sizes=\"(max-width: 819px) 100vw, 819px\" \/><\/figure>\n\n\n\n<p class=\"wp-block-paragraph\"><em>Ciudad Ju\u00e1rez, Chih<\/em>.- La Coordinadora de Resiliencia y la Direcci\u00f3n de Ecolog\u00eda invitan a la poblaci\u00f3n a participar en \u201cLa hora del planeta\u201d, por medio de la cual se realizar\u00e1 un apag\u00f3n voluntario de luces no esenciales, durante 60 minutos.<\/p>\n\n\n\n<p class=\"wp-block-paragraph\">Quien desee participar debe unirse al movimiento mundial en defensa del medio ambiente el 22 de marzo, a las 8:30 de la noche, manteniendo apagadas las luces y aparatos el\u00e9ctricos que no sean indispensables en los hogares.<\/p>\n\n\n\n<p class=\"wp-block-paragraph\">El objetivo es demostrar los riesgos del cambio clim\u00e1tico, por ello se unen a esta acci\u00f3n 7 mil ciudades de 200 pa\u00edses, quienes en conjunto apagar\u00e1n las luces de 10 mil monumentos ic\u00f3nicos del mundo.<\/p>\n\n\n\n<p class=\"wp-block-paragraph\">Participar permite crear conciencia sobre los h\u00e1bitos de consumo el\u00e9ctrico de cada persona y la forma en que esta acci\u00f3n impacta en el planeta.<\/p>\n\n\n\n<p class=\"wp-block-paragraph\">Ver\u00f3nica Gonz\u00e1lez Sep\u00falveda, coordinadora de Resiliencia, coment\u00f3 que esta acci\u00f3n forma parte de las actividades que lleva a cabo el Gobierno Municipal en el marco del mes de la resiliencia.<\/p>\n\n\n\n<p class=\"wp-block-paragraph\">Otra de las actividades que llevar\u00e1 a cabo la Direcci\u00f3n General de Protecci\u00f3n Civil es el desarrollo de la charla \u201cPreparaci\u00f3n ante emergencias\u201d, la cual se realizar\u00e1 el 21 de marzo a las 9:00 horas.<\/p>\n\n\n\n<p class=\"wp-block-paragraph\">El evento ser\u00e1 en el auditorio de la Estaci\u00f3n Central de Bomberos, ubicado en Heroico Colegio Militar 1725 de la Zona Centro.<\/p>\n","protected":false},"excerpt":{"rendered":"<p>Ciudad Ju\u00e1rez, Chih.- La Coordinadora de Resiliencia y la Direcci\u00f3n de Ecolog\u00eda invitan a la poblaci\u00f3n a participar en \u201cLa hora del planeta\u201d, por medio de la cual se realizar\u00e1 un apag\u00f3n voluntario de luces no esenciales, durante 60 minutos. Quien desee participar debe unirse al movimiento mundial en defensa del medio ambiente el 22 [&hellip;]<\/p>\n","protected":false},"author":6,"featured_media":55333,"comment_status":"closed","ping_status":"closed","sticky":false,"template":"","format":"standard","meta":{"_acf_changed":false,"_monsterinsights_skip_tracking":false,"slim_seo":{"title":"Invitan a participar en \u2018La Hora del Planeta\u2019 mediante apag\u00f3n voluntario de luces en Ju\u00e1rez - Opini\u00f3n P\u00fablica","description":"Ciudad Ju\u00e1rez, Chih .- La Coordinadora de Resiliencia y la Direcci\u00f3n de Ecolog\u00eda invitan a la poblaci\u00f3n a participar en \u201cLa hora del planeta\u201d, por medio de la c"},"footnotes":""},"categories":[41],"tags":[],"class_list":["post-55330","post","type-post","status-publish","format-standard","has-post-thumbnail","hentry","category-juarez"],"acf":[],"_links":{"self":[{"href":"https:\/\/www.opinionpublica.tv\/portada\/wp-json\/wp\/v2\/posts\/55330","targetHints":{"allow":["GET"]}}],"collection":[{"href":"https:\/\/www.opinionpublica.tv\/portada\/wp-json\/wp\/v2\/posts"}],"about":[{"href":"https:\/\/www.opinionpublica.tv\/portada\/wp-json\/wp\/v2\/types\/post"}],"author":[{"embeddable":true,"href":"https:\/\/www.opinionpublica.tv\/portada\/wp-json\/wp\/v2\/users\/6"}],"replies":[{"embeddable":true,"href":"https:\/\/www.opinionpublica.tv\/portada\/wp-json\/wp\/v2\/comments?post=55330"}],"version-history":[{"count":4,"href":"https:\/\/www.opinionpublica.tv\/portada\/wp-json\/wp\/v2\/posts\/55330\/revisions"}],"predecessor-version":[{"id":55336,"href":"https:\/\/www.opinionpublica.tv\/portada\/wp-json\/wp\/v2\/posts\/55330\/revisions\/55336"}],"wp:featuredmedia":[{"embeddable":true,"href":"https:\/\/www.opinionpublica.tv\/portada\/wp-json\/wp\/v2\/media\/55333"}],"wp:attachment":[{"href":"https:\/\/www.opinionpublica.tv\/portada\/wp-json\/wp\/v2\/media?parent=55330"}],"wp:term":[{"taxonomy":"category","embeddable":true,"href":"https:\/\/www.opinionpublica.tv\/portada\/wp-json\/wp\/v2\/categories?post=55330"},{"taxonomy":"post_tag","embeddable":true,"href":"https:\/\/www.opinionpublica.tv\/portada\/wp-json\/wp\/v2\/tags?post=55330"}],"curies":[{"name":"wp","href":"https:\/\/api.w.org\/{rel}","templated":true}]}}