{"id":55325,"date":"2025-03-16T00:01:00","date_gmt":"2025-03-16T06:01:00","guid":{"rendered":"https:\/\/www.opinionpublica.tv\/portada\/?p=55325"},"modified":"2025-03-15T21:15:41","modified_gmt":"2025-03-16T03:15:41","slug":"dia-de-asueto-este-lunes-en-gobierno-por-aniversario-del-natalicio-de-benito-juarez","status":"publish","type":"post","link":"https:\/\/www.opinionpublica.tv\/portada\/dia-de-asueto-este-lunes-en-gobierno-por-aniversario-del-natalicio-de-benito-juarez\/","title":{"rendered":"D\u00eda de asueto este lunes en gobierno por aniversario del natalicio de Benito Ju\u00e1rez"},"content":{"rendered":"\n<figure class=\"wp-block-image size-large\"><img fetchpriority=\"high\" decoding=\"async\" width=\"1024\" height=\"549\" src=\"https:\/\/www.opinionpublica.tv\/portada\/wp-content\/uploads\/2025\/03\/Dia-de-asueto-este-lunes-en-gobierno-por-aniversario-del-natalicio-de-Benito-Juarez-1024x549.png\" alt=\"Di\u0301a de asueto este lunes en gobierno por aniversario del natalicio de benito jua\u0301rez\" class=\"wp-image-55328\" srcset=\"https:\/\/www.opinionpublica.tv\/portada\/wp-content\/uploads\/2025\/03\/Dia-de-asueto-este-lunes-en-gobierno-por-aniversario-del-natalicio-de-Benito-Juarez-1024x549.png 1024w, https:\/\/www.opinionpublica.tv\/portada\/wp-content\/uploads\/2025\/03\/Dia-de-asueto-este-lunes-en-gobierno-por-aniversario-del-natalicio-de-Benito-Juarez-300x161.png 300w, https:\/\/www.opinionpublica.tv\/portada\/wp-content\/uploads\/2025\/03\/Dia-de-asueto-este-lunes-en-gobierno-por-aniversario-del-natalicio-de-Benito-Juarez-768x412.png 768w, https:\/\/www.opinionpublica.tv\/portada\/wp-content\/uploads\/2025\/03\/Dia-de-asueto-este-lunes-en-gobierno-por-aniversario-del-natalicio-de-Benito-Juarez.png 1300w\" sizes=\"(max-width: 1024px) 100vw, 1024px\" \/><\/figure>\n\n\n\n<p class=\"wp-block-paragraph\"><em>Ciudad Ju\u00e1rez, Chih<\/em>.- Este lunes 17 de marzo ser\u00e1 d\u00eda de asueto para los empleados de los tres niveles de gobierno.<\/p>\n\n\n\n<p class=\"wp-block-paragraph\">En el caso del Municipio, la directora de Recursos Humanos del Ayuntamiento, Mar\u00eda Cristina Alc\u00e1ntar Duarte, inform\u00f3 que seg\u00fan el Reglamento Interior, el cual fija las condiciones generales de trabajo en el art\u00edculo 74 fracci\u00f3n tercera, \u201cel tercer lunes de marzo en conmemoraci\u00f3n del 21 de marzo, natalicio de Benito Ju\u00e1rez, ser\u00e1 descanso obligatorio\u201d.<\/p>\n\n\n\n<p class=\"wp-block-paragraph\">La funcionaria dijo que a su vez, lo anterior se encuentra convenido en la Ley Federal del Trabajo, por lo tanto, en celebraci\u00f3n del Natalicio de Benito Ju\u00e1rez, se dar\u00e1 ese d\u00eda a las y los empleados del Municipio de Ju\u00e1rez.<\/p>\n\n\n\n<p class=\"wp-block-paragraph\">Indic\u00f3 que \u00fanicamente acudir\u00e1 a laborar el personal que por la naturaleza de sus actividades requieren seguir operando, tal es el caso de la Coordinaci\u00f3n de Seguridad Vial, Protecci\u00f3n Civil y la Secretar\u00eda de Seguridad P\u00fablica Municipal.<\/p>\n\n\n\n<p class=\"wp-block-paragraph\">En tanto, las diferentes dependencias retomar\u00e1n actividades el pr\u00f3ximo martes 18 de marzo en el horario habitual de 8:00 de la ma\u00f1ana a 3:00 de la tarde, agreg\u00f3 Alc\u00e1ntar Duarte.<\/p>\n\n\n\n<p class=\"wp-block-paragraph\">De igual manera, los empleados de los gobiernos estatal y federal, as\u00ed como las instituciones bancarias estar\u00e1n cerradas el lunes y reanudar\u00e1n labores el martes 18 de marzo.<\/p>\n","protected":false},"excerpt":{"rendered":"<p>Ciudad Ju\u00e1rez, Chih.- Este lunes 17 de marzo ser\u00e1 d\u00eda de asueto para los empleados de los tres niveles de gobierno. En el caso del Municipio, la directora de Recursos Humanos del Ayuntamiento, Mar\u00eda Cristina Alc\u00e1ntar Duarte, inform\u00f3 que seg\u00fan el Reglamento Interior, el cual fija las condiciones generales de trabajo en el art\u00edculo 74 [&hellip;]<\/p>\n","protected":false},"author":6,"featured_media":55328,"comment_status":"closed","ping_status":"closed","sticky":false,"template":"","format":"standard","meta":{"_acf_changed":false,"_monsterinsights_skip_tracking":false,"slim_seo":{"title":"D\u00eda de asueto este lunes en gobierno por aniversario del natalicio de Benito Ju\u00e1rez - Opini\u00f3n P\u00fablica","description":"Ciudad Ju\u00e1rez, Chih .- Este lunes 17 de marzo ser\u00e1 d\u00eda de asueto para los empleados de los tres niveles de gobierno. En el caso del Municipio, la directora de R"},"footnotes":""},"categories":[41],"tags":[],"class_list":["post-55325","post","type-post","status-publish","format-standard","has-post-thumbnail","hentry","category-juarez"],"acf":[],"_links":{"self":[{"href":"https:\/\/www.opinionpublica.tv\/portada\/wp-json\/wp\/v2\/posts\/55325","targetHints":{"allow":["GET"]}}],"collection":[{"href":"https:\/\/www.opinionpublica.tv\/portada\/wp-json\/wp\/v2\/posts"}],"about":[{"href":"https:\/\/www.opinionpublica.tv\/portada\/wp-json\/wp\/v2\/types\/post"}],"author":[{"embeddable":true,"href":"https:\/\/www.opinionpublica.tv\/portada\/wp-json\/wp\/v2\/users\/6"}],"replies":[{"embeddable":true,"href":"https:\/\/www.opinionpublica.tv\/portada\/wp-json\/wp\/v2\/comments?post=55325"}],"version-history":[{"count":2,"href":"https:\/\/www.opinionpublica.tv\/portada\/wp-json\/wp\/v2\/posts\/55325\/revisions"}],"predecessor-version":[{"id":55329,"href":"https:\/\/www.opinionpublica.tv\/portada\/wp-json\/wp\/v2\/posts\/55325\/revisions\/55329"}],"wp:featuredmedia":[{"embeddable":true,"href":"https:\/\/www.opinionpublica.tv\/portada\/wp-json\/wp\/v2\/media\/55328"}],"wp:attachment":[{"href":"https:\/\/www.opinionpublica.tv\/portada\/wp-json\/wp\/v2\/media?parent=55325"}],"wp:term":[{"taxonomy":"category","embeddable":true,"href":"https:\/\/www.opinionpublica.tv\/portada\/wp-json\/wp\/v2\/categories?post=55325"},{"taxonomy":"post_tag","embeddable":true,"href":"https:\/\/www.opinionpublica.tv\/portada\/wp-json\/wp\/v2\/tags?post=55325"}],"curies":[{"name":"wp","href":"https:\/\/api.w.org\/{rel}","templated":true}]}}