{"id":55311,"date":"2025-03-16T00:01:00","date_gmt":"2025-03-16T06:01:00","guid":{"rendered":"https:\/\/www.opinionpublica.tv\/portada\/?p=55311"},"modified":"2025-03-15T20:54:09","modified_gmt":"2025-03-16T02:54:09","slug":"reaparece-beatriz-gutierrez-muller-presenta-su-libro-poesia-reunida-en-morelos","status":"publish","type":"post","link":"https:\/\/www.opinionpublica.tv\/portada\/reaparece-beatriz-gutierrez-muller-presenta-su-libro-poesia-reunida-en-morelos\/","title":{"rendered":"Reaparece Beatriz Guti\u00e9rrez M\u00fcller en Morelos y presenta su libro \u00abPoes\u00eda Reunida\u00bb"},"content":{"rendered":"\n<figure class=\"wp-block-image size-full\"><img fetchpriority=\"high\" decoding=\"async\" width=\"1100\" height=\"666\" src=\"https:\/\/www.opinionpublica.tv\/portada\/wp-content\/uploads\/2025\/03\/Reaparece-Beatriz-Gutierrez-Muller-y-presenta-su-libro-Poesia-Reunida-en-Morelos.avif\" alt=\"Reaparece beatriz gutie\u0301rrez mu\u0308ller y presenta su libro 'poesi\u0301a reunida' en morelos\" class=\"wp-image-55314\"\/><\/figure>\n\n\n\n<p class=\"wp-block-paragraph\"><em>Cuernavaca, Morelos<\/em>.- Beatriz Guti\u00e9rrez M\u00fcller, esposa del ex presidente Andr\u00e9s Manuel L\u00f3pez Obrador, estuvo en Morelos para presentar su libro \u201cPoes\u00eda Reunida\u201d. Rogelio Fern\u00e1ndez G\u00fcell; pero aprovech\u00f3 para invitar a los morelenses a votar por los integrantes del Poder Judicial.<\/p>\n\n\n\n<p class=\"wp-block-paragraph\">\u201cQuiero aprovechar que est\u00e1 propicia la situaci\u00f3n para recordar que este a\u00f1o tenemos una cita en las urnas y hay que votar por los integrantes del Poder Judicial\u201d, expres\u00f3 casi al finalizar su presentaci\u00f3n en la explanada de Plaza de Armas en Cuernavaca, donde se lleva a cabo la Feria del Libro Morelos 2025: Un homenaje a la mujer ind\u00edgena y la lucha social.<\/p>\n\n\n\n<p class=\"wp-block-paragraph\">De manera coincidente hoy tambi\u00e9n estuvo en Morelos, Alfonso Ram\u00edrez Cu\u00e9llar, diputado de Morena, para constituir el comit\u00e9 \u201cConstruyendo Justicia en Morelos\u201d, cuyo prop\u00f3sito es promover la participaci\u00f3n ciudadana en los comicios del 1 de junio para renovar el Poder Judicial Federal.<\/p>\n\n\n\n<p class=\"wp-block-paragraph\">Junto a la gobernadora Margarita Gonz\u00e1lez Saravia, la escritora Beatriz Guti\u00e9rrez explic\u00f3 que su obra re\u00fane poemas de Rogelio Fern\u00e1ndez G\u00fcell, destacando su mirada sobre personajes y momentos hist\u00f3ricos como el de Francisco I. Madero.<\/p>\n\n\n\n<p class=\"wp-block-paragraph\">La tambi\u00e9n historiadora hizo una reflexi\u00f3n sobre el trabajo de Madero en materia electoral y se\u00f1al\u00f3 que hace 112 a\u00f1os impuls\u00f3 una reforma que involucraba al Poder Judicial. En este sentido, se\u00f1al\u00f3 que en 2025 se concretar\u00e1 una nueva reforma para que el pueblo elija a los integrantes de dicho Poder.<\/p>\n\n\n\n<p class=\"wp-block-paragraph\">\u201cDe acuerdo con la Constituci\u00f3n el poder radica en el pueblo, no radica en el gobernante ni en el ministro, radica en el pueblo. La Revoluci\u00f3n Mexicana nos dej\u00f3 ese poder al pueblo. No queremos m\u00e1s revoluciones, no queremos m\u00e1s dictadores; queremos elecciones limpias y democr\u00e1ticas y ustedes como ciudadanos nunca dejen de ejercer su poder, porque en este pa\u00eds el pueblo manda\u201d, se\u00f1al\u00f3.<\/p>\n\n\n\n<p class=\"wp-block-paragraph\">En una breve entrevista reiter\u00f3 su llamado a salir a votar el pr\u00f3ximo 1 de junio por los integrantes del Poder Judicial.<\/p>\n\n\n\n<p class=\"wp-block-paragraph\">\u201cTodos los que tengan credencial no dejen de votar y hay que estudiar c\u00f3mo votar. Invito a los morelenses a que nos ilustremos y aprendamos a votar\u201d. (El Universal)<\/p>\n","protected":false},"excerpt":{"rendered":"<p>Cuernavaca, Morelos.- Beatriz Guti\u00e9rrez M\u00fcller, esposa del ex presidente Andr\u00e9s Manuel L\u00f3pez Obrador, estuvo en Morelos para presentar su libro \u201cPoes\u00eda Reunida\u201d. Rogelio Fern\u00e1ndez G\u00fcell; pero aprovech\u00f3 para invitar a los morelenses a votar por los integrantes del Poder Judicial. \u201cQuiero aprovechar que est\u00e1 propicia la situaci\u00f3n para recordar que este a\u00f1o tenemos una cita [&hellip;]<\/p>\n","protected":false},"author":6,"featured_media":55314,"comment_status":"closed","ping_status":"closed","sticky":false,"template":"","format":"standard","meta":{"_acf_changed":false,"_monsterinsights_skip_tracking":false,"slim_seo":{"title":"Reaparece Beatriz Guti\u00e9rrez M\u00fcller en Morelos y presenta su libro \"Poes\u00eda Reunida\" - Opini\u00f3n P\u00fablica","description":"Cuernavaca, Morelos .- Beatriz Guti\u00e9rrez M\u00fcller, esposa del ex presidente Andr\u00e9s Manuel L\u00f3pez Obrador, estuvo en Morelos para presentar su libro \u201cPoes\u00eda Reunida"},"footnotes":""},"categories":[4],"tags":[],"class_list":["post-55311","post","type-post","status-publish","format-standard","has-post-thumbnail","hentry","category-pulsopolitico"],"acf":[],"_links":{"self":[{"href":"https:\/\/www.opinionpublica.tv\/portada\/wp-json\/wp\/v2\/posts\/55311","targetHints":{"allow":["GET"]}}],"collection":[{"href":"https:\/\/www.opinionpublica.tv\/portada\/wp-json\/wp\/v2\/posts"}],"about":[{"href":"https:\/\/www.opinionpublica.tv\/portada\/wp-json\/wp\/v2\/types\/post"}],"author":[{"embeddable":true,"href":"https:\/\/www.opinionpublica.tv\/portada\/wp-json\/wp\/v2\/users\/6"}],"replies":[{"embeddable":true,"href":"https:\/\/www.opinionpublica.tv\/portada\/wp-json\/wp\/v2\/comments?post=55311"}],"version-history":[{"count":4,"href":"https:\/\/www.opinionpublica.tv\/portada\/wp-json\/wp\/v2\/posts\/55311\/revisions"}],"predecessor-version":[{"id":55317,"href":"https:\/\/www.opinionpublica.tv\/portada\/wp-json\/wp\/v2\/posts\/55311\/revisions\/55317"}],"wp:featuredmedia":[{"embeddable":true,"href":"https:\/\/www.opinionpublica.tv\/portada\/wp-json\/wp\/v2\/media\/55314"}],"wp:attachment":[{"href":"https:\/\/www.opinionpublica.tv\/portada\/wp-json\/wp\/v2\/media?parent=55311"}],"wp:term":[{"taxonomy":"category","embeddable":true,"href":"https:\/\/www.opinionpublica.tv\/portada\/wp-json\/wp\/v2\/categories?post=55311"},{"taxonomy":"post_tag","embeddable":true,"href":"https:\/\/www.opinionpublica.tv\/portada\/wp-json\/wp\/v2\/tags?post=55311"}],"curies":[{"name":"wp","href":"https:\/\/api.w.org\/{rel}","templated":true}]}}