{"id":55306,"date":"2025-03-16T00:01:00","date_gmt":"2025-03-16T06:01:00","guid":{"rendered":"https:\/\/www.opinionpublica.tv\/portada\/?p=55306"},"modified":"2025-03-15T19:06:05","modified_gmt":"2025-03-16T01:06:05","slug":"la-pandemia-de-covid-heredo-deficit-de-1-4-millones-de-empleos","status":"publish","type":"post","link":"https:\/\/www.opinionpublica.tv\/portada\/la-pandemia-de-covid-heredo-deficit-de-1-4-millones-de-empleos\/","title":{"rendered":"La pandemia de Covid hered\u00f3 un d\u00e9ficit de 1.4 millones de empleos en M\u00e9xico"},"content":{"rendered":"\n<figure class=\"wp-block-image size-full\"><img fetchpriority=\"high\" decoding=\"async\" width=\"1100\" height=\"666\" src=\"https:\/\/www.opinionpublica.tv\/portada\/wp-content\/uploads\/2025\/03\/La-pandemia-de-Covid-heredo-un-deficit-de-1.4-millones-de-empleos-en-Mexico.avif\" alt=\"La pandemia de covid heredo\u0301 un de\u0301ficit de 1.4 millones de empleos en me\u0301xico\" class=\"wp-image-55308\"\/><\/figure>\n\n\n\n<p class=\"wp-block-paragraph\">El mercado laboral arrastra un d\u00e9ficit de 1.4 millones de empleos formales que hered\u00f3 de la pandemia de Covid-19, de acuerdo con investigadores y analistas.<\/p>\n\n\n\n<p class=\"wp-block-paragraph\">Los registros del Instituto Mexicano del Seguro Social (IMSS) indican que 22.4 millones de personas trabajaban en el sector formal al cierre del mes pasado, 1.8 millones m\u00e1s que las reportadas en febrero de 2020, antes de la suspensi\u00f3n de actividades econ\u00f3micas no esenciales para evitar contagios.<\/p>\n\n\n\n<p class=\"wp-block-paragraph\">Sin embargo, existir\u00edan un total de 23.8 millones de empleos, 1.4 millones m\u00e1s que ahora, si no se hubieran suspendido las actividades por la crisis sanitaria, estim\u00f3 Axel Gonz\u00e1lez, investigador de datos de M\u00e9xico \u00bfC\u00f3mo vamos?<\/p>\n\n\n\n<p class=\"wp-block-paragraph\">Es decir, se recuperaron las plazas formales perdidas por la pandemia, pero no las que se dejaron de crear en los \u00faltimos cinco a\u00f1os considerando el crecimiento que tra\u00eda el mercado laboral en 2019.<\/p>\n\n\n\n<p class=\"wp-block-paragraph\">Desde su punto de vista, ante la incertidumbre comercial y la ralentizaci\u00f3n de la actividad econ\u00f3mica, es muy probable que se ampl\u00ede esta brecha durante 2025.<\/p>\n\n\n\n<p class=\"wp-block-paragraph\">El economista en jefe de Banorte, Alejandro Padilla, dijo que el mercado formal tiene hoy tasas de crecimiento que se asemejan m\u00e1s a una econom\u00eda que sali\u00f3 de la fase de recuperaci\u00f3n despu\u00e9s de la crisis.<\/p>\n\n\n\n<p class=\"wp-block-paragraph\">En su opini\u00f3n, la pandemia dej\u00f3 varias lecciones a la econom\u00eda que se deben considerar ahora que el pa\u00eds enfrenta una situaci\u00f3n de desaceleraci\u00f3n e incertidumbre en materia de comercio exterior.<\/p>\n\n\n\n<p class=\"wp-block-paragraph\">\u201cLa primera y m\u00e1s importante es la necesidad de ser flexibles, \u00e1giles y resilientes, porque la pandemia fue un choque de naturaleza sanitaria, pero afect\u00f3 de manera importante a pr\u00e1cticamente todos los sectores y tuvo un efecto que dur\u00f3 m\u00e1s que otro tipo de choques en la econom\u00eda\u201d, destac\u00f3.<\/p>\n\n\n\n<p class=\"wp-block-paragraph\">\u201cEl mercado se transform\u00f3\u201d<\/p>\n\n\n\n<p class=\"wp-block-paragraph\">La econom\u00eda ha venido experimentando cambios estructurales muy importantes con la pandemia, lo que incluye la transformaci\u00f3n del mercado laboral con un mayor uso del trabajo remoto y modelos h\u00edbridos, coment\u00f3 el ejecutivo de Banorte.<\/p>\n\n\n\n<p class=\"wp-block-paragraph\">\u201cEsto ha tra\u00eddo como consecuencia un uso m\u00e1s intensivo de la tecnolog\u00eda, de la digitalizaci\u00f3n y ha habido una reconfiguraci\u00f3n, no solamente de espacios de trabajo, sino tambi\u00e9n habilidades laborales en donde se requieren otro tipo de competencias\u201d, agreg\u00f3 Padilla.<\/p>\n\n\n\n<p class=\"wp-block-paragraph\">Otro factor que hoy se vuelve fundamental tiene que ver con la reconfiguraci\u00f3n de las cadenas de suministro, porque el Covid-19 trajo consigo una conciencia m\u00e1s amplia por parte de los tomadores de decisiones en torno a c\u00f3mo gestionar una serie de riesgos.<\/p>\n\n\n\n<p class=\"wp-block-paragraph\">El director de Estudios Econ\u00f3micos de Banamex, Iv\u00e1n Arias, explic\u00f3 que la pandemia dej\u00f3 una lecci\u00f3n importante para M\u00e9xico, donde no hubo una respuesta fiscal como hubiera sido deseable.<\/p>\n\n\n\n<p class=\"wp-block-paragraph\">Una cr\u00edtica relevante a la pol\u00edtica econ\u00f3mica del sexenio pasado fue que cuando m\u00e1s se requer\u00eda de un impulso a hogares y empresas en medio de la crisis, no lo hubo.<\/p>\n\n\n\n<p class=\"wp-block-paragraph\">\u201cEl golpe de la pandemia fue muy fuerte, por lo que la mayor\u00eda de los gobiernos trataron de reducir su impacto econ\u00f3mico a trav\u00e9s de una pol\u00edtica fiscal expansionista, es decir, con exenciones de impuestos, pero sobre todo con una expansi\u00f3n importante del gasto, lo que ayud\u00f3 en gran medida a que no hubiera una ca\u00edda mayor en el PIB\u201d.<\/p>\n\n\n\n<p class=\"wp-block-paragraph\">Respuesta inadecuada<\/p>\n\n\n\n<p class=\"wp-block-paragraph\">En M\u00e9xico, por el contrario, hubo una pol\u00edtica fiscal m\u00e1s restrictiva en 2020 y 2021, que buscaba mantener controlada la deuda p\u00fablica, lo que trajo como consecuencia una mayor contracci\u00f3n de la actividad econ\u00f3mica y una recuperaci\u00f3n bastante lenta en comparaci\u00f3n a otros pa\u00edses, dijo Arias.<\/p>\n\n\n\n<p class=\"wp-block-paragraph\">\u201cRegresamos a los niveles prepandemia en t\u00e9rminos de PIB hasta mediados de 2022, exactamente tardamos dos a\u00f1os en recuperar el nivel que ten\u00edamos de actividad previo a la crisis e incluso hubo sectores que tardaron m\u00e1s, como los ligados al turismo.<\/p>\n\n\n\n<p class=\"wp-block-paragraph\">\u201cSin embargo, en 2023 y 2024, cuando ya no se requer\u00eda abrir tanto la llave del gasto p\u00fablico, ya se hab\u00eda recuperado la econom\u00eda y la prioridad era controlar la inflaci\u00f3n, hubo una gran inversi\u00f3n del gasto p\u00fablico\u201d, se\u00f1al\u00f3 el especialista.<\/p>\n\n\n\n<p class=\"wp-block-paragraph\">\u201cSe fue a contracorriente de lo que hubiera sido \u00f3ptimo en t\u00e9rminos de actividad, de empleo\u201d.<\/p>\n\n\n\n<p class=\"wp-block-paragraph\">Si el gasto p\u00fablico hubiese sido ejercido en plena pandemia, en 2020 y 2021, y despu\u00e9s, con la recuperaci\u00f3n, estabilizar la deuda, hoy podr\u00edamos estar enfrentando la actual situaci\u00f3n econ\u00f3mica desde una posici\u00f3n de finanzas p\u00fablicas m\u00e1s fuerte que efectivamente podr\u00eda ayudar a mitigar la desaceleraci\u00f3n, indic\u00f3 Arias.<\/p>\n\n\n\n<p class=\"wp-block-paragraph\">Actualmente no hay gran espacio para que el gasto p\u00fablico pueda apoyar a la econom\u00eda, dijo.<\/p>\n\n\n\n<p class=\"wp-block-paragraph\"><em>Con informaci\u00f3n de El Universal<\/em>.<\/p>\n","protected":false},"excerpt":{"rendered":"<p>El mercado laboral arrastra un d\u00e9ficit de 1.4 millones de empleos formales que hered\u00f3 de la pandemia de Covid-19, de acuerdo con investigadores y analistas. Los registros del Instituto Mexicano del Seguro Social (IMSS) indican que 22.4 millones de personas trabajaban en el sector formal al cierre del mes pasado, 1.8 millones m\u00e1s que las [&hellip;]<\/p>\n","protected":false},"author":6,"featured_media":55308,"comment_status":"closed","ping_status":"closed","sticky":false,"template":"","format":"standard","meta":{"_acf_changed":false,"_monsterinsights_skip_tracking":false,"slim_seo":{"title":"La pandemia de Covid hered\u00f3 un d\u00e9ficit de 1.4 millones de empleos en M\u00e9xico - Opini\u00f3n P\u00fablica","description":"El mercado laboral arrastra un d\u00e9ficit de 1.4 millones de empleos formales que hered\u00f3 de la pandemia de Covid-19, de acuerdo con investigadores y analistas. Los"},"footnotes":""},"categories":[3],"tags":[],"class_list":["post-55306","post","type-post","status-publish","format-standard","has-post-thumbnail","hentry","category-principal"],"acf":[],"_links":{"self":[{"href":"https:\/\/www.opinionpublica.tv\/portada\/wp-json\/wp\/v2\/posts\/55306","targetHints":{"allow":["GET"]}}],"collection":[{"href":"https:\/\/www.opinionpublica.tv\/portada\/wp-json\/wp\/v2\/posts"}],"about":[{"href":"https:\/\/www.opinionpublica.tv\/portada\/wp-json\/wp\/v2\/types\/post"}],"author":[{"embeddable":true,"href":"https:\/\/www.opinionpublica.tv\/portada\/wp-json\/wp\/v2\/users\/6"}],"replies":[{"embeddable":true,"href":"https:\/\/www.opinionpublica.tv\/portada\/wp-json\/wp\/v2\/comments?post=55306"}],"version-history":[{"count":2,"href":"https:\/\/www.opinionpublica.tv\/portada\/wp-json\/wp\/v2\/posts\/55306\/revisions"}],"predecessor-version":[{"id":55310,"href":"https:\/\/www.opinionpublica.tv\/portada\/wp-json\/wp\/v2\/posts\/55306\/revisions\/55310"}],"wp:featuredmedia":[{"embeddable":true,"href":"https:\/\/www.opinionpublica.tv\/portada\/wp-json\/wp\/v2\/media\/55308"}],"wp:attachment":[{"href":"https:\/\/www.opinionpublica.tv\/portada\/wp-json\/wp\/v2\/media?parent=55306"}],"wp:term":[{"taxonomy":"category","embeddable":true,"href":"https:\/\/www.opinionpublica.tv\/portada\/wp-json\/wp\/v2\/categories?post=55306"},{"taxonomy":"post_tag","embeddable":true,"href":"https:\/\/www.opinionpublica.tv\/portada\/wp-json\/wp\/v2\/tags?post=55306"}],"curies":[{"name":"wp","href":"https:\/\/api.w.org\/{rel}","templated":true}]}}