{"id":55286,"date":"2025-03-17T00:01:00","date_gmt":"2025-03-17T06:01:00","guid":{"rendered":"https:\/\/www.opinionpublica.tv\/portada\/?p=55286"},"modified":"2025-03-15T18:35:22","modified_gmt":"2025-03-16T00:35:22","slug":"amlo-y-el-sexenio-que-le-abrio-la-puerta-al-horror-hector-de-mauleon","status":"publish","type":"post","link":"https:\/\/www.opinionpublica.tv\/portada\/amlo-y-el-sexenio-que-le-abrio-la-puerta-al-horror-hector-de-mauleon\/","title":{"rendered":"Video: AMLO y el sexenio que le abri\u00f3 la puerta al horror: H\u00e9ctor de Maule\u00f3n | Latinus"},"content":{"rendered":"\n<figure class=\"wp-block-embed is-type-video is-provider-youtube wp-block-embed-youtube wp-embed-aspect-16-9 wp-has-aspect-ratio\"><div class=\"wp-block-embed__wrapper\">\n<iframe title=\"AMLO y el sexenio que le abri\u00f3 la puerta al horror: H\u00e9ctor de Maule\u00f3n\" width=\"800\" height=\"450\" src=\"https:\/\/www.youtube.com\/embed\/MKcgms9ZDws?feature=oembed\" frameborder=\"0\" allow=\"accelerometer; autoplay; clipboard-write; encrypted-media; gyroscope; picture-in-picture; web-share\" referrerpolicy=\"strict-origin-when-cross-origin\" allowfullscreen><\/iframe>\n<\/div><\/figure>\n\n\n\n<p class=\"wp-block-paragraph\">El periodista e historiador mexicano, H\u00e9ctor de Maule\u00f3n, recuerda la forma en que el expresidente Andr\u00e9s Manuel L\u00f3pez Obrador neg\u00f3 la violencia, siendo que en su sexenio desaparecieron 50 mil personas y fueron halladas 3 mil fosas clandestinas.<\/p>\n\n\n\n<p class=\"wp-block-paragraph\"><em>Cr\u00e9ditos: Latinus<\/em>.<\/p>\n","protected":false},"excerpt":{"rendered":"<p>El periodista e historiador mexicano, H\u00e9ctor de Maule\u00f3n, recuerda la forma en que el expresidente Andr\u00e9s Manuel L\u00f3pez Obrador neg\u00f3 la violencia, siendo que en su sexenio desaparecieron 50 mil personas y fueron halladas 3 mil fosas clandestinas. Cr\u00e9ditos: Latinus.<\/p>\n","protected":false},"author":6,"featured_media":55289,"comment_status":"closed","ping_status":"closed","sticky":false,"template":"","format":"standard","meta":{"_acf_changed":false,"_monsterinsights_skip_tracking":false,"slim_seo":{"title":"Video: AMLO y el sexenio que le abri\u00f3 la puerta al horror: H\u00e9ctor de Maule\u00f3n | Latinus - Opini\u00f3n P\u00fablica","description":"https:\/\/youtu.be\/MKcgms9ZDws?si=O3QiaHZkyCLxxjZf El periodista e historiador mexicano, H\u00e9ctor de Maule\u00f3n, recuerda la forma en que el expresidente Andr\u00e9s Manuel"},"footnotes":""},"categories":[13,2,8],"tags":[],"class_list":["post-55286","post","type-post","status-publish","format-standard","has-post-thumbnail","hentry","category-videos-destacados-contenido","category-videos-destacados","category-videos"],"acf":[],"_links":{"self":[{"href":"https:\/\/www.opinionpublica.tv\/portada\/wp-json\/wp\/v2\/posts\/55286","targetHints":{"allow":["GET"]}}],"collection":[{"href":"https:\/\/www.opinionpublica.tv\/portada\/wp-json\/wp\/v2\/posts"}],"about":[{"href":"https:\/\/www.opinionpublica.tv\/portada\/wp-json\/wp\/v2\/types\/post"}],"author":[{"embeddable":true,"href":"https:\/\/www.opinionpublica.tv\/portada\/wp-json\/wp\/v2\/users\/6"}],"replies":[{"embeddable":true,"href":"https:\/\/www.opinionpublica.tv\/portada\/wp-json\/wp\/v2\/comments?post=55286"}],"version-history":[{"count":3,"href":"https:\/\/www.opinionpublica.tv\/portada\/wp-json\/wp\/v2\/posts\/55286\/revisions"}],"predecessor-version":[{"id":55290,"href":"https:\/\/www.opinionpublica.tv\/portada\/wp-json\/wp\/v2\/posts\/55286\/revisions\/55290"}],"wp:featuredmedia":[{"embeddable":true,"href":"https:\/\/www.opinionpublica.tv\/portada\/wp-json\/wp\/v2\/media\/55289"}],"wp:attachment":[{"href":"https:\/\/www.opinionpublica.tv\/portada\/wp-json\/wp\/v2\/media?parent=55286"}],"wp:term":[{"taxonomy":"category","embeddable":true,"href":"https:\/\/www.opinionpublica.tv\/portada\/wp-json\/wp\/v2\/categories?post=55286"},{"taxonomy":"post_tag","embeddable":true,"href":"https:\/\/www.opinionpublica.tv\/portada\/wp-json\/wp\/v2\/tags?post=55286"}],"curies":[{"name":"wp","href":"https:\/\/api.w.org\/{rel}","templated":true}]}}