{"id":55237,"date":"2025-03-17T00:01:00","date_gmt":"2025-03-17T06:01:00","guid":{"rendered":"https:\/\/www.opinionpublica.tv\/portada\/?p=55237"},"modified":"2025-03-14T18:48:49","modified_gmt":"2025-03-15T00:48:49","slug":"efemerides-17-de-marzo-8","status":"publish","type":"post","link":"https:\/\/www.opinionpublica.tv\/portada\/efemerides-17-de-marzo-8\/","title":{"rendered":"Efem\u00e9rides 17 de marzo"},"content":{"rendered":"\n<p class=\"wp-block-paragraph\"><em>Un d\u00eda 17 de marzo como hoy, pero de 1959, el Dalai Lama, Tenzin Gyatso, m\u00e1xima autoridad pol\u00edtica y religiosa para los budistas tibetanos, abandona su pa\u00eds disfrazado de soldado. Dos semanas despu\u00e9s lleg\u00f3 a territorio de la India<\/em>.<\/p>\n\n\n\n<figure class=\"wp-block-image size-full\"><img fetchpriority=\"high\" decoding=\"async\" width=\"750\" height=\"424\" src=\"https:\/\/www.opinionpublica.tv\/portada\/wp-content\/uploads\/2025\/03\/1959-el-Dalai-Lama-Tenzin-Gyatso-maxima-autoridad-politica-y-religiosa-para-los-budistas-tibetanos-abandona-su-pais-disfrazado-de-soldado.jpg\" alt=\"1959, el dalai lama, tenzin gyatso, ma\u0301xima autoridad poli\u0301tica y religiosa para los budistas tibetanos, abandona su pai\u0301s disfrazado de soldado\" class=\"wp-image-55238\" srcset=\"https:\/\/www.opinionpublica.tv\/portada\/wp-content\/uploads\/2025\/03\/1959-el-Dalai-Lama-Tenzin-Gyatso-maxima-autoridad-politica-y-religiosa-para-los-budistas-tibetanos-abandona-su-pais-disfrazado-de-soldado.jpg 750w, https:\/\/www.opinionpublica.tv\/portada\/wp-content\/uploads\/2025\/03\/1959-el-Dalai-Lama-Tenzin-Gyatso-maxima-autoridad-politica-y-religiosa-para-los-budistas-tibetanos-abandona-su-pais-disfrazado-de-soldado-300x170.jpg 300w\" sizes=\"(max-width: 750px) 100vw, 750px\" \/><\/figure>\n\n\n\n<p class=\"wp-block-paragraph\"><strong>Otras efem\u00e9rides<\/strong><\/p>\n\n\n\n<p class=\"wp-block-paragraph\">1776.- Las tropas inglesas abandonan la ciudad de Boston, con lo que se da paso a la declaraci\u00f3n de la independencia de Estados Unidos, proclamada el 4 de julio del mismo a\u00f1o.<\/p>\n\n\n\n<p class=\"wp-block-paragraph\">1824.- En virtud del Tratado de Londres, Holanda cede Malaca a Gran Breta\u00f1a, a cambio de las posesiones brit\u00e1nicas en Sumatra.<\/p>\n\n\n\n<p class=\"wp-block-paragraph\">1842.- Nicaragua, El Salvador y Honduras firman una Convenci\u00f3n que acuerda la formaci\u00f3n de un gobierno nacional provisional.<\/p>\n\n\n\n<p class=\"wp-block-paragraph\">1889.- Llega a la localidad argentina de Catamarca el primer tren, procedente de Buenos Aires, tras realizar un recorrido de 1.200 kil\u00f3metros.<\/p>\n\n\n\n<p class=\"wp-block-paragraph\">1903.- Fundaci\u00f3n en Buenos Aires del equipo de f\u00fatbol Racing Club, uno de los m\u00e1s populares de Argentina.<\/p>\n\n\n\n<p class=\"wp-block-paragraph\">1934.- Inicia su actividad art\u00edstica la Sociedad Argentina de Conciertos.<\/p>\n\n\n\n<p class=\"wp-block-paragraph\">1948.- Firma del Tratado de Bruselas entre B\u00e9lgica, Holanda, Luxemburgo, Francia y Gran Breta\u00f1a, precursor de la Organizaci\u00f3n del Tratado del Atl\u00e1ntico Norte (OTAN).<\/p>\n\n\n\n<p class=\"wp-block-paragraph\">1966.- Chang Kai-Chek es reelegido por cuarta y \u00faltima vez presidente de Taiwan.<\/p>\n\n\n\n<p class=\"wp-block-paragraph\">1969.- Golda Meir se convierte en la primera mujer en alcanzar el puesto de primer ministro en Israel.<\/p>\n\n\n\n<p class=\"wp-block-paragraph\">1978.- Bolivia rompe relaciones diplom\u00e1ticas con Chile.<\/p>\n\n\n\n<p class=\"wp-block-paragraph\">1992.- Los presidentes de Guatemala, Jorge Serrano, y El Salvador, Alfredo Cristiani, firman un Acuerdo de Libre Comercio e integraci\u00f3n Econ\u00f3mica.<\/p>\n\n\n\n<p class=\"wp-block-paragraph\">1992.- Sud\u00e1frica decide en refer\u00e9ndum poner fin al \u00abapartheid\u00bb y respaldar las negociaciones tendentes a una sociedad democr\u00e1tica multirracial.<\/p>\n\n\n\n<p class=\"wp-block-paragraph\">1998.- El movimiento de los Sin Tierra ocupa varias sedes de instituciones brasile\u00f1as en protesta por la falta de cr\u00e9ditos y recursos para afrontar la reforma agraria.<\/p>\n\n\n\n<p class=\"wp-block-paragraph\">2000.- M\u00e1s de 500 seguidores de la secta religiosa \u00abRestauraci\u00f3n de los Diez Mandamientos de Dios\u00bb se encierran y se queman en una iglesia de Kanunga, Uganda.<\/p>\n\n\n\n<p class=\"wp-block-paragraph\">2008.- El Gobierno cubano de Ra\u00fal Castro levanta a los agricultores la prohibici\u00f3n de comercializar sus productos.<\/p>\n\n\n\n<p class=\"wp-block-paragraph\">2011.- El Consejo de Seguridad de la ONU autoriza \u00abtodas las medidas necesarias\u00bb para proteger a la poblaci\u00f3n y establecer una zona de exclusi\u00f3n a\u00e9rea en Libia.<\/p>\n\n\n\n<p class=\"wp-block-paragraph\">2020.- China dice haber desarrollado con \u00e9xito una vacuna contra el coronavirus.<\/p>\n\n\n\n<p class=\"wp-block-paragraph\">2023.- La Corte penal Internacional emite orden de arresto contra Putin por deportaci\u00f3n ilegal de ni\u00f1os ucranianos a Rusia.<\/p>\n\n\n\n<p class=\"wp-block-paragraph\"><strong>Nacimientos<\/strong><\/p>\n\n\n\n<p class=\"wp-block-paragraph\">1834.- Te\u00f3filo Daimler, ingeniero alem\u00e1n, primer constructor del motor de explosi\u00f3n para autom\u00f3viles.<\/p>\n\n\n\n<p class=\"wp-block-paragraph\">1839.- Sully Prudhomme, poeta franc\u00e9s, premio Nobel 1901.<\/p>\n\n\n\n<p class=\"wp-block-paragraph\">1914.- Juan Carlos Ongaina, pol\u00edtico y militar argentino.<\/p>\n\n\n\n<p class=\"wp-block-paragraph\">1919.- Nathaniel Adams Coles, conocido como \u00abNat King Cole\u00bb, cantante estadounidense.<\/p>\n\n\n\n<p class=\"wp-block-paragraph\">1935.- Luis Goytisolo, escritor espa\u00f1ol.<\/p>\n\n\n\n<p class=\"wp-block-paragraph\">1938.- Rudolf Nureyev, bailar\u00edn y core\u00f3grafo sovi\u00e9tico.<\/p>\n\n\n\n<p class=\"wp-block-paragraph\">1945.- Elis Regina, cantante brasile\u00f1a.<\/p>\n\n\n\n<p class=\"wp-block-paragraph\">1948.- William Gibson, escritor canadiense de ciencia ficci\u00f3n, uno de los padres de la corriente de ciencia ficci\u00f3n conocida como \u00abciyberpunk\u00bb.<\/p>\n\n\n\n<p class=\"wp-block-paragraph\">1951.- Kurt Russell, actor estadounidense.<\/p>\n\n\n\n<p class=\"wp-block-paragraph\">1964.- Rob Lowe, actor estadounidense.<\/p>\n\n\n\n<p class=\"wp-block-paragraph\">1969.- Alexander McQueen, dise\u00f1ador de moda brit\u00e1nico.<\/p>\n\n\n\n<p class=\"wp-block-paragraph\"><strong>Defunciones<\/strong><\/p>\n\n\n\n<p class=\"wp-block-paragraph\">1584.- Ivan \u00abEl Terrible\u00bb, zar ruso.<\/p>\n\n\n\n<p class=\"wp-block-paragraph\">1680.- Francois de la Rochefoucauld, escritor franc\u00e9s.<\/p>\n\n\n\n<p class=\"wp-block-paragraph\">1855.- Ram\u00f3n Carnicer, compositor espa\u00f1ol.<\/p>\n\n\n\n<p class=\"wp-block-paragraph\">1878.- Jos\u00e9 Amador de los R\u00edos, literato espa\u00f1ol.<\/p>\n\n\n\n<p class=\"wp-block-paragraph\">1910.- Joaqu\u00edn Valverde, compositor espa\u00f1ol.<\/p>\n\n\n\n<p class=\"wp-block-paragraph\">1960.- Fernando \u00c1lvarez de Sotomayor, pintor espa\u00f1ol.<\/p>\n\n\n\n<p class=\"wp-block-paragraph\">1969.- Daniel V\u00e1zquez D\u00edaz, pintor espa\u00f1ol.<\/p>\n\n\n\n<p class=\"wp-block-paragraph\">1976.- Luchino Visconti, director italiano de cine.<\/p>\n\n\n\n<p class=\"wp-block-paragraph\">1993.- Helen Hayes, actriz estadounidense.<\/p>\n\n\n\n<p class=\"wp-block-paragraph\">1995.- Jos\u00e9 Mar\u00eda Forqu\u00e9, director y productor espa\u00f1ol de cine.<\/p>\n\n\n\n<p class=\"wp-block-paragraph\">1996.- Ren\u00e9 Clement, director franc\u00e9s de cine.<\/p>\n\n\n\n<p class=\"wp-block-paragraph\">2010.- Alex Chilton, m\u00fasico estadounidense.<\/p>\n\n\n\n<p class=\"wp-block-paragraph\">2017.- Derek Walcott, escritor antillano.<\/p>\n\n\n\n<p class=\"wp-block-paragraph\">2019.- Richard Anthony Monsour, conocido como Dick Dale, guitarrista estadounidense, miembro del grupo The Ventures, pionero del sonido \u00absurf-rock\u00bb.<\/p>\n\n\n\n<p class=\"wp-block-paragraph\">2020.- Betty Williams, pacifista brit\u00e1nica premiada en 1976 con el Premio Nobel de la Paz. 2023.- Jorge Edwards, escritor hispano-chileno, Premio Cervantes 1999 (91 a\u00f1os).<\/p>\n","protected":false},"excerpt":{"rendered":"<p>Un d\u00eda 17 de marzo como hoy, pero de 1959, el Dalai Lama, Tenzin Gyatso, m\u00e1xima autoridad pol\u00edtica y religiosa para los budistas tibetanos, abandona su pa\u00eds disfrazado de soldado. Dos semanas despu\u00e9s lleg\u00f3 a territorio de la India. Otras efem\u00e9rides 1776.- Las tropas inglesas abandonan la ciudad de Boston, con lo que se da [&hellip;]<\/p>\n","protected":false},"author":6,"featured_media":55238,"comment_status":"closed","ping_status":"closed","sticky":false,"template":"","format":"standard","meta":{"_acf_changed":false,"_monsterinsights_skip_tracking":false,"slim_seo":{"title":"Efem\u00e9rides 17 de marzo - Opini\u00f3n P\u00fablica","description":"Un d\u00eda 17 de marzo como hoy, pero de 1959, el Dalai Lama, Tenzin Gyatso, m\u00e1xima autoridad pol\u00edtica y religiosa para los budistas tibetanos, abandona su pa\u00eds dis"},"footnotes":""},"categories":[27],"tags":[],"class_list":["post-55237","post","type-post","status-publish","format-standard","has-post-thumbnail","hentry","category-un-dia-como-hoy"],"acf":[],"_links":{"self":[{"href":"https:\/\/www.opinionpublica.tv\/portada\/wp-json\/wp\/v2\/posts\/55237","targetHints":{"allow":["GET"]}}],"collection":[{"href":"https:\/\/www.opinionpublica.tv\/portada\/wp-json\/wp\/v2\/posts"}],"about":[{"href":"https:\/\/www.opinionpublica.tv\/portada\/wp-json\/wp\/v2\/types\/post"}],"author":[{"embeddable":true,"href":"https:\/\/www.opinionpublica.tv\/portada\/wp-json\/wp\/v2\/users\/6"}],"replies":[{"embeddable":true,"href":"https:\/\/www.opinionpublica.tv\/portada\/wp-json\/wp\/v2\/comments?post=55237"}],"version-history":[{"count":2,"href":"https:\/\/www.opinionpublica.tv\/portada\/wp-json\/wp\/v2\/posts\/55237\/revisions"}],"predecessor-version":[{"id":55240,"href":"https:\/\/www.opinionpublica.tv\/portada\/wp-json\/wp\/v2\/posts\/55237\/revisions\/55240"}],"wp:featuredmedia":[{"embeddable":true,"href":"https:\/\/www.opinionpublica.tv\/portada\/wp-json\/wp\/v2\/media\/55238"}],"wp:attachment":[{"href":"https:\/\/www.opinionpublica.tv\/portada\/wp-json\/wp\/v2\/media?parent=55237"}],"wp:term":[{"taxonomy":"category","embeddable":true,"href":"https:\/\/www.opinionpublica.tv\/portada\/wp-json\/wp\/v2\/categories?post=55237"},{"taxonomy":"post_tag","embeddable":true,"href":"https:\/\/www.opinionpublica.tv\/portada\/wp-json\/wp\/v2\/tags?post=55237"}],"curies":[{"name":"wp","href":"https:\/\/api.w.org\/{rel}","templated":true}]}}