{"id":55072,"date":"2025-03-12T00:01:00","date_gmt":"2025-03-12T06:01:00","guid":{"rendered":"https:\/\/www.opinionpublica.tv\/portada\/?p=55072"},"modified":"2025-03-11T22:35:53","modified_gmt":"2025-03-12T04:35:53","slug":"entrega-alcalde-cruz-perez-cuellar-rehabilitacion-de-la-secundaria-tecnica-41","status":"publish","type":"post","link":"https:\/\/www.opinionpublica.tv\/portada\/entrega-alcalde-cruz-perez-cuellar-rehabilitacion-de-la-secundaria-tecnica-41\/","title":{"rendered":"Entrega alcalde Cruz P\u00e9rez Cu\u00e9llar rehabilitaci\u00f3n de la Secundaria T\u00e9cnica 41"},"content":{"rendered":"\n<figure class=\"wp-block-image size-large\"><img fetchpriority=\"high\" decoding=\"async\" width=\"1024\" height=\"682\" src=\"https:\/\/www.opinionpublica.tv\/portada\/wp-content\/uploads\/2025\/03\/Entrega-alcalde-Cruz-Perez-Cuellar-rehabilitacion-de-la-Secundaria-Tecnica-41-1024x682.jpeg\" alt=\"Entrega alcalde cruz pe\u0301rez cue\u0301llar rehabilitacio\u0301n de la secundaria te\u0301cnica 41\" class=\"wp-image-55075\" srcset=\"https:\/\/www.opinionpublica.tv\/portada\/wp-content\/uploads\/2025\/03\/Entrega-alcalde-Cruz-Perez-Cuellar-rehabilitacion-de-la-Secundaria-Tecnica-41-1024x682.jpeg 1024w, https:\/\/www.opinionpublica.tv\/portada\/wp-content\/uploads\/2025\/03\/Entrega-alcalde-Cruz-Perez-Cuellar-rehabilitacion-de-la-Secundaria-Tecnica-41-300x200.jpeg 300w, https:\/\/www.opinionpublica.tv\/portada\/wp-content\/uploads\/2025\/03\/Entrega-alcalde-Cruz-Perez-Cuellar-rehabilitacion-de-la-Secundaria-Tecnica-41-768x512.jpeg 768w, https:\/\/www.opinionpublica.tv\/portada\/wp-content\/uploads\/2025\/03\/Entrega-alcalde-Cruz-Perez-Cuellar-rehabilitacion-de-la-Secundaria-Tecnica-41-1536x1023.jpeg 1536w, https:\/\/www.opinionpublica.tv\/portada\/wp-content\/uploads\/2025\/03\/Entrega-alcalde-Cruz-Perez-Cuellar-rehabilitacion-de-la-Secundaria-Tecnica-41.jpeg 1600w\" sizes=\"(max-width: 1024px) 100vw, 1024px\" \/><\/figure>\n\n\n\n<p class=\"wp-block-paragraph\"><em>Ciudad Ju\u00e1rez, Chih<\/em>.- Como parte de los trabajos de rehabilitaci\u00f3n de planteles educativos de la ciudad, el Presidente Municipal, Cruz P\u00e9rez Cu\u00e9llar, entreg\u00f3 a los alumnos y docentes de la Escuela Secundaria T\u00e9cnica 41 la restauraci\u00f3n de pintura en el plantel y un domo que los cubrir\u00e1 de las inclemencias del clima.<\/p>\n\n\n\n<p class=\"wp-block-paragraph\">\u201cVer el domo, la rehabilitaci\u00f3n, la calle pavimentada, inclusive una cancha que vi por ac\u00e1, tambi\u00e9n la hicimos nosotros hace m\u00e1s de tres a\u00f1os, veo que hemos hecho muchas cosas por aqu\u00ed, yo s\u00e9 que nos falta mucho por hacer, pero vamos a seguir trabajando, primero porque el tesoro m\u00e1s grande que tenemos son ustedes, las y los j\u00f3venes y es donde tenemos que invertir, porque es donde estar\u00e1 el futuro de nuestra ciudad\u201d, expres\u00f3 el alcalde.<\/p>\n\n\n\n<p class=\"wp-block-paragraph\">El director del plantel, Manuel Machado Ant\u00fanez, coment\u00f3 que es un d\u00eda significativo para la comunidad estudiantil, pues se ha recibido un apoyo generoso por la administraci\u00f3n para el plantel.<\/p>\n\n\n\n<p class=\"wp-block-paragraph\">El maestro destac\u00f3 que los cambios han transformado a la escuela en un lugar m\u00e1s digno y adecuado para el aprendizaje y labores de estudiantes y docentes.<\/p>\n\n\n\n<p class=\"wp-block-paragraph\">Los trabajos realizados consistieron en la rehabilitaci\u00f3n, resanes y pintura de la escuela, as\u00ed como un domo escolar, trabajos efectuados con una inversi\u00f3n de 3 millones 899 mil 892 pesos de recursos municipales.<\/p>\n\n\n\n<p class=\"wp-block-paragraph\">En la entrega tambi\u00e9n estuvieron el estudiante Enrique Vidal Mota; Bertha Alicia Cruz, representante de los padres de familia; Daniel Gonz\u00e1lez Garc\u00eda, director general de Obras P\u00fablicas; Ismael Rueda Fern\u00e1ndez, coordinador de Infraestructura Educativa del Municipio; Guillermo Alv\u00eddrez, director de Educaci\u00f3n y el regidor e integrante de la Comisi\u00f3n de Educaci\u00f3n, Jorge Marcial Bueno Quiroz.<\/p>\n","protected":false},"excerpt":{"rendered":"<p>Ciudad Ju\u00e1rez, Chih.- Como parte de los trabajos de rehabilitaci\u00f3n de planteles educativos de la ciudad, el Presidente Municipal, Cruz P\u00e9rez Cu\u00e9llar, entreg\u00f3 a los alumnos y docentes de la Escuela Secundaria T\u00e9cnica 41 la restauraci\u00f3n de pintura en el plantel y un domo que los cubrir\u00e1 de las inclemencias del clima. \u201cVer el domo, [&hellip;]<\/p>\n","protected":false},"author":6,"featured_media":55075,"comment_status":"closed","ping_status":"closed","sticky":false,"template":"","format":"standard","meta":{"_acf_changed":false,"_monsterinsights_skip_tracking":false,"slim_seo":{"title":"Entrega alcalde Cruz P\u00e9rez Cu\u00e9llar rehabilitaci\u00f3n de la Secundaria T\u00e9cnica 41 - Opini\u00f3n P\u00fablica","description":"Ciudad Ju\u00e1rez, Chih .- Como parte de los trabajos de rehabilitaci\u00f3n de planteles educativos de la ciudad, el Presidente Municipal, Cruz P\u00e9rez Cu\u00e9llar, entreg\u00f3 a"},"footnotes":""},"categories":[41],"tags":[],"class_list":["post-55072","post","type-post","status-publish","format-standard","has-post-thumbnail","hentry","category-juarez"],"acf":[],"_links":{"self":[{"href":"https:\/\/www.opinionpublica.tv\/portada\/wp-json\/wp\/v2\/posts\/55072","targetHints":{"allow":["GET"]}}],"collection":[{"href":"https:\/\/www.opinionpublica.tv\/portada\/wp-json\/wp\/v2\/posts"}],"about":[{"href":"https:\/\/www.opinionpublica.tv\/portada\/wp-json\/wp\/v2\/types\/post"}],"author":[{"embeddable":true,"href":"https:\/\/www.opinionpublica.tv\/portada\/wp-json\/wp\/v2\/users\/6"}],"replies":[{"embeddable":true,"href":"https:\/\/www.opinionpublica.tv\/portada\/wp-json\/wp\/v2\/comments?post=55072"}],"version-history":[{"count":2,"href":"https:\/\/www.opinionpublica.tv\/portada\/wp-json\/wp\/v2\/posts\/55072\/revisions"}],"predecessor-version":[{"id":55076,"href":"https:\/\/www.opinionpublica.tv\/portada\/wp-json\/wp\/v2\/posts\/55072\/revisions\/55076"}],"wp:featuredmedia":[{"embeddable":true,"href":"https:\/\/www.opinionpublica.tv\/portada\/wp-json\/wp\/v2\/media\/55075"}],"wp:attachment":[{"href":"https:\/\/www.opinionpublica.tv\/portada\/wp-json\/wp\/v2\/media?parent=55072"}],"wp:term":[{"taxonomy":"category","embeddable":true,"href":"https:\/\/www.opinionpublica.tv\/portada\/wp-json\/wp\/v2\/categories?post=55072"},{"taxonomy":"post_tag","embeddable":true,"href":"https:\/\/www.opinionpublica.tv\/portada\/wp-json\/wp\/v2\/tags?post=55072"}],"curies":[{"name":"wp","href":"https:\/\/api.w.org\/{rel}","templated":true}]}}