{"id":55061,"date":"2025-03-12T00:01:00","date_gmt":"2025-03-12T06:01:00","guid":{"rendered":"https:\/\/www.opinionpublica.tv\/portada\/?p=55061"},"modified":"2025-03-11T22:24:07","modified_gmt":"2025-03-12T04:24:07","slug":"exhortan-a-emprendedores-locales-a-participar-en-ferias-de-productos-regionales","status":"publish","type":"post","link":"https:\/\/www.opinionpublica.tv\/portada\/exhortan-a-emprendedores-locales-a-participar-en-ferias-de-productos-regionales\/","title":{"rendered":"Exhortan a emprendedores locales a participar en ferias de Productos Regionales"},"content":{"rendered":"\n<figure class=\"wp-block-image size-large\"><img fetchpriority=\"high\" decoding=\"async\" width=\"1024\" height=\"576\" src=\"https:\/\/www.opinionpublica.tv\/portada\/wp-content\/uploads\/2025\/03\/Exhortan-a-emprendedores-locales-a-participar-en-ferias-de-Productos-Regionales-1024x576.jpeg\" alt=\"Exhortan a emprendedores locales a participar en ferias de productos regionales\" class=\"wp-image-55063\" srcset=\"https:\/\/www.opinionpublica.tv\/portada\/wp-content\/uploads\/2025\/03\/Exhortan-a-emprendedores-locales-a-participar-en-ferias-de-Productos-Regionales-1024x576.jpeg 1024w, https:\/\/www.opinionpublica.tv\/portada\/wp-content\/uploads\/2025\/03\/Exhortan-a-emprendedores-locales-a-participar-en-ferias-de-Productos-Regionales-300x169.jpeg 300w, https:\/\/www.opinionpublica.tv\/portada\/wp-content\/uploads\/2025\/03\/Exhortan-a-emprendedores-locales-a-participar-en-ferias-de-Productos-Regionales-768x432.jpeg 768w, https:\/\/www.opinionpublica.tv\/portada\/wp-content\/uploads\/2025\/03\/Exhortan-a-emprendedores-locales-a-participar-en-ferias-de-Productos-Regionales-1536x864.jpeg 1536w, https:\/\/www.opinionpublica.tv\/portada\/wp-content\/uploads\/2025\/03\/Exhortan-a-emprendedores-locales-a-participar-en-ferias-de-Productos-Regionales.jpeg 1600w\" sizes=\"(max-width: 1024px) 100vw, 1024px\" \/><\/figure>\n\n\n\n<p class=\"wp-block-paragraph\"><em>Chihuahua, Chih<\/em>.- La Secretar\u00eda de Desarrollo Rural, a trav\u00e9s de la Direcci\u00f3n de Agronegocios, llevar\u00e1 a cabo la segunda edici\u00f3n de las ferias de Productos Regionales en las ciudades de Chihuahua y Ju\u00e1rez, para lo cual, invita a los empresarios locales a exponer sus productos.<\/p>\n\n\n\n<p class=\"wp-block-paragraph\">Ambos eventos se desarrollar\u00e1n en las siguientes fechas y horarios:<\/p>\n\n\n\n<p class=\"wp-block-paragraph\">\u2022&nbsp; Chihuahua: 15 y 16 de marzo, de 9:00 a 18:00 horas, en la Plaza de Armas. Se realiza en conjunto con la Direcci\u00f3n de Desarrollo Rural del Gobierno Municipal<\/p>\n\n\n\n<p class=\"wp-block-paragraph\">\u2022&nbsp; Ju\u00e1rez: del 18 al 21 de marzo, de 9:00 a 15:00 horas, en Pueblito Mexicano<\/p>\n\n\n\n<p class=\"wp-block-paragraph\">El jefe del Departamento de Agroindustria, Alejandro Galicia Arias, pidi\u00f3 a los productores del sector agroalimentario no dejar pasar la oportunidad y aprovechar estos espacios para dar a conocer sus proyectos.<\/p>\n\n\n\n<p class=\"wp-block-paragraph\">Para mayor informaci\u00f3n y registros, llamar al tel\u00e9fono 614-229-3300, extensi\u00f3n 17739, o visitar las oficinas de la Secretar\u00eda de Desarrollo Rural, ubicada en avenida Divisi\u00f3n del Norte #2504, colonia Altavista, en Chihuahua capital.<\/p>\n","protected":false},"excerpt":{"rendered":"<p>Chihuahua, Chih.- La Secretar\u00eda de Desarrollo Rural, a trav\u00e9s de la Direcci\u00f3n de Agronegocios, llevar\u00e1 a cabo la segunda edici\u00f3n de las ferias de Productos Regionales en las ciudades de Chihuahua y Ju\u00e1rez, para lo cual, invita a los empresarios locales a exponer sus productos. Ambos eventos se desarrollar\u00e1n en las siguientes fechas y horarios: [&hellip;]<\/p>\n","protected":false},"author":6,"featured_media":55063,"comment_status":"closed","ping_status":"closed","sticky":false,"template":"","format":"standard","meta":{"_acf_changed":false,"_monsterinsights_skip_tracking":false,"slim_seo":{"title":"Exhortan a emprendedores locales a participar en ferias de Productos Regionales - Opini\u00f3n P\u00fablica","description":"Chihuahua, Chih .- La Secretar\u00eda de Desarrollo Rural, a trav\u00e9s de la Direcci\u00f3n de Agronegocios, llevar\u00e1 a cabo la segunda edici\u00f3n de las ferias de Productos Reg"},"footnotes":""},"categories":[11],"tags":[],"class_list":["post-55061","post","type-post","status-publish","format-standard","has-post-thumbnail","hentry","category-tendencias"],"acf":[],"_links":{"self":[{"href":"https:\/\/www.opinionpublica.tv\/portada\/wp-json\/wp\/v2\/posts\/55061","targetHints":{"allow":["GET"]}}],"collection":[{"href":"https:\/\/www.opinionpublica.tv\/portada\/wp-json\/wp\/v2\/posts"}],"about":[{"href":"https:\/\/www.opinionpublica.tv\/portada\/wp-json\/wp\/v2\/types\/post"}],"author":[{"embeddable":true,"href":"https:\/\/www.opinionpublica.tv\/portada\/wp-json\/wp\/v2\/users\/6"}],"replies":[{"embeddable":true,"href":"https:\/\/www.opinionpublica.tv\/portada\/wp-json\/wp\/v2\/comments?post=55061"}],"version-history":[{"count":2,"href":"https:\/\/www.opinionpublica.tv\/portada\/wp-json\/wp\/v2\/posts\/55061\/revisions"}],"predecessor-version":[{"id":55065,"href":"https:\/\/www.opinionpublica.tv\/portada\/wp-json\/wp\/v2\/posts\/55061\/revisions\/55065"}],"wp:featuredmedia":[{"embeddable":true,"href":"https:\/\/www.opinionpublica.tv\/portada\/wp-json\/wp\/v2\/media\/55063"}],"wp:attachment":[{"href":"https:\/\/www.opinionpublica.tv\/portada\/wp-json\/wp\/v2\/media?parent=55061"}],"wp:term":[{"taxonomy":"category","embeddable":true,"href":"https:\/\/www.opinionpublica.tv\/portada\/wp-json\/wp\/v2\/categories?post=55061"},{"taxonomy":"post_tag","embeddable":true,"href":"https:\/\/www.opinionpublica.tv\/portada\/wp-json\/wp\/v2\/tags?post=55061"}],"curies":[{"name":"wp","href":"https:\/\/api.w.org\/{rel}","templated":true}]}}