{"id":55056,"date":"2025-03-12T00:01:00","date_gmt":"2025-03-12T06:01:00","guid":{"rendered":"https:\/\/www.opinionpublica.tv\/portada\/?p=55056"},"modified":"2025-03-11T22:20:33","modified_gmt":"2025-03-12T04:20:33","slug":"invita-universidad-pedagogica-a-cursar-sus-estudios-de-licenciatura-o-posgrado","status":"publish","type":"post","link":"https:\/\/www.opinionpublica.tv\/portada\/invita-universidad-pedagogica-a-cursar-sus-estudios-de-licenciatura-o-posgrado\/","title":{"rendered":"Universidad Pedag\u00f3gica invita a cursar sus estudios de licenciatura o posgrado"},"content":{"rendered":"\n<figure class=\"wp-block-image size-large\"><img fetchpriority=\"high\" decoding=\"async\" width=\"1024\" height=\"768\" src=\"https:\/\/www.opinionpublica.tv\/portada\/wp-content\/uploads\/2025\/03\/Universidad-Pedagogica-invita-a-cursar-sus-estudios-de-licenciatura-o-posgrado-1024x768.jpeg\" alt=\"Universidad pedago\u0301gica invita a cursar sus estudios de licenciatura o posgrado\" class=\"wp-image-55059\" srcset=\"https:\/\/www.opinionpublica.tv\/portada\/wp-content\/uploads\/2025\/03\/Universidad-Pedagogica-invita-a-cursar-sus-estudios-de-licenciatura-o-posgrado-1024x768.jpeg 1024w, https:\/\/www.opinionpublica.tv\/portada\/wp-content\/uploads\/2025\/03\/Universidad-Pedagogica-invita-a-cursar-sus-estudios-de-licenciatura-o-posgrado-300x225.jpeg 300w, https:\/\/www.opinionpublica.tv\/portada\/wp-content\/uploads\/2025\/03\/Universidad-Pedagogica-invita-a-cursar-sus-estudios-de-licenciatura-o-posgrado-768x576.jpeg 768w, https:\/\/www.opinionpublica.tv\/portada\/wp-content\/uploads\/2025\/03\/Universidad-Pedagogica-invita-a-cursar-sus-estudios-de-licenciatura-o-posgrado-1536x1152.jpeg 1536w, https:\/\/www.opinionpublica.tv\/portada\/wp-content\/uploads\/2025\/03\/Universidad-Pedagogica-invita-a-cursar-sus-estudios-de-licenciatura-o-posgrado.jpeg 1600w\" sizes=\"(max-width: 1024px) 100vw, 1024px\" \/><\/figure>\n\n\n\n<p class=\"wp-block-paragraph\"><em>Chihuahua, Chih<\/em>.- La Universidad Pedag\u00f3gica Nacional del Estado de Chihuahua (Upnech), convoca a j\u00f3venes que concluyeron o est\u00e1n por terminar sus estudios de nivel Medio Superior, as\u00ed como a profesionistas que buscan continuar su preparaci\u00f3n acad\u00e9mica, a cursar alguno de sus programas de licenciatura o posgrado.<\/p>\n\n\n\n<p class=\"wp-block-paragraph\">El periodo de entrega de fichas abri\u00f3 este 10 de marzo y finaliza el 7 de junio, con la aplicaci\u00f3n del examen de admisi\u00f3n para las y los aspirantes a cursar alguna licenciatura presencial, programada para el 14 de junio, y la publicaci\u00f3n de resultados el 28 del mismo mes.<\/p>\n\n\n\n<p class=\"wp-block-paragraph\">En el caso del \u00c1rea de Posgrado, el proceso de admisi\u00f3n ser\u00e1 de acuerdo a lo que dictamine cada Unidad Acad\u00e9mica.<\/p>\n\n\n\n<p class=\"wp-block-paragraph\">La instituci\u00f3n cuenta con 12 unidades ubicadas en Camargo, Chihuahua, Creel, Cuauht\u00e9moc, Delicias, Guachochi, Guadalupe y Calvo, Ciudad Ju\u00e1rez, Madera, Nuevo Casas Grandes, Parral y su Unidad Virtual.<\/p>\n\n\n\n<p class=\"wp-block-paragraph\">La Upnech oferta las licenciaturas en Pedagog\u00eda, en Intervenci\u00f3n Educativa, y en Educaci\u00f3n y Desarrollo Comunitario.<\/p>\n\n\n\n<p class=\"wp-block-paragraph\">As\u00ed como la Licenciatura en Educaci\u00f3n Plan \u201994 Actualizado, dirigida a docentes del sistema federal egresados de las Normales o los Centros de Atenci\u00f3n M\u00faltiple (CAM).<\/p>\n\n\n\n<p class=\"wp-block-paragraph\">Adem\u00e1s, cuenta con siete maestr\u00edas: en Educaci\u00f3n, Educaci\u00f3n B\u00e1sica, Educaci\u00f3n Campo Pr\u00e1ctica Docente, en Gesti\u00f3n Educativa, Educaci\u00f3n Intercultural, Educaci\u00f3n Campo Pr\u00e1ctica Docente e Integraci\u00f3n Cultural, y en Educaci\u00f3n Rural.<\/p>\n\n\n\n<p class=\"wp-block-paragraph\">La Unidad Virtual oferta para la nivelaci\u00f3n de docentes en activo la Licenciatura en Educaci\u00f3n Preescolar o en Educaci\u00f3n Primaria.<\/p>\n\n\n\n<p class=\"wp-block-paragraph\">As\u00ed como tambi\u00e9n las maestr\u00edas en Educaci\u00f3n B\u00e1sica, en Educaci\u00f3n Media Superior, en Educaci\u00f3n Rural, y la Especialidad en Atenci\u00f3n Integral de la Violencia Sexual en la Ni\u00f1ez y Adolescencia.<\/p>\n\n\n\n<p class=\"wp-block-paragraph\">El objetivo es brindar las herramientas necesarias a las y los prospectos, para que eval\u00faen las opciones educativas que tienen a su alcance y elijan la opci\u00f3n que mejor se adapte a sus posibilidades y deseos de formaci\u00f3n profesional.<\/p>\n\n\n\n<p class=\"wp-block-paragraph\">Para mayor informaci\u00f3n, las y los interesados pueden acceder a la p\u00e1gina oficial www.upnech.edu.mx, donde encontrar\u00e1n las bases y requisitos completos.<\/p>\n","protected":false},"excerpt":{"rendered":"<p>Chihuahua, Chih.- La Universidad Pedag\u00f3gica Nacional del Estado de Chihuahua (Upnech), convoca a j\u00f3venes que concluyeron o est\u00e1n por terminar sus estudios de nivel Medio Superior, as\u00ed como a profesionistas que buscan continuar su preparaci\u00f3n acad\u00e9mica, a cursar alguno de sus programas de licenciatura o posgrado. El periodo de entrega de fichas abri\u00f3 este 10 [&hellip;]<\/p>\n","protected":false},"author":6,"featured_media":55059,"comment_status":"closed","ping_status":"closed","sticky":false,"template":"","format":"standard","meta":{"_acf_changed":false,"_monsterinsights_skip_tracking":false,"slim_seo":{"title":"Universidad Pedag\u00f3gica invita a cursar sus estudios de licenciatura o posgrado - Opini\u00f3n P\u00fablica","description":"Chihuahua, Chih .- La Universidad Pedag\u00f3gica Nacional del Estado de Chihuahua (Upnech), convoca a j\u00f3venes que concluyeron o est\u00e1n por terminar sus estudios de n"},"footnotes":""},"categories":[11],"tags":[],"class_list":["post-55056","post","type-post","status-publish","format-standard","has-post-thumbnail","hentry","category-tendencias"],"acf":[],"_links":{"self":[{"href":"https:\/\/www.opinionpublica.tv\/portada\/wp-json\/wp\/v2\/posts\/55056","targetHints":{"allow":["GET"]}}],"collection":[{"href":"https:\/\/www.opinionpublica.tv\/portada\/wp-json\/wp\/v2\/posts"}],"about":[{"href":"https:\/\/www.opinionpublica.tv\/portada\/wp-json\/wp\/v2\/types\/post"}],"author":[{"embeddable":true,"href":"https:\/\/www.opinionpublica.tv\/portada\/wp-json\/wp\/v2\/users\/6"}],"replies":[{"embeddable":true,"href":"https:\/\/www.opinionpublica.tv\/portada\/wp-json\/wp\/v2\/comments?post=55056"}],"version-history":[{"count":3,"href":"https:\/\/www.opinionpublica.tv\/portada\/wp-json\/wp\/v2\/posts\/55056\/revisions"}],"predecessor-version":[{"id":55060,"href":"https:\/\/www.opinionpublica.tv\/portada\/wp-json\/wp\/v2\/posts\/55056\/revisions\/55060"}],"wp:featuredmedia":[{"embeddable":true,"href":"https:\/\/www.opinionpublica.tv\/portada\/wp-json\/wp\/v2\/media\/55059"}],"wp:attachment":[{"href":"https:\/\/www.opinionpublica.tv\/portada\/wp-json\/wp\/v2\/media?parent=55056"}],"wp:term":[{"taxonomy":"category","embeddable":true,"href":"https:\/\/www.opinionpublica.tv\/portada\/wp-json\/wp\/v2\/categories?post=55056"},{"taxonomy":"post_tag","embeddable":true,"href":"https:\/\/www.opinionpublica.tv\/portada\/wp-json\/wp\/v2\/tags?post=55056"}],"curies":[{"name":"wp","href":"https:\/\/api.w.org\/{rel}","templated":true}]}}