{"id":55051,"date":"2025-03-12T00:01:00","date_gmt":"2025-03-12T06:01:00","guid":{"rendered":"https:\/\/www.opinionpublica.tv\/portada\/?p=55051"},"modified":"2025-03-11T22:13:19","modified_gmt":"2025-03-12T04:13:19","slug":"diputados-declaran-constitucional-la-reforma-antinepotismo-y-reeleccion-consecutiva","status":"publish","type":"post","link":"https:\/\/www.opinionpublica.tv\/portada\/diputados-declaran-constitucional-la-reforma-antinepotismo-y-reeleccion-consecutiva\/","title":{"rendered":"Diputados ya declararon constitucional la reforma antinepotismo y reelecci\u00f3n"},"content":{"rendered":"\n<figure class=\"wp-block-image size-large\"><img fetchpriority=\"high\" decoding=\"async\" width=\"1024\" height=\"683\" src=\"https:\/\/www.opinionpublica.tv\/portada\/wp-content\/uploads\/2025\/03\/Diputados-ya-declararon-constitucional-la-reforma-antinepotismo-y-reeleccion-1024x683.webp\" alt=\"Diputados ya declararon constitucional la reforma antinepotismo y reeleccio\u0301n\" class=\"wp-image-55054\" srcset=\"https:\/\/www.opinionpublica.tv\/portada\/wp-content\/uploads\/2025\/03\/Diputados-ya-declararon-constitucional-la-reforma-antinepotismo-y-reeleccion-1024x683.webp 1024w, https:\/\/www.opinionpublica.tv\/portada\/wp-content\/uploads\/2025\/03\/Diputados-ya-declararon-constitucional-la-reforma-antinepotismo-y-reeleccion-300x200.webp 300w, https:\/\/www.opinionpublica.tv\/portada\/wp-content\/uploads\/2025\/03\/Diputados-ya-declararon-constitucional-la-reforma-antinepotismo-y-reeleccion-768x512.webp 768w, https:\/\/www.opinionpublica.tv\/portada\/wp-content\/uploads\/2025\/03\/Diputados-ya-declararon-constitucional-la-reforma-antinepotismo-y-reeleccion.webp 1080w\" sizes=\"(max-width: 1024px) 100vw, 1024px\" \/><\/figure>\n\n\n\n<p class=\"wp-block-paragraph\"><em>Ciudad de M\u00e9xico<\/em>.- La C\u00e1mara de Diputados realiz\u00f3 este martes la declaratoria de constitucionalidad de la reforma que proh\u00edbe la reelecci\u00f3n consecutiva de legisladores y alcaldes, as\u00ed como el nepotismo electoral a partir de 2030.<\/p>\n\n\n\n<p class=\"wp-block-paragraph\">Al inicio de la primera sesi\u00f3n ordinaria de este martes, la Mesa Directiva dio cuenta que se recibi\u00f3 el reporte de 20 votos aprobatorios de los 32 congresos estatales y se envi\u00f3 al Senado, para que a su vez haga la declaratoria correspondiente.<\/p>\n\n\n\n<p class=\"wp-block-paragraph\">La Mesa Directiva report\u00f3 que las legislaturas con las cuales se declar\u00f3 la validez de la enmienda son Baja California, Campeche, Colima, Chiapas, Durango, Hidalgo, M\u00e9xico, Michoac\u00e1n, Morelos, Nayarit, Oaxaca, Quintana Roo, San Luis Potos\u00ed, Sinaloa, Sonora, Tabasco, Tamaulipas, Veracruz, Zacatecas y de la Ciudad de M\u00e9xico.<\/p>\n\n\n\n<p class=\"wp-block-paragraph\">Previamente, el coordinador del PRI, Rub\u00e9n Moreira, reproch\u00f3 que la C\u00e1mara de Diputados ha frenado la declaraci\u00f3n de constitucionalidad de los cambios para hacer obligatorio un salario profesional para maestros, m\u00e9dicos, enfermeras y personal militar.<\/p>\n\n\n\n<p class=\"wp-block-paragraph\">En conferencia de prensa, dijo que mientras en el Sistema de Informaci\u00f3n Legislativa, que maneja la Secretar\u00eda de Gobernaci\u00f3n, reporta que 31 congresos han validado la reforma en esa materia, la el Senado informa \u00fanicamente 16, lo que mantiene congelada la entrada en vigor de la medida.<\/p>\n\n\n\n<p class=\"wp-block-paragraph\">\u201cEl tr\u00e1mite ha quedado trunco, porque no se puede hacer la declaratoria. Hay una maquinaci\u00f3n de Morena para no hacer la declaratoria de esta reforma, que se aprob\u00f3 con los votos de todos los partidos. Se congel\u00f3 antes de aprobarse el presupuesto\u201d, sostuvo. Moreira consider\u00f3 que \u201cel Senado esconde las declaratorias\u2026 hablamos de un acto grav\u00edsimo, porque se burla la voluntad popular y la de los legisladores. \u00bfPor qu\u00e9 no se ha publicado? Porque el gobierno est\u00e1 quebrado\u201d. (La Jornada)<\/p>\n","protected":false},"excerpt":{"rendered":"<p>Ciudad de M\u00e9xico.- La C\u00e1mara de Diputados realiz\u00f3 este martes la declaratoria de constitucionalidad de la reforma que proh\u00edbe la reelecci\u00f3n consecutiva de legisladores y alcaldes, as\u00ed como el nepotismo electoral a partir de 2030. Al inicio de la primera sesi\u00f3n ordinaria de este martes, la Mesa Directiva dio cuenta que se recibi\u00f3 el reporte [&hellip;]<\/p>\n","protected":false},"author":6,"featured_media":55054,"comment_status":"closed","ping_status":"closed","sticky":false,"template":"","format":"standard","meta":{"_acf_changed":false,"_monsterinsights_skip_tracking":false,"slim_seo":{"title":"Diputados ya declararon constitucional la reforma antinepotismo y reelecci\u00f3n - Opini\u00f3n P\u00fablica","description":"Ciudad de M\u00e9xico .- La C\u00e1mara de Diputados realiz\u00f3 este martes la declaratoria de constitucionalidad de la reforma que proh\u00edbe la reelecci\u00f3n consecutiva de legi"},"footnotes":""},"categories":[4],"tags":[],"class_list":["post-55051","post","type-post","status-publish","format-standard","has-post-thumbnail","hentry","category-pulsopolitico"],"acf":[],"_links":{"self":[{"href":"https:\/\/www.opinionpublica.tv\/portada\/wp-json\/wp\/v2\/posts\/55051","targetHints":{"allow":["GET"]}}],"collection":[{"href":"https:\/\/www.opinionpublica.tv\/portada\/wp-json\/wp\/v2\/posts"}],"about":[{"href":"https:\/\/www.opinionpublica.tv\/portada\/wp-json\/wp\/v2\/types\/post"}],"author":[{"embeddable":true,"href":"https:\/\/www.opinionpublica.tv\/portada\/wp-json\/wp\/v2\/users\/6"}],"replies":[{"embeddable":true,"href":"https:\/\/www.opinionpublica.tv\/portada\/wp-json\/wp\/v2\/comments?post=55051"}],"version-history":[{"count":2,"href":"https:\/\/www.opinionpublica.tv\/portada\/wp-json\/wp\/v2\/posts\/55051\/revisions"}],"predecessor-version":[{"id":55055,"href":"https:\/\/www.opinionpublica.tv\/portada\/wp-json\/wp\/v2\/posts\/55051\/revisions\/55055"}],"wp:featuredmedia":[{"embeddable":true,"href":"https:\/\/www.opinionpublica.tv\/portada\/wp-json\/wp\/v2\/media\/55054"}],"wp:attachment":[{"href":"https:\/\/www.opinionpublica.tv\/portada\/wp-json\/wp\/v2\/media?parent=55051"}],"wp:term":[{"taxonomy":"category","embeddable":true,"href":"https:\/\/www.opinionpublica.tv\/portada\/wp-json\/wp\/v2\/categories?post=55051"},{"taxonomy":"post_tag","embeddable":true,"href":"https:\/\/www.opinionpublica.tv\/portada\/wp-json\/wp\/v2\/tags?post=55051"}],"curies":[{"name":"wp","href":"https:\/\/api.w.org\/{rel}","templated":true}]}}