{"id":55027,"date":"2025-03-12T00:01:00","date_gmt":"2025-03-12T06:01:00","guid":{"rendered":"https:\/\/www.opinionpublica.tv\/portada\/?p=55027"},"modified":"2025-03-11T21:40:23","modified_gmt":"2025-03-12T03:40:23","slug":"claudia-sheinbaum-termina-prologo-de-su-libro-diario-de-una-transicion-historica","status":"publish","type":"post","link":"https:\/\/www.opinionpublica.tv\/portada\/claudia-sheinbaum-termina-prologo-de-su-libro-diario-de-una-transicion-historica\/","title":{"rendered":"Claudia Sheinbaum termina pr\u00f3logo de su libro &#8216;Diario de una Transici\u00f3n Hist\u00f3rica&#8217;"},"content":{"rendered":"\n<figure class=\"wp-block-image size-full\"><img fetchpriority=\"high\" decoding=\"async\" width=\"800\" height=\"600\" src=\"https:\/\/www.opinionpublica.tv\/portada\/wp-content\/uploads\/2025\/03\/Presidenta-Sheinbaum-termina-prologo-de-su-libro-Diario-de-una-Transicion-Historica.webp\" alt=\"Presidenta sheinbaum termina pro\u0301logo de su libro 'diario de una transicio\u0301n histo\u0301rica'\" class=\"wp-image-55030\" srcset=\"https:\/\/www.opinionpublica.tv\/portada\/wp-content\/uploads\/2025\/03\/Presidenta-Sheinbaum-termina-prologo-de-su-libro-Diario-de-una-Transicion-Historica.webp 800w, https:\/\/www.opinionpublica.tv\/portada\/wp-content\/uploads\/2025\/03\/Presidenta-Sheinbaum-termina-prologo-de-su-libro-Diario-de-una-Transicion-Historica-300x225.webp 300w, https:\/\/www.opinionpublica.tv\/portada\/wp-content\/uploads\/2025\/03\/Presidenta-Sheinbaum-termina-prologo-de-su-libro-Diario-de-una-Transicion-Historica-768x576.webp 768w\" sizes=\"(max-width: 800px) 100vw, 800px\" \/><\/figure>\n\n\n\n<p class=\"wp-block-paragraph\">La presidenta de la Rep\u00fablica, Claudia Sheinbaum, inform\u00f3 que est\u00e1 en las \u00faltimas revisiones de su libro \u201cDiario de una Transici\u00f3n Hist\u00f3rica\u201d.<\/p>\n\n\n\n<p class=\"wp-block-paragraph\">Mediante su cuenta oficial de X, la mandataria federal, indic\u00f3 que finaliz\u00f3 el pr\u00f3logo del texto.<\/p>\n\n\n\n<p class=\"wp-block-paragraph\">Estoy en las \u00faltimas revisiones del libro \u201cDiario de una transici\u00f3n hist\u00f3rica\u201d. Hoy termin\u00e9 el pr\u00f3logo; espero en unos meses ya pueda compartirlo con ustedes\u201d, inform\u00f3.<\/p>\n\n\n\n<p class=\"wp-block-paragraph\">\u201cDiario de una Transici\u00f3n Hist\u00f3rica\u201d ser\u00e1 su primer libro como presidenta, a partir de las vivencias con el expresidente Andr\u00e9s Manuel L\u00f3pez Obrador. (Exc\u00e9lsior)<\/p>\n","protected":false},"excerpt":{"rendered":"<p>La presidenta de la Rep\u00fablica, Claudia Sheinbaum, inform\u00f3 que est\u00e1 en las \u00faltimas revisiones de su libro \u201cDiario de una Transici\u00f3n Hist\u00f3rica\u201d. Mediante su cuenta oficial de X, la mandataria federal, indic\u00f3 que finaliz\u00f3 el pr\u00f3logo del texto. Estoy en las \u00faltimas revisiones del libro \u201cDiario de una transici\u00f3n hist\u00f3rica\u201d. Hoy termin\u00e9 el pr\u00f3logo; espero [&hellip;]<\/p>\n","protected":false},"author":6,"featured_media":55030,"comment_status":"closed","ping_status":"closed","sticky":false,"template":"","format":"standard","meta":{"_acf_changed":false,"_monsterinsights_skip_tracking":false,"slim_seo":{"title":"Claudia Sheinbaum termina pr\u00f3logo de su libro 'Diario de una Transici\u00f3n Hist\u00f3rica' - Opini\u00f3n P\u00fablica","description":"La presidenta de la Rep\u00fablica, Claudia Sheinbaum, inform\u00f3 que est\u00e1 en las \u00faltimas revisiones de su libro \u201cDiario de una Transici\u00f3n Hist\u00f3rica\u201d. Mediante su cuent"},"footnotes":""},"categories":[4],"tags":[],"class_list":["post-55027","post","type-post","status-publish","format-standard","has-post-thumbnail","hentry","category-pulsopolitico"],"acf":[],"_links":{"self":[{"href":"https:\/\/www.opinionpublica.tv\/portada\/wp-json\/wp\/v2\/posts\/55027","targetHints":{"allow":["GET"]}}],"collection":[{"href":"https:\/\/www.opinionpublica.tv\/portada\/wp-json\/wp\/v2\/posts"}],"about":[{"href":"https:\/\/www.opinionpublica.tv\/portada\/wp-json\/wp\/v2\/types\/post"}],"author":[{"embeddable":true,"href":"https:\/\/www.opinionpublica.tv\/portada\/wp-json\/wp\/v2\/users\/6"}],"replies":[{"embeddable":true,"href":"https:\/\/www.opinionpublica.tv\/portada\/wp-json\/wp\/v2\/comments?post=55027"}],"version-history":[{"count":3,"href":"https:\/\/www.opinionpublica.tv\/portada\/wp-json\/wp\/v2\/posts\/55027\/revisions"}],"predecessor-version":[{"id":55032,"href":"https:\/\/www.opinionpublica.tv\/portada\/wp-json\/wp\/v2\/posts\/55027\/revisions\/55032"}],"wp:featuredmedia":[{"embeddable":true,"href":"https:\/\/www.opinionpublica.tv\/portada\/wp-json\/wp\/v2\/media\/55030"}],"wp:attachment":[{"href":"https:\/\/www.opinionpublica.tv\/portada\/wp-json\/wp\/v2\/media?parent=55027"}],"wp:term":[{"taxonomy":"category","embeddable":true,"href":"https:\/\/www.opinionpublica.tv\/portada\/wp-json\/wp\/v2\/categories?post=55027"},{"taxonomy":"post_tag","embeddable":true,"href":"https:\/\/www.opinionpublica.tv\/portada\/wp-json\/wp\/v2\/tags?post=55027"}],"curies":[{"name":"wp","href":"https:\/\/api.w.org\/{rel}","templated":true}]}}