{"id":54826,"date":"2025-03-08T08:22:11","date_gmt":"2025-03-08T15:22:11","guid":{"rendered":"https:\/\/www.opinionpublica.tv\/portada\/?p=54826"},"modified":"2025-03-08T08:39:07","modified_gmt":"2025-03-08T15:39:07","slug":"el-libro-de-la-semana-la-levedad-de-las-libelulas-carlos-lopez-otin","status":"publish","type":"post","link":"https:\/\/www.opinionpublica.tv\/portada\/el-libro-de-la-semana-la-levedad-de-las-libelulas-carlos-lopez-otin\/","title":{"rendered":"El Libro de la Semana: La levedad de las lib\u00e9lulas \u2013 Carlos L\u00f3pez Ot\u00edn"},"content":{"rendered":"\n<div class=\"wp-block-columns is-layout-flex wp-container-core-columns-is-layout-28f84493 wp-block-columns-is-layout-flex\">\n<div class=\"wp-block-column is-layout-flow wp-block-column-is-layout-flow\">\n<p>A veces, un libro nos encuentra en el momento preciso, como si hubiera estado esper\u00e1ndonos. Eso me pas\u00f3 con <em>La levedad de las lib\u00e9lulas<\/em>, una obra del cient\u00edfico y bi\u00f3logo molecular Carlos L\u00f3pez Ot\u00edn, quien ya nos hab\u00eda cautivado con <em>La vida en cuatro letras<\/em> y <em>El sue\u00f1o del tiempo<\/em>. En este nuevo libro, Ot\u00edn deja de lado su habitual enfoque estrictamente cient\u00edfico para sumergirse en un viaje m\u00e1s introspectivo y filos\u00f3fico, uno donde ciencia y vida se entrelazan de manera po\u00e9tica.<\/p>\n<\/div>\n\n\n\n<div class=\"wp-block-column is-layout-flow wp-block-column-is-layout-flow\">\n<figure class=\"wp-block-image size-large\"><img fetchpriority=\"high\" decoding=\"async\" width=\"687\" height=\"1024\" src=\"https:\/\/www.opinionpublica.tv\/portada\/wp-content\/uploads\/2025\/03\/La-levedad-de-las-libelulas-687x1024.jpg\" alt=\"La levedad de las lib\u00e9lulas\" class=\"wp-image-54827\" srcset=\"https:\/\/www.opinionpublica.tv\/portada\/wp-content\/uploads\/2025\/03\/La-levedad-de-las-libelulas-687x1024.jpg 687w, https:\/\/www.opinionpublica.tv\/portada\/wp-content\/uploads\/2025\/03\/La-levedad-de-las-libelulas-201x300.jpg 201w, https:\/\/www.opinionpublica.tv\/portada\/wp-content\/uploads\/2025\/03\/La-levedad-de-las-libelulas-768x1145.jpg 768w, https:\/\/www.opinionpublica.tv\/portada\/wp-content\/uploads\/2025\/03\/La-levedad-de-las-libelulas.jpg 1006w\" sizes=\"(max-width: 687px) 100vw, 687px\" \/><\/figure>\n<\/div>\n<\/div>\n\n\n\n<h3 class=\"wp-block-heading\"><strong>Un relato que flota entre la ciencia y la existencia<\/strong><\/h3>\n\n\n\n<p>El t\u00edtulo no es accidental: las lib\u00e9lulas representan la fragilidad y la ligereza de la vida, y en este libro se explora precisamente eso, la fugacidad de nuestra existencia, el aprendizaje que dejan las p\u00e9rdidas y la b\u00fasqueda de significado en lo aparentemente ef\u00edmero. Ot\u00edn comparte su propio viaje personal y acad\u00e9mico, pero lo hace con una sensibilidad que convierte cada p\u00e1gina en una invitaci\u00f3n a la reflexi\u00f3n.<\/p>\n\n\n\n<p>Si en sus obras anteriores nos hablaba del ADN y los mecanismos biol\u00f3gicos que rigen la vida, aqu\u00ed nos habla de la esencia de la existencia misma. Se percibe un tono m\u00e1s \u00edntimo, como si estuvi\u00e9ramos escuchando a un amigo que, despu\u00e9s de atravesar tormentas, nos comparte lo que ha aprendido sobre la vida, la muerte y la resiliencia.<\/p>\n\n\n\n<h3 class=\"wp-block-heading\"><strong>La ciencia con alma<\/strong><\/h3>\n\n\n\n<p>Uno de los mayores aciertos del libro es c\u00f3mo Ot\u00edn logra mezclar el conocimiento cient\u00edfico con experiencias personales y reflexiones filos\u00f3ficas. No es solo un libro sobre biolog\u00eda o gen\u00e9tica, sino sobre la humanidad vista a trav\u00e9s del microscopio de la ciencia. En cada cap\u00edtulo, se respira una b\u00fasqueda de respuestas que, m\u00e1s all\u00e1 de f\u00f3rmulas y datos, nos habla del misterio de estar vivos.<\/p>\n\n\n\n<p>El autor no teme hablar de sus momentos m\u00e1s oscuros, de las p\u00e9rdidas que lo han marcado y de c\u00f3mo ha encontrado en la ciencia, la lectura y la naturaleza una forma de reconciliarse con la vida. Y ah\u00ed es donde <em>La levedad de las lib\u00e9lulas<\/em> se vuelve un libro necesario: porque en tiempos donde todo parece acelerado y ruidoso, nos recuerda la importancia de detenernos y observar.<\/p>\n\n\n\n<h3 class=\"wp-block-heading\"><strong>\u00bfPara qui\u00e9n es este libro?<\/strong><\/h3>\n\n\n\n<p>Si te gustan los libros que mezclan ciencia, literatura y filosof\u00eda con una prosa cuidada y accesible, este libro es para ti. No necesitas ser un experto en biolog\u00eda ni en gen\u00e9tica para disfrutarlo; basta con tener curiosidad por la vida y sus misterios.<\/p>\n\n\n\n<p>Eso s\u00ed, no esperes una lectura ligera en el sentido de entretenimiento puro. <em>La levedad de las lib\u00e9lulas<\/em> invita a la introspecci\u00f3n, a la pausa y, sobre todo, a la admiraci\u00f3n por lo peque\u00f1o, por lo fr\u00e1gil, por lo que muchas veces pasa desapercibido.<\/p>\n\n\n\n<h3 class=\"wp-block-heading\"><strong>Conclusi\u00f3n: un libro que deja huella<\/strong><\/h3>\n\n\n\n<p>Carlos L\u00f3pez Ot\u00edn nos regala un libro honesto y profundo, donde la ciencia y la poes\u00eda se dan la mano para hablarnos de la vida desde una perspectiva humana y sensible. No es solo un libro sobre lib\u00e9lulas, ni sobre biolog\u00eda, ni sobre la experiencia personal del autor; es una carta de amor a la existencia misma.<\/p>\n\n\n\n<p>Si buscas una lectura que te haga pensar, sentir y, sobre todo, apreciar la belleza de lo ef\u00edmero, <em>La levedad de las lib\u00e9lulas<\/em> es una excelente elecci\u00f3n.<\/p>\n\n\n\n<p>\ud83d\udcd6\u2728 <strong>Puntuaci\u00f3n: 9\/10 \u2013 Un libro que se siente como una conversaci\u00f3n sincera con la vida misma.<\/strong><\/p>\n\n\n\n<p><\/p>\n","protected":false},"excerpt":{"rendered":"<p>A veces, un libro nos encuentra en el momento preciso, como si hubiera estado esper\u00e1ndonos. Eso me pas\u00f3 con La levedad de las lib\u00e9lulas, una obra del cient\u00edfico y bi\u00f3logo molecular Carlos L\u00f3pez Ot\u00edn, quien ya nos hab\u00eda cautivado con La vida en cuatro letras y El sue\u00f1o del tiempo. En este nuevo libro, Ot\u00edn [&hellip;]<\/p>\n","protected":false},"author":1,"featured_media":54827,"comment_status":"closed","ping_status":"closed","sticky":false,"template":"","format":"standard","meta":{"_acf_changed":false,"_monsterinsights_skip_tracking":false,"_monsterinsights_sitenote_active":false,"_monsterinsights_sitenote_note":"","_monsterinsights_sitenote_category":0,"slim_seo":{"title":"El Libro de la Semana: La levedad de las lib\u00e9lulas \u2013 Carlos L\u00f3pez Ot\u00edn - Opini\u00f3n P\u00fablica","description":"A veces, un libro nos encuentra en el momento preciso, como si hubiera estado esper\u00e1ndonos. Eso me pas\u00f3 con La levedad de las lib\u00e9lulas , una obra del cient\u00edfic"},"footnotes":""},"categories":[1007],"tags":[],"class_list":["post-54826","post","type-post","status-publish","format-standard","has-post-thumbnail","hentry","category-el-libro-de-la-semana"],"acf":[],"_links":{"self":[{"href":"https:\/\/www.opinionpublica.tv\/portada\/wp-json\/wp\/v2\/posts\/54826","targetHints":{"allow":["GET"]}}],"collection":[{"href":"https:\/\/www.opinionpublica.tv\/portada\/wp-json\/wp\/v2\/posts"}],"about":[{"href":"https:\/\/www.opinionpublica.tv\/portada\/wp-json\/wp\/v2\/types\/post"}],"author":[{"embeddable":true,"href":"https:\/\/www.opinionpublica.tv\/portada\/wp-json\/wp\/v2\/users\/1"}],"replies":[{"embeddable":true,"href":"https:\/\/www.opinionpublica.tv\/portada\/wp-json\/wp\/v2\/comments?post=54826"}],"version-history":[{"count":3,"href":"https:\/\/www.opinionpublica.tv\/portada\/wp-json\/wp\/v2\/posts\/54826\/revisions"}],"predecessor-version":[{"id":54831,"href":"https:\/\/www.opinionpublica.tv\/portada\/wp-json\/wp\/v2\/posts\/54826\/revisions\/54831"}],"wp:featuredmedia":[{"embeddable":true,"href":"https:\/\/www.opinionpublica.tv\/portada\/wp-json\/wp\/v2\/media\/54827"}],"wp:attachment":[{"href":"https:\/\/www.opinionpublica.tv\/portada\/wp-json\/wp\/v2\/media?parent=54826"}],"wp:term":[{"taxonomy":"category","embeddable":true,"href":"https:\/\/www.opinionpublica.tv\/portada\/wp-json\/wp\/v2\/categories?post=54826"},{"taxonomy":"post_tag","embeddable":true,"href":"https:\/\/www.opinionpublica.tv\/portada\/wp-json\/wp\/v2\/tags?post=54826"}],"curies":[{"name":"wp","href":"https:\/\/api.w.org\/{rel}","templated":true}]}}