{"id":54798,"date":"2025-03-08T00:01:00","date_gmt":"2025-03-08T07:01:00","guid":{"rendered":"https:\/\/www.opinionpublica.tv\/portada\/?p=54798"},"modified":"2025-03-07T21:33:25","modified_gmt":"2025-03-08T04:33:25","slug":"recibe-sheinbaum-cartilla-de-los-derechos-de-la-mujer-en-visperas-del-8m","status":"publish","type":"post","link":"https:\/\/www.opinionpublica.tv\/portada\/recibe-sheinbaum-cartilla-de-los-derechos-de-la-mujer-en-visperas-del-8m\/","title":{"rendered":"Recibe presidenta Sheinbaum cartilla de los derechos de la mujer en v\u00edsperas del 8M"},"content":{"rendered":"\n<figure class=\"wp-block-image size-large\"><img fetchpriority=\"high\" decoding=\"async\" width=\"1024\" height=\"683\" src=\"https:\/\/www.opinionpublica.tv\/portada\/wp-content\/uploads\/2025\/03\/Recibe-presidenta-Sheinbaum-cartilla-de-los-derechos-de-la-mujer-en-visperas-del-8M-1024x683.webp\" alt=\"Recibe presidenta sheinbaum cartilla de los derechos de la mujer en vi\u0301speras del 8m\" class=\"wp-image-54802\" srcset=\"https:\/\/www.opinionpublica.tv\/portada\/wp-content\/uploads\/2025\/03\/Recibe-presidenta-Sheinbaum-cartilla-de-los-derechos-de-la-mujer-en-visperas-del-8M-1024x683.webp 1024w, https:\/\/www.opinionpublica.tv\/portada\/wp-content\/uploads\/2025\/03\/Recibe-presidenta-Sheinbaum-cartilla-de-los-derechos-de-la-mujer-en-visperas-del-8M-300x200.webp 300w, https:\/\/www.opinionpublica.tv\/portada\/wp-content\/uploads\/2025\/03\/Recibe-presidenta-Sheinbaum-cartilla-de-los-derechos-de-la-mujer-en-visperas-del-8M-768x512.webp 768w, https:\/\/www.opinionpublica.tv\/portada\/wp-content\/uploads\/2025\/03\/Recibe-presidenta-Sheinbaum-cartilla-de-los-derechos-de-la-mujer-en-visperas-del-8M.webp 1080w\" sizes=\"(max-width: 1024px) 100vw, 1024px\" \/><\/figure>\n\n\n\n<p>En la v\u00edspera del 8M, la presidenta Claudia Sheinbaum Pardo recibi\u00f3 la Cartilla de los Derechos de las Mujeres, que ser\u00e1 repartida en calles y plazas p\u00fablicas.<\/p>\n\n\n\n<p>La mandataria manifest\u00f3 que millones de cartillas ser\u00e1n distribuidas por todo el pa\u00eds. \u201cQueremos que llegue no solo a cada mujer, sino a cada hombre porque todos y todas debemos conocer los derechos de las mujeres\u201d.<\/p>\n\n\n\n<p>Inform\u00f3 que construir\u00e1n una red de mujeres voluntarias para que \u201cnos ayuden a ser voceras, promotoras, defensoras de los derechos de las mujeres. Entonces van a&nbsp; ser millones de mujeres tambi\u00e9n en esta red, a partir de la cartilla; es algo muy importante este 8 de marzo, D\u00eda Internacional de la Mujer\u201d.<\/p>\n\n\n\n<p>En la ma\u00f1anera del pueblo, la secretaria de la Mujer, Citlalli Hern\u00e1ndez afirm\u00f3, \u201ctenemos la cartilla de los derechos de las mujeres. Tiene el objetivo de fortalecer la igualdad sustantiva y por supuesto la parte tambi\u00e9n de erradicar todo tipo de violencias. Ser\u00e1 socializada a todo el pueblo de M\u00e9xico\u201d, indic\u00f3.<\/p>\n\n\n\n<p>La consider\u00f3 una herramienta de pedagog\u00eda popular\u201d, donde se explican 15 derechos b\u00e1sicos y est\u00e1 en proceso de traducci\u00f3n a las 68 lenguas originarias, adem\u00e1s de que se habr\u00e1 un podcast para personas con discapacidad.<\/p>\n\n\n\n<p>La presidenta record\u00f3 que ma\u00f1ana&nbsp; inaugurar\u00e1 el Sal\u00f3n Mujeres en la Historia, que podr\u00e1 ser visitado por todo el p\u00fablico. \u201cQued\u00f3 precioso\u201d, exclam\u00f3.<\/p>\n\n\n\n<p>En unos momentos, la presidenta le pondr\u00e1 el nombre de mujer ind\u00edgena a un tulip\u00e1n, que le dar\u00e1 la embajada de Pa\u00edses Bajos. (La Jornada)<\/p>\n","protected":false},"excerpt":{"rendered":"<p>En la v\u00edspera del 8M, la presidenta Claudia Sheinbaum Pardo recibi\u00f3 la Cartilla de los Derechos de las Mujeres, que ser\u00e1 repartida en calles y plazas p\u00fablicas. La mandataria manifest\u00f3 que millones de cartillas ser\u00e1n distribuidas por todo el pa\u00eds. \u201cQueremos que llegue no solo a cada mujer, sino a cada hombre porque todos y [&hellip;]<\/p>\n","protected":false},"author":6,"featured_media":54802,"comment_status":"closed","ping_status":"closed","sticky":false,"template":"","format":"standard","meta":{"_acf_changed":false,"_monsterinsights_skip_tracking":false,"_monsterinsights_sitenote_active":false,"_monsterinsights_sitenote_note":"","_monsterinsights_sitenote_category":0,"slim_seo":{"title":"Recibe presidenta Sheinbaum cartilla de los derechos de la mujer en v\u00edsperas del 8M - Opini\u00f3n P\u00fablica","description":"En la v\u00edspera del 8M, la presidenta Claudia Sheinbaum Pardo recibi\u00f3 la Cartilla de los Derechos de las Mujeres, que ser\u00e1 repartida en calles y plazas p\u00fablicas."},"footnotes":""},"categories":[4],"tags":[],"class_list":["post-54798","post","type-post","status-publish","format-standard","has-post-thumbnail","hentry","category-pulsopolitico"],"acf":[],"_links":{"self":[{"href":"https:\/\/www.opinionpublica.tv\/portada\/wp-json\/wp\/v2\/posts\/54798","targetHints":{"allow":["GET"]}}],"collection":[{"href":"https:\/\/www.opinionpublica.tv\/portada\/wp-json\/wp\/v2\/posts"}],"about":[{"href":"https:\/\/www.opinionpublica.tv\/portada\/wp-json\/wp\/v2\/types\/post"}],"author":[{"embeddable":true,"href":"https:\/\/www.opinionpublica.tv\/portada\/wp-json\/wp\/v2\/users\/6"}],"replies":[{"embeddable":true,"href":"https:\/\/www.opinionpublica.tv\/portada\/wp-json\/wp\/v2\/comments?post=54798"}],"version-history":[{"count":3,"href":"https:\/\/www.opinionpublica.tv\/portada\/wp-json\/wp\/v2\/posts\/54798\/revisions"}],"predecessor-version":[{"id":54803,"href":"https:\/\/www.opinionpublica.tv\/portada\/wp-json\/wp\/v2\/posts\/54798\/revisions\/54803"}],"wp:featuredmedia":[{"embeddable":true,"href":"https:\/\/www.opinionpublica.tv\/portada\/wp-json\/wp\/v2\/media\/54802"}],"wp:attachment":[{"href":"https:\/\/www.opinionpublica.tv\/portada\/wp-json\/wp\/v2\/media?parent=54798"}],"wp:term":[{"taxonomy":"category","embeddable":true,"href":"https:\/\/www.opinionpublica.tv\/portada\/wp-json\/wp\/v2\/categories?post=54798"},{"taxonomy":"post_tag","embeddable":true,"href":"https:\/\/www.opinionpublica.tv\/portada\/wp-json\/wp\/v2\/tags?post=54798"}],"curies":[{"name":"wp","href":"https:\/\/api.w.org\/{rel}","templated":true}]}}