{"id":54789,"date":"2025-03-08T00:01:00","date_gmt":"2025-03-08T07:01:00","guid":{"rendered":"https:\/\/www.opinionpublica.tv\/portada\/?p=54789"},"modified":"2025-03-07T15:19:09","modified_gmt":"2025-03-07T22:19:09","slug":"ramirez-de-la-o-ahora-sera-asesor-economico-y-edgar-amador-nuevo-titular-de-shcp","status":"publish","type":"post","link":"https:\/\/www.opinionpublica.tv\/portada\/ramirez-de-la-o-ahora-sera-asesor-economico-y-edgar-amador-nuevo-titular-de-shcp\/","title":{"rendered":"Ram\u00edrez de la O ahora ser\u00e1 asesor econ\u00f3mico y Edgar Amador nuevo titular de SHCP"},"content":{"rendered":"\n<figure class=\"wp-block-image size-full\"><img fetchpriority=\"high\" decoding=\"async\" width=\"1100\" height=\"666\" src=\"https:\/\/www.opinionpublica.tv\/portada\/wp-content\/uploads\/2025\/03\/Ramirez-de-la-O-ahora-sera-asesor-economico-y-Edgar-Amador-nuevo-titular-de-SHCP.avif\" alt=\"Rami\u0301rez de la o ahora sera\u0301 asesor econo\u0301mico y edgar amador nuevo titular de shcp\" class=\"wp-image-54791\"\/><\/figure>\n\n\n\n<p><em>Ciudad de M\u00e9xico<\/em>.- La presidenta Claudia Sheinbaum nombr\u00f3 a Rogelio Ram\u00edrez de la O como su asesor econ\u00f3mico internacional, mientras tanto Edgar Amador Zamora ser\u00e1 secretario de Hacienda y Cr\u00e9dito P\u00fablico (SHCP).<\/p>\n\n\n\n<p>La jefa del Ejecutivo federal afirm\u00f3 que \u00abTodo el equipo se queda; M\u00e9xico tiene una econom\u00eda fuerte\u00bb.<\/p>\n\n\n\n<p>\u00abHe decidido nombrar a Rogelio Ram\u00edrez de la O asesor econ\u00f3mico internacional; es un economista extraordinario y tenemos la fortuna de que siga colaborando con nosotros. A partir de ma\u00f1ana, el maestro Edgar Amador Zamora ser\u00e1 secretario de Hacienda y Cr\u00e9dito P\u00fablico; es un economista honesto, convencido de la Cuarta Transformaci\u00f3n. Todo el equipo se queda; M\u00e9xico tiene una econom\u00eda fuerte\u00bb.<\/p>\n\n\n\n<p>En sus redes sociales, la Mandataria federal inform\u00f3 que le pidi\u00f3 a Rogelio Ram\u00edrez de la O que se convirtiera en asesor econ\u00f3mico para asuntos internacionales, particularmente por la relaci\u00f3n que se tiene con Estados Unidos.<\/p>\n\n\n\n<p>Al agradecerle por su apoyo en estos m\u00e1s de cinco meses, la Mandataria federal afirm\u00f3 que Ram\u00edrez de la O es el mejor economista que hay en M\u00e9xico, y quien record\u00f3 que se hab\u00eda comprometido a estar en el cargo hasta diciembre del a\u00f1o pasado, pero \u00abse qued\u00f3 hasta febrero\u00bb.<\/p>\n\n\n\n<p>Afirm\u00f3 que Rogelio Ram\u00edrez de la O siempre ha ayudado mucho a M\u00e9xico, como secretario de hacienda y ahora nos va a seguir ayudando al pa\u00eds desde esta nueva tarea que va a tener.<\/p>\n\n\n\n<p>\u00abEl d\u00eda de hoy quiero anunciarles que el doctor Rogelio Ram\u00edrez de la O, le he pedido que me ayude en una tarea muy especial, que es asesor econ\u00f3mico para asuntos internacionales. Es una tarea fundamental particularmente por la relaci\u00f3n que tenemos con Estados Unidos.<\/p>\n\n\n\n<p>\u00abQuiero decirles adem\u00e1s que Rogelio, el mejor economista que tiene nuestro pa\u00eds, sin duda cuando le dije que se quedara, porque fue secretario de Hacienda con el presidente L\u00f3pez Obrador. Me dijo `est\u00e1 bien, pero te acompa\u00f1o hasta diciembre\u00b4 y se qued\u00f3 hasta febrero y la verdad es que le agradezco mucho. Le ayud\u00f3 mucho al presidente L\u00f3pez Obrador y le ayud\u00f3 mucho a M\u00e9xico, siempre le ayudado mucho a M\u00e9xico como secretario de hacienda y ahora nos va a seguir ayudando al pa\u00eds desde esta nueva tarea que va a tener. Much\u00edsimas gracias Rogelio la verdad\u00bb.<\/p>\n\n\n\n<p>\u00bfQui\u00e9n es el nuevo secretario de Hacienda, Edgar Amador?<\/p>\n\n\n\n<p>La presidenta Claudia Sheinbaum destac\u00f3 que el nuevo titular de Hacienda, Edgar Amador, Edgar es economista por la Facultad de econom\u00eda de la UNAM.<\/p>\n\n\n\n<p>Tiene una maestr\u00eda tambi\u00e9n en Econom\u00eda por El Colegio de M\u00e9xico, ha sido asesor y ha trabajado en diversas instituciones financieras, nacionales e internacionales y hasta hace poco fungi\u00f3 como asesor en El Banco de M\u00e9xico<\/p>\n\n\n\n<p>\u00abLleva ya un rato con nosotros como subsecretario de Hacienda y hoy pues toma el cargo de secretario de Hacienda y tenemos un gran equipo en la Secretar\u00eda de Hacienda.<\/p>\n\n\n\n<p>\u00abAs\u00ed que M\u00e9xico tiene una econom\u00eda muy fuerte y tenemos excelentes colaboradores y siempre nos va a ir muy bien\u00bb. (El Universal)<\/p>\n","protected":false},"excerpt":{"rendered":"<p>Ciudad de M\u00e9xico.- La presidenta Claudia Sheinbaum nombr\u00f3 a Rogelio Ram\u00edrez de la O como su asesor econ\u00f3mico internacional, mientras tanto Edgar Amador Zamora ser\u00e1 secretario de Hacienda y Cr\u00e9dito P\u00fablico (SHCP). La jefa del Ejecutivo federal afirm\u00f3 que \u00abTodo el equipo se queda; M\u00e9xico tiene una econom\u00eda fuerte\u00bb. \u00abHe decidido nombrar a Rogelio Ram\u00edrez [&hellip;]<\/p>\n","protected":false},"author":6,"featured_media":54791,"comment_status":"closed","ping_status":"closed","sticky":false,"template":"","format":"standard","meta":{"_acf_changed":false,"_monsterinsights_skip_tracking":false,"_monsterinsights_sitenote_active":false,"_monsterinsights_sitenote_note":"","_monsterinsights_sitenote_category":0,"slim_seo":{"title":"Ram\u00edrez de la O ahora ser\u00e1 asesor econ\u00f3mico y Edgar Amador nuevo titular de SHCP - Opini\u00f3n P\u00fablica","description":"Ciudad de M\u00e9xico .- La presidenta Claudia Sheinbaum nombr\u00f3 a Rogelio Ram\u00edrez de la O como su asesor econ\u00f3mico internacional, mientras tanto Edgar Amador Zamora"},"footnotes":""},"categories":[4],"tags":[],"class_list":["post-54789","post","type-post","status-publish","format-standard","has-post-thumbnail","hentry","category-pulsopolitico"],"acf":[],"_links":{"self":[{"href":"https:\/\/www.opinionpublica.tv\/portada\/wp-json\/wp\/v2\/posts\/54789","targetHints":{"allow":["GET"]}}],"collection":[{"href":"https:\/\/www.opinionpublica.tv\/portada\/wp-json\/wp\/v2\/posts"}],"about":[{"href":"https:\/\/www.opinionpublica.tv\/portada\/wp-json\/wp\/v2\/types\/post"}],"author":[{"embeddable":true,"href":"https:\/\/www.opinionpublica.tv\/portada\/wp-json\/wp\/v2\/users\/6"}],"replies":[{"embeddable":true,"href":"https:\/\/www.opinionpublica.tv\/portada\/wp-json\/wp\/v2\/comments?post=54789"}],"version-history":[{"count":2,"href":"https:\/\/www.opinionpublica.tv\/portada\/wp-json\/wp\/v2\/posts\/54789\/revisions"}],"predecessor-version":[{"id":54792,"href":"https:\/\/www.opinionpublica.tv\/portada\/wp-json\/wp\/v2\/posts\/54789\/revisions\/54792"}],"wp:featuredmedia":[{"embeddable":true,"href":"https:\/\/www.opinionpublica.tv\/portada\/wp-json\/wp\/v2\/media\/54791"}],"wp:attachment":[{"href":"https:\/\/www.opinionpublica.tv\/portada\/wp-json\/wp\/v2\/media?parent=54789"}],"wp:term":[{"taxonomy":"category","embeddable":true,"href":"https:\/\/www.opinionpublica.tv\/portada\/wp-json\/wp\/v2\/categories?post=54789"},{"taxonomy":"post_tag","embeddable":true,"href":"https:\/\/www.opinionpublica.tv\/portada\/wp-json\/wp\/v2\/tags?post=54789"}],"curies":[{"name":"wp","href":"https:\/\/api.w.org\/{rel}","templated":true}]}}