{"id":54780,"date":"2025-03-08T00:01:00","date_gmt":"2025-03-08T07:01:00","guid":{"rendered":"https:\/\/www.opinionpublica.tv\/portada\/?p=54780"},"modified":"2025-03-07T15:12:04","modified_gmt":"2025-03-07T22:12:04","slug":"efemerides-8-de-marzo-7","status":"publish","type":"post","link":"https:\/\/www.opinionpublica.tv\/portada\/efemerides-8-de-marzo-7\/","title":{"rendered":"Efem\u00e9rides 8 de marzo"},"content":{"rendered":"\n<p><em>Un d\u00eda 8 de marzo como hoy, pero de 1908, un incendio en una f\u00e1brica textil de Nueva York provoca la muerte de 129 mujeres trabajadoras en huelga cuando estaban encerradas por los propietarios de la compa\u00f1\u00eda. Fue declarado D\u00eda Internacional de la Mujer Trabajadora y actualmente es el D\u00eda Internacional de la Mujer<\/em>.<\/p>\n\n\n\n<figure class=\"wp-block-image size-full\"><img fetchpriority=\"high\" decoding=\"async\" width=\"550\" height=\"377\" src=\"https:\/\/www.opinionpublica.tv\/portada\/wp-content\/uploads\/2025\/03\/1908-un-incendio-en-una-fabrica-textil-de-Nueva-York-provoca-la-muerte-de-129-mujeres-trabajadoras.jpg\" alt=\"1908, un incendio en una fa\u0301brica textil de nueva york provoca la muerte de 129 mujeres trabajadoras\" class=\"wp-image-54781\" srcset=\"https:\/\/www.opinionpublica.tv\/portada\/wp-content\/uploads\/2025\/03\/1908-un-incendio-en-una-fabrica-textil-de-Nueva-York-provoca-la-muerte-de-129-mujeres-trabajadoras.jpg 550w, https:\/\/www.opinionpublica.tv\/portada\/wp-content\/uploads\/2025\/03\/1908-un-incendio-en-una-fabrica-textil-de-Nueva-York-provoca-la-muerte-de-129-mujeres-trabajadoras-300x206.jpg 300w\" sizes=\"(max-width: 550px) 100vw, 550px\" \/><\/figure>\n\n\n\n<p><strong>Otras efem\u00e9rides<\/strong><\/p>\n\n\n\n<p>1545.- El conquistador \u00c1lvar N\u00fa\u00f1ez Cabeza de Vaca, el primer europeo que contempl\u00f3 las cataratas del Iguaz\u00fa, es enviado como reo a Espa\u00f1a, v\u00edctima de una insurrecci\u00f3n en Paraguay.<\/p>\n\n\n\n<p>1669.- El volc\u00e1n Etna inicia una erupci\u00f3n que caus\u00f3 la muerte de 20.000 personas en Sicilia (Italia), la tragedia m\u00e1s destructiva de este tipo de las que se conocen.<\/p>\n\n\n\n<p>1910.- Filippo Marinetti, junto a varios artistas, presenta el &#8216;Manifiesto t\u00e9cnico de la pintura futurista&#8217; en el teatro Chiarella de Turin (Italia).<\/p>\n\n\n\n<p>1921.- El presidente del Gobierno espa\u00f1ol, Eduardo Dato, es asesinado en Madrid al ser tiroteado en su coche por tres anarquistas.<\/p>\n\n\n\n<p>1933.- El canciller austriaco Engelbert Dollfus disuelve el Parlamento democr\u00e1tico y pasa a gobernar por decreto.<\/p>\n\n\n\n<p>1965.- Los dos primeros batallones de marines estadounidenses llegan a Vietnam del Sur para intervenir en las acciones militares de la guerra contra Vietnam del Norte.<\/p>\n\n\n\n<p>1971.- Muhammad Ali (Cassius Clay) pierde por puntos ante el campe\u00f3n del mundo de boxeo de los pesos pesados Joe Frazier, en la denominada \u2018pelea del siglo\u2019, celebrada en Nueva York.<\/p>\n\n\n\n<p>1975.- La ONU comienza a celebrar el 8 de marzo como D\u00eda Internacional de la Mujer.<\/p>\n\n\n\n<p>1983.- IBM lanza al mercado el IBM Personal Computer XT, sucesor del IBM PC original.<\/p>\n\n\n\n<p>1990.- La organizaci\u00f3n guerrillera Movimiento 19 de abril (M-19) entrega las armas en su campamento de Santo Domingo (Cauca) y se convierte en el primer grupo armado en desmovilizarse en Colombia.<\/p>\n\n\n\n<p>2001.- La Corte de Apelaciones de Chile rebaj\u00f3 la calificaci\u00f3n del delito imputado al exdictador Auguto Pinochet y ser\u00e1 procesado como encubridor y no como autor de violaciones de los derechos humanos.<\/p>\n\n\n\n<p>2004.- Los gobernantes iraqu\u00edes designados por EEUU ratifican la Constituci\u00f3n provisional que debe regir en su pa\u00eds hasta que haya una autoridad elegida.<\/p>\n\n\n\n<p>2007.- El exdictador Reynaldo Bignone, \u00faltimo presidente del r\u00e9gimen militar argentino (1976-1983), es detenido por delitos de lesa humanidad.<\/p>\n\n\n\n<p>2013.- Nicol\u00e1s Maduro presta juramento como presidente encargado de Venezuela tras el fallecimiento del mandatario Hugo Ch\u00e1vez.<\/p>\n\n\n\n<p>2014.- Un avi\u00f3n de Malaysia Airlines, con 239 personas a bordo, desaparece en el Oc\u00e9ano \u00cdndico tras despegar en Kuala Lumpur (Malasia) con destino a Pek\u00edn (China).<\/p>\n\n\n\n<p>2021.- Anuladas todas las sentencias de c\u00e1rcel dictadas en primera instancia contra el expresidente brasile\u00f1o Lula da Silva.<\/p>\n\n\n\n<p>2022.- EEUU proh\u00edbe importar petr\u00f3leo y gas de Rusia.<\/p>\n\n\n\n<p><strong>Nacimientos<\/strong><\/p>\n\n\n\n<p>1748.- Guillermo V de Orange-Nassau, arist\u00f3crata neerland\u00e9s.<\/p>\n\n\n\n<p>1841.- Valent\u00edn Almirall, pol\u00edtico y periodista espa\u00f1ol.<\/p>\n\n\n\n<p>1897.- Josep Pla, escritor espa\u00f1ol.<\/p>\n\n\n\n<p>1909.- Beatrice Shilling, ingeniera aeron\u00e1utica y piloto de motos brit\u00e1nica.<\/p>\n\n\n\n<p>1917.- Ernst von Glasersfeld, fil\u00f3sofo alem\u00e1n.<\/p>\n\n\n\n<p>1921.- Josefina Aldecoa, escritora y pedagoga espa\u00f1ola.<\/p>\n\n\n\n<p>1922.- Ralph Baer, ingeniero germano-estadounidense, padre de los videojuegos.<\/p>\n\n\n\n<p>1926.- Francisco Rabal, actor espa\u00f1ol.<\/p>\n\n\n\n<p>1943.- Lynn Redgrave, actriz estadounidense.<\/p>\n\n\n\n<p>1946.- Jos\u00e9 Manuel Lara Bosch, propietario del grupo editorial Planeta.<\/p>\n\n\n\n<p>1947.- Florentino P\u00e9rez, empresario y presidente del Real Madrid.<\/p>\n\n\n\n<p>1941.- Palito Ortega, cantante argentino.<\/p>\n\n\n\n<p>1958.- Gary Newman, m\u00fasico brit\u00e1nico.<\/p>\n\n\n\n<p>1956.- Laurie Cunningham, futbolista brit\u00e1nico.<\/p>\n\n\n\n<p>1963.- Silvia Mars\u00f3, actriz espa\u00f1ola.<\/p>\n\n\n\n<p>1974.- Carlos Baute, cantante venezolano.<\/p>\n\n\n\n<p>1979.- Tom Chaplin, cantante brit\u00e1nico, de la banda Keane.<\/p>\n\n\n\n<p>1985.- Ewa Sonnet, cantante y modelo polaca.<\/p>\n\n\n\n<p>1992.- Charlie Ray, actriz estadounidense.<\/p>\n\n\n\n<p>1995.- Keita Bald\u00e9, futbolista senegal\u00e9s.<\/p>\n\n\n\n<p>1996.- Quinn Wilde, actriz pornogr\u00e1fica y modelo estadounidense.<\/p>\n\n\n\n<p>2000.- Jonas David, futbolista alem\u00e1n.<\/p>\n\n\n\n<p><strong>Defunciones<\/strong><\/p>\n\n\n\n<p>1126.- Urraca, Reina de Le\u00f3n, sucesora de Alfonso VI.<\/p>\n\n\n\n<p>1702.- Guillermo III de Orange, rey brit\u00e1nico.<\/p>\n\n\n\n<p>1844.- Carlos XIV, rey de Suecia.<\/p>\n\n\n\n<p>1869.- Hector Berlioz, compositor franc\u00e9s.<\/p>\n\n\n\n<p>1888.- Guillermo I, emperador alem\u00e1n.<\/p>\n\n\n\n<p>1917.- Ferdinand von Zeppelin, piloto alem\u00e1n, inventor del dirigible que lleva su nombre.<\/p>\n\n\n\n<p>1961.- Thomas Beecham, director de orquesta, m\u00fasico y empresario brit\u00e1nico.<\/p>\n\n\n\n<p>1971.- Harold Lloyd, actor c\u00f3mico estadounidense.<\/p>\n\n\n\n<p>1975.- George Stevens, cineasta estadounidense.<\/p>\n\n\n\n<p>1983.- Chabuca Granda, cantante peruana, autora de \u00abLa flor de la canela\u00bb.<\/p>\n\n\n\n<p>1999.- Adolfo Bioy Casares, escritor argentino.<\/p>\n\n\n\n<p>2016.- George Martin, productor musical brit\u00e1nico de The Beatles.<\/p>\n\n\n\n<p>2020.- Luis Racionero, escritor espa\u00f1ol.<\/p>\n","protected":false},"excerpt":{"rendered":"<p>Un d\u00eda 8 de marzo como hoy, pero de 1908, un incendio en una f\u00e1brica textil de Nueva York provoca la muerte de 129 mujeres trabajadoras en huelga cuando estaban encerradas por los propietarios de la compa\u00f1\u00eda. Fue declarado D\u00eda Internacional de la Mujer Trabajadora y actualmente es el D\u00eda Internacional de la Mujer. Otras [&hellip;]<\/p>\n","protected":false},"author":6,"featured_media":54781,"comment_status":"closed","ping_status":"closed","sticky":false,"template":"","format":"standard","meta":{"_acf_changed":false,"_monsterinsights_skip_tracking":false,"_monsterinsights_sitenote_active":false,"_monsterinsights_sitenote_note":"","_monsterinsights_sitenote_category":0,"slim_seo":{"title":"Efem\u00e9rides 8 de marzo - Opini\u00f3n P\u00fablica","description":"Un d\u00eda 8 de marzo como hoy, pero de 1908, un incendio en una f\u00e1brica textil de Nueva York provoca la muerte de 129 mujeres trabajadoras en huelga cuando estaban"},"footnotes":""},"categories":[27],"tags":[],"class_list":["post-54780","post","type-post","status-publish","format-standard","has-post-thumbnail","hentry","category-un-dia-como-hoy"],"acf":[],"_links":{"self":[{"href":"https:\/\/www.opinionpublica.tv\/portada\/wp-json\/wp\/v2\/posts\/54780","targetHints":{"allow":["GET"]}}],"collection":[{"href":"https:\/\/www.opinionpublica.tv\/portada\/wp-json\/wp\/v2\/posts"}],"about":[{"href":"https:\/\/www.opinionpublica.tv\/portada\/wp-json\/wp\/v2\/types\/post"}],"author":[{"embeddable":true,"href":"https:\/\/www.opinionpublica.tv\/portada\/wp-json\/wp\/v2\/users\/6"}],"replies":[{"embeddable":true,"href":"https:\/\/www.opinionpublica.tv\/portada\/wp-json\/wp\/v2\/comments?post=54780"}],"version-history":[{"count":1,"href":"https:\/\/www.opinionpublica.tv\/portada\/wp-json\/wp\/v2\/posts\/54780\/revisions"}],"predecessor-version":[{"id":54782,"href":"https:\/\/www.opinionpublica.tv\/portada\/wp-json\/wp\/v2\/posts\/54780\/revisions\/54782"}],"wp:featuredmedia":[{"embeddable":true,"href":"https:\/\/www.opinionpublica.tv\/portada\/wp-json\/wp\/v2\/media\/54781"}],"wp:attachment":[{"href":"https:\/\/www.opinionpublica.tv\/portada\/wp-json\/wp\/v2\/media?parent=54780"}],"wp:term":[{"taxonomy":"category","embeddable":true,"href":"https:\/\/www.opinionpublica.tv\/portada\/wp-json\/wp\/v2\/categories?post=54780"},{"taxonomy":"post_tag","embeddable":true,"href":"https:\/\/www.opinionpublica.tv\/portada\/wp-json\/wp\/v2\/tags?post=54780"}],"curies":[{"name":"wp","href":"https:\/\/api.w.org\/{rel}","templated":true}]}}