{"id":54340,"date":"2025-03-01T00:50:08","date_gmt":"2025-03-01T07:50:08","guid":{"rendered":"https:\/\/www.opinionpublica.tv\/portada\/?p=54340"},"modified":"2025-03-01T00:50:09","modified_gmt":"2025-03-01T07:50:09","slug":"encienden-la-x-por-el-dia-internacional-de-las-enfermedades-raras","status":"publish","type":"post","link":"https:\/\/www.opinionpublica.tv\/portada\/encienden-la-x-por-el-dia-internacional-de-las-enfermedades-raras\/","title":{"rendered":"Encienden la \u201cX\u201d por el D\u00eda Internacional de las Enfermedades Raras"},"content":{"rendered":"\n<figure class=\"wp-block-image size-large\"><img fetchpriority=\"high\" decoding=\"async\" width=\"1024\" height=\"682\" src=\"https:\/\/www.opinionpublica.tv\/portada\/wp-content\/uploads\/2025\/03\/Encienden-la-X-por-el-Dia-Internacional-de-las-Enfermedades-Raras-1024x682.jpeg\" alt=\"Encienden La \u201cx\u201d Por El D\u00eda Internacional De Las Enfermedades Raras\" class=\"wp-image-54341\" srcset=\"https:\/\/www.opinionpublica.tv\/portada\/wp-content\/uploads\/2025\/03\/Encienden-la-X-por-el-Dia-Internacional-de-las-Enfermedades-Raras-1024x682.jpeg 1024w, https:\/\/www.opinionpublica.tv\/portada\/wp-content\/uploads\/2025\/03\/Encienden-la-X-por-el-Dia-Internacional-de-las-Enfermedades-Raras-300x200.jpeg 300w, https:\/\/www.opinionpublica.tv\/portada\/wp-content\/uploads\/2025\/03\/Encienden-la-X-por-el-Dia-Internacional-de-las-Enfermedades-Raras-768x512.jpeg 768w, https:\/\/www.opinionpublica.tv\/portada\/wp-content\/uploads\/2025\/03\/Encienden-la-X-por-el-Dia-Internacional-de-las-Enfermedades-Raras-1536x1023.jpeg 1536w, https:\/\/www.opinionpublica.tv\/portada\/wp-content\/uploads\/2025\/03\/Encienden-la-X-por-el-Dia-Internacional-de-las-Enfermedades-Raras.jpeg 1600w\" sizes=\"(max-width: 1024px) 100vw, 1024px\" \/><\/figure>\n\n\n\n<p class=\"wp-block-paragraph\">Con motivo del D\u00eda Mundial de las Enfermedades Raras, instituido este a\u00f1o para el 28 de febrero, la X se ilumin\u00f3 de colores.<\/p>\n\n\n\n<p class=\"wp-block-paragraph\">El Presidente Municipal, Cruz P\u00e9rez Cu\u00e9llar, encabez\u00f3 el evento, efectuado tambi\u00e9n en el parque de Las Lilas ubicado en la Heroico Colegio Militar.<\/p>\n\n\n\n<p class=\"wp-block-paragraph\">\u00abAgradezco por esta invitaci\u00f3n, a todos pero principalmente a Edith Tejeda, presidenta de la Asociaci\u00f3n, Raras pero no Invisibles\u00bb, agreg\u00f3.<\/p>\n\n\n\n<p class=\"wp-block-paragraph\">\u00abReconozco el esfuerzo que est\u00e1n haciendo, es mucho m\u00e1s complejo, por lo mismo de las enfermedades raras y es muy dif\u00edcil lograr una comunidad\u00bb, dijo.<\/p>\n\n\n\n<p class=\"wp-block-paragraph\">Expres\u00f3 su reconocimiento por todos aquellos que est\u00e1n dando est\u00e1 batalla, principalmente a cada uno de los padres.<\/p>\n\n\n\n<p class=\"wp-block-paragraph\">\u00abNo es tan f\u00e1cil poder organizarse e ir generando conciencia, se los reconozco y en lo que el Gobierno Municipal pueda contribuir, cuenten con nosotros\u00bb, agreg\u00f3.<\/p>\n\n\n\n<p class=\"wp-block-paragraph\">Edith Tejeda, presidenta de la asociaci\u00f3n agradeci\u00f3 a todos los que acudieron al encendido.<\/p>\n\n\n\n<p class=\"wp-block-paragraph\">\u00abEstamos aqu\u00ed reunidos para conmemorar el D\u00eda Internacional de las Enfermedades Raras con el encendido de la \u00abX\u00bb, dijo.<\/p>\n\n\n\n<p class=\"wp-block-paragraph\">Mencion\u00f3 que una enfermedad rara se considera en una incidencia de cinco personas por cada 10 mil en el mundo.<\/p>\n\n\n\n<p class=\"wp-block-paragraph\">\u00abEn este grupo, luchamos por hacer conciencia de la importancia por la inclusi\u00f3n, de los tratamientos y diagnosticos m\u00e9dicos, por eso estamos es d\u00eda aqu\u00ed reunidos\u00bb, se\u00f1al\u00f3.<\/p>\n\n\n\n<p class=\"wp-block-paragraph\">En el evento estuvieron Gibran Sol\u00eds, director de Limpia; Mayra Ch\u00e1vez, delegada de los programas del Bienestar; Carlos Mario M\u00e9ndez, m\u00e9dico coordinador de Pediatr\u00eda en Ciudad Ju\u00e1rez y Pedro Rodr\u00edguez, m\u00e9dico genetista del Hospital Infantil de Especialidades.<\/p>\n\n\n\n<p class=\"wp-block-paragraph\">Este encendido se llev\u00f3 a cabo con el motivo de generar conciencia sobre estos padecimientos poco comunes, por lo que se hizo un encendido especial de luces en los colores rosa, verde, morado y azul.<\/p>\n","protected":false},"excerpt":{"rendered":"<p>Con motivo del D\u00eda Mundial de las Enfermedades Raras, instituido este a\u00f1o para el 28 de febrero, la X se ilumin\u00f3 de colores. El Presidente Municipal, Cruz P\u00e9rez Cu\u00e9llar, encabez\u00f3 el evento, efectuado tambi\u00e9n en el parque de Las Lilas ubicado en la Heroico Colegio Militar. \u00abAgradezco por esta invitaci\u00f3n, a todos pero principalmente a [&hellip;]<\/p>\n","protected":false},"author":6,"featured_media":54341,"comment_status":"closed","ping_status":"open","sticky":false,"template":"","format":"standard","meta":{"_acf_changed":false,"_monsterinsights_skip_tracking":false,"slim_seo":{"title":"Encienden la \u201cX\u201d por el D\u00eda Internacional de las Enfermedades Raras - Opini\u00f3n P\u00fablica","description":"Con motivo del D\u00eda Mundial de las Enfermedades Raras, instituido este a\u00f1o para el 28 de febrero, la X se ilumin\u00f3 de colores. El Presidente Municipal, Cruz P\u00e9rez"},"footnotes":""},"categories":[41],"tags":[],"class_list":["post-54340","post","type-post","status-publish","format-standard","has-post-thumbnail","hentry","category-juarez"],"acf":[],"_links":{"self":[{"href":"https:\/\/www.opinionpublica.tv\/portada\/wp-json\/wp\/v2\/posts\/54340","targetHints":{"allow":["GET"]}}],"collection":[{"href":"https:\/\/www.opinionpublica.tv\/portada\/wp-json\/wp\/v2\/posts"}],"about":[{"href":"https:\/\/www.opinionpublica.tv\/portada\/wp-json\/wp\/v2\/types\/post"}],"author":[{"embeddable":true,"href":"https:\/\/www.opinionpublica.tv\/portada\/wp-json\/wp\/v2\/users\/6"}],"replies":[{"embeddable":true,"href":"https:\/\/www.opinionpublica.tv\/portada\/wp-json\/wp\/v2\/comments?post=54340"}],"version-history":[{"count":2,"href":"https:\/\/www.opinionpublica.tv\/portada\/wp-json\/wp\/v2\/posts\/54340\/revisions"}],"predecessor-version":[{"id":54343,"href":"https:\/\/www.opinionpublica.tv\/portada\/wp-json\/wp\/v2\/posts\/54340\/revisions\/54343"}],"wp:featuredmedia":[{"embeddable":true,"href":"https:\/\/www.opinionpublica.tv\/portada\/wp-json\/wp\/v2\/media\/54341"}],"wp:attachment":[{"href":"https:\/\/www.opinionpublica.tv\/portada\/wp-json\/wp\/v2\/media?parent=54340"}],"wp:term":[{"taxonomy":"category","embeddable":true,"href":"https:\/\/www.opinionpublica.tv\/portada\/wp-json\/wp\/v2\/categories?post=54340"},{"taxonomy":"post_tag","embeddable":true,"href":"https:\/\/www.opinionpublica.tv\/portada\/wp-json\/wp\/v2\/tags?post=54340"}],"curies":[{"name":"wp","href":"https:\/\/api.w.org\/{rel}","templated":true}]}}