{"id":54320,"date":"2025-03-01T00:01:00","date_gmt":"2025-03-01T07:01:00","guid":{"rendered":"https:\/\/www.opinionpublica.tv\/portada\/?p=54320"},"modified":"2025-02-28T22:16:35","modified_gmt":"2025-03-01T05:16:35","slug":"el-libro-de-la-semana-historia-de-roma-contada-para-escepticos-de-juan-eslava-galan","status":"publish","type":"post","link":"https:\/\/www.opinionpublica.tv\/portada\/el-libro-de-la-semana-historia-de-roma-contada-para-escepticos-de-juan-eslava-galan\/","title":{"rendered":"El Libro de la Semana: Historia de Roma contada para esc\u00e9pticos, de Juan Eslava Gal\u00e1n"},"content":{"rendered":"\n<div class=\"wp-block-columns is-layout-flex wp-container-core-columns-is-layout-7387b849 wp-block-columns-is-layout-flex\">\n<div class=\"wp-block-column is-layout-flow wp-block-column-is-layout-flow\">\n<p class=\"wp-block-paragraph\">Si alguna vez te has sentido intimidado por los tochos acad\u00e9micos sobre Roma o piensas que la historia antigua es un rollo, Juan Eslava Gal\u00e1n tiene la cura perfecta: <strong>\u00abHistoria de Roma contada para esc\u00e9pticos\u00bb<\/strong>. En este libro, el escritor andaluz \u2013que ya nos ha acostumbrado a su estilo desenfadado en otras \u00abhistorias para esc\u00e9pticos\u00bb\u2013 nos lleva de la mano por el auge y la ca\u00edda del mayor imperio de la antig\u00fcedad con un enfoque tan entretenido que ni te dar\u00e1s cuenta de que est\u00e1s aprendiendo.<\/p>\n<\/div>\n\n\n\n<div class=\"wp-block-column is-layout-flow wp-block-column-is-layout-flow\">\n<figure class=\"wp-block-image size-large\"><img fetchpriority=\"high\" decoding=\"async\" width=\"674\" height=\"1024\" src=\"https:\/\/www.opinionpublica.tv\/portada\/wp-content\/uploads\/2025\/02\/Historia-de-Roma-contada-para-escepticos-674x1024.jpg\" alt=\"Historia De Roma Contada Para Esc\u00e9pticos\" class=\"wp-image-54321\" srcset=\"https:\/\/www.opinionpublica.tv\/portada\/wp-content\/uploads\/2025\/02\/Historia-de-Roma-contada-para-escepticos-674x1024.jpg 674w, https:\/\/www.opinionpublica.tv\/portada\/wp-content\/uploads\/2025\/02\/Historia-de-Roma-contada-para-escepticos-197x300.jpg 197w, https:\/\/www.opinionpublica.tv\/portada\/wp-content\/uploads\/2025\/02\/Historia-de-Roma-contada-para-escepticos-768x1167.jpg 768w, https:\/\/www.opinionpublica.tv\/portada\/wp-content\/uploads\/2025\/02\/Historia-de-Roma-contada-para-escepticos.jpg 987w\" sizes=\"(max-width: 674px) 100vw, 674px\" \/><\/figure>\n<\/div>\n<\/div>\n\n\n\n<h3 class=\"wp-block-heading\"><strong>Una Roma sin toga ni m\u00e1rmol\u2026 o al menos no tanto<\/strong><\/h3>\n\n\n\n<p class=\"wp-block-paragraph\">Lo primero que salta a la vista es que Eslava Gal\u00e1n se aleja del t\u00edpico relato solemne y mitificado de Roma. Aqu\u00ed no hay glorificaci\u00f3n ciega de emperadores, ni discursos rimbombantes sobre la \u00abgrandeza\u00bb de la civilizaci\u00f3n romana. En cambio, el autor nos ofrece una visi\u00f3n m\u00e1s humana y realista: s\u00ed, Roma conquist\u00f3 medio mundo, pero tambi\u00e9n ten\u00eda sus chanchullos pol\u00edticos, emperadores estrafalarios y un nivel de corrupci\u00f3n que har\u00eda palidecer a cualquier gobierno moderno.<\/p>\n\n\n\n<p class=\"wp-block-paragraph\">El libro est\u00e1 lleno de an\u00e9cdotas fascinantes, desde la extravagancia de Ner\u00f3n hasta los chismes de las familias patricias, sin olvidar el d\u00eda a d\u00eda de los ciudadanos comunes, que muchas veces viv\u00edan en condiciones bastante miserables. Y todo contado con ese toque de iron\u00eda y sentido del humor tan caracter\u00edstico de Eslava Gal\u00e1n.<\/p>\n\n\n\n<h3 class=\"wp-block-heading\"><strong>Historia y humor: la mezcla perfecta<\/strong><\/h3>\n\n\n\n<p class=\"wp-block-paragraph\">Una de las grandes virtudes del libro es que nunca se hace pesado. Eslava Gal\u00e1n sabe cu\u00e1ndo meter un chiste, cu\u00e1ndo hacer una comparaci\u00f3n con la actualidad y cu\u00e1ndo detenerse en una historia particularmente jugosa. No se trata de un ensayo denso ni de un manual de fechas y batallas, sino de una narraci\u00f3n fluida y amena que te hace querer seguir leyendo.<\/p>\n\n\n\n<p class=\"wp-block-paragraph\">Adem\u00e1s, el autor desmonta varios mitos sobre Roma. Por ejemplo, explica que la ca\u00edda del Imperio no fue un evento repentino, sino un proceso gradual lleno de luchas internas, barbarie y decadencia (s\u00ed, como en \u00abGladiador\u00bb, pero sin tanto glamour). Tambi\u00e9n nos recuerda que muchas de las cosas que atribuimos a los romanos (como la frase \u00abAve, C\u00e9sar, los que van a morir te saludan\u00bb) en realidad son invenciones modernas.<\/p>\n\n\n\n<h3 class=\"wp-block-heading\"><strong>\u00bfPara qui\u00e9n es este libro?<\/strong><\/h3>\n\n\n\n<p class=\"wp-block-paragraph\">Si te interesa la historia pero no quieres sentir que est\u00e1s leyendo un manual de universidad, este libro es para ti. Si te encantan las an\u00e9cdotas y los detalles curiosos, tambi\u00e9n. Y si simplemente quieres pasar un buen rato mientras aprendes sobre Roma sin esfuerzo, entonces este libro es una apuesta segura.<\/p>\n\n\n\n<p class=\"wp-block-paragraph\">En definitiva, <strong>\u00abHistoria de Roma contada para esc\u00e9pticos\u00bb<\/strong> es una lectura divertida, \u00e1gil y llena de informaci\u00f3n interesante. Con un estilo accesible y sin perder el rigor hist\u00f3rico, Eslava Gal\u00e1n logra que el lector se sumerja en la grandeza y las miserias de Roma sin necesidad de ser un experto en la materia. <strong>Si alguna vez quisiste entender por qu\u00e9 seguimos hablando de los romanos dos mil a\u00f1os despu\u00e9s, este es el libro ideal para hacerlo.<\/strong><\/p>\n","protected":false},"excerpt":{"rendered":"<p>Si alguna vez te has sentido intimidado por los tochos acad\u00e9micos sobre Roma o piensas que la historia antigua es un rollo, Juan Eslava Gal\u00e1n tiene la cura perfecta: \u00abHistoria de Roma contada para esc\u00e9pticos\u00bb. En este libro, el escritor andaluz \u2013que ya nos ha acostumbrado a su estilo desenfadado en otras \u00abhistorias para esc\u00e9pticos\u00bb\u2013 [&hellip;]<\/p>\n","protected":false},"author":1,"featured_media":54321,"comment_status":"open","ping_status":"open","sticky":false,"template":"","format":"standard","meta":{"_acf_changed":false,"_monsterinsights_skip_tracking":false,"slim_seo":{"title":"El Libro de la Semana: Historia de Roma contada para esc\u00e9pticos, de Juan Eslava Gal\u00e1n - Opini\u00f3n P\u00fablica","description":"Si alguna vez te has sentido intimidado por los tochos acad\u00e9micos sobre Roma o piensas que la historia antigua es un rollo, Juan Eslava Gal\u00e1n tiene la cura perf"},"footnotes":""},"categories":[1007],"tags":[],"class_list":["post-54320","post","type-post","status-publish","format-standard","has-post-thumbnail","hentry","category-el-libro-de-la-semana"],"acf":[],"_links":{"self":[{"href":"https:\/\/www.opinionpublica.tv\/portada\/wp-json\/wp\/v2\/posts\/54320","targetHints":{"allow":["GET"]}}],"collection":[{"href":"https:\/\/www.opinionpublica.tv\/portada\/wp-json\/wp\/v2\/posts"}],"about":[{"href":"https:\/\/www.opinionpublica.tv\/portada\/wp-json\/wp\/v2\/types\/post"}],"author":[{"embeddable":true,"href":"https:\/\/www.opinionpublica.tv\/portada\/wp-json\/wp\/v2\/users\/1"}],"replies":[{"embeddable":true,"href":"https:\/\/www.opinionpublica.tv\/portada\/wp-json\/wp\/v2\/comments?post=54320"}],"version-history":[{"count":2,"href":"https:\/\/www.opinionpublica.tv\/portada\/wp-json\/wp\/v2\/posts\/54320\/revisions"}],"predecessor-version":[{"id":54323,"href":"https:\/\/www.opinionpublica.tv\/portada\/wp-json\/wp\/v2\/posts\/54320\/revisions\/54323"}],"wp:featuredmedia":[{"embeddable":true,"href":"https:\/\/www.opinionpublica.tv\/portada\/wp-json\/wp\/v2\/media\/54321"}],"wp:attachment":[{"href":"https:\/\/www.opinionpublica.tv\/portada\/wp-json\/wp\/v2\/media?parent=54320"}],"wp:term":[{"taxonomy":"category","embeddable":true,"href":"https:\/\/www.opinionpublica.tv\/portada\/wp-json\/wp\/v2\/categories?post=54320"},{"taxonomy":"post_tag","embeddable":true,"href":"https:\/\/www.opinionpublica.tv\/portada\/wp-json\/wp\/v2\/tags?post=54320"}],"curies":[{"name":"wp","href":"https:\/\/api.w.org\/{rel}","templated":true}]}}